{"id":39366,"date":"2023-12-01T03:04:12","date_gmt":"2023-12-01T03:04:12","guid":{"rendered":"https:\/\/puntoapunto.com.ar\/?p=354037"},"modified":"2023-12-01T03:04:12","modified_gmt":"2023-12-01T03:04:12","slug":"schiaretti-se-despidio-del-circulo-rojo-disparo-contra-el-kirchnerismo-y-apoyo-a-milei","status":"publish","type":"post","link":"http:\/\/nuevacordoba.net\/index.php\/2023\/12\/01\/schiaretti-se-despidio-del-circulo-rojo-disparo-contra-el-kirchnerismo-y-apoyo-a-milei\/","title":{"rendered":"Schiaretti se despidi\u00f3 del c\u00edrculo rojo: dispar\u00f3 contra el kirchnerismo y apoy\u00f3 a Milei"},"content":{"rendered":"<div class=\"g g-36\">\n<div class=\"g-dyn a-29 c-1\"><a class=\"gofollow\" data-track=\"MjksMzYsMSw2MA==\" href=\"https:\/\/www.harmoniechateau.com.ar\/\" target=\"_blank\" rel=\"noopener\"><img class=\"lazyload\" src=\"http:\/\/nuevacordoba.net\/wp-content\/uploads\/2023\/12\/schiaretti-se-despidio-del-circulo-rojo-disparo-contra-el-kirchnerismo-y-apoyo-a-milei.jpg\"><\/a><\/div>\n<\/div>\n<p>&nbsp;\n<\/p>\n<p>El excandidato a presidente y gobernador saliente de C\u00f3rdoba, <strong>Juan Schiaretti<\/strong>, empez\u00f3 a despedirse de los cordobeses a d\u00edas de entregar el poder a su sucesor, <strong>Mart\u00edn Llaryora. <\/strong>Y lo hizo en uno de los entornos que m\u00e1s c\u00f3modo le queda:<strong> en la<a href=\"https:\/\/www.bolsacba.com.ar\/\" target=\"_blank\" rel=\"noopener\"> Bolsa de Comercio<\/a> frente al empresariado cordob\u00e9s.<\/strong>\n<\/p>\n<p>En su \u00faltimo discurso como mandatario provincial ante empresarios del circulo rojo, Schiaretti repas\u00f3 los \u00faltimos 8 a\u00f1os de su gesti\u00f3n con duros cuestionamientos al gobierno kirchnerista. Tambi\u00e9n analiz\u00f3 lo que viene a nivel nacional con la gesti\u00f3n de <a href=\"https:\/\/puntoapunto.com.ar\/gabinete-milei-las-bajas-y-los-nombres-confirmados-por-ahora\/\" target=\"_blank\" rel=\"noopener\">Javier Milei<\/a> y asegur\u00f3 que<strong> \u00abquiere que le vaya bien\u00bb y que est\u00e1 dispuesto a ayudarlo.<\/strong>\n<\/p>\n<div class=\"container undefined\" readability=\"12.5\">\n<div class=\"clearfix\" readability=\"50.5\">\n<p>Al inicio de su discurso, Schiaretti manifest\u00f3: \u201cpara nosotros es clave, y me escucharon en la campa\u00f1a, la necesidad de tener equilibrio. <strong>Las sociedades progresan si no se gasta m\u00e1s de lo que entra.<\/strong> <strong>Argentina no tendr\u00e1 salida si no tiene equilibrio fiscal,<\/strong> que es el principio rector. Lo monetario es consecuencia del equilibrio fiscal\u201d, y agreg\u00f3:<strong> \u201ccelebro que Milei hable del equilibrio fiscal como la piedra basal de un pa\u00eds\u201d.<\/strong><\/p>\n<div data-section=\"inicio\" data-name=\"Nota rectangle2\" data-google-query-id=\"CN3d1aC07IIDFTGwlQId4iMPvw\"><img loading=\"lazy\" decoding=\"async\" alt width=\"993\" height=\"662\" data-sizes=\"(max-width: 993px) 100vw, 993px\" class=\"aligncenter wp-image-354050 size-full lazyload\" src=\"http:\/\/nuevacordoba.net\/wp-content\/uploads\/2023\/12\/schiaretti-se-despidio-del-circulo-rojo-disparo-contra-el-kirchnerismo-y-apoyo-a-milei-1.jpg\" srcset=\"http:\/\/nuevacordoba.net\/wp-content\/uploads\/2023\/12\/schiaretti-se-despidio-del-circulo-rojo-disparo-contra-el-kirchnerismo-y-apoyo-a-milei-1.jpg 993w, http:\/\/nuevacordoba.net\/wp-content\/uploads\/2023\/12\/schiaretti-se-despidio-del-circulo-rojo-disparo-contra-el-kirchnerismo-y-apoyo-a-milei-3.jpg 300w, http:\/\/nuevacordoba.net\/wp-content\/uploads\/2023\/12\/schiaretti-se-despidio-del-circulo-rojo-disparo-contra-el-kirchnerismo-y-apoyo-a-milei-4.jpg 768w, http:\/\/nuevacordoba.net\/wp-content\/uploads\/2023\/12\/schiaretti-se-despidio-del-circulo-rojo-disparo-contra-el-kirchnerismo-y-apoyo-a-milei-5.jpg 750w\"><\/div>\n<p>Seguidamente hizo un repaso sobre la situaci\u00f3n econ\u00f3mica y financiera de la Provincia. Desatac\u00f3 que el ahorro corriente en los \u00faltimos 8 a\u00f1os fue de<strong><strong> US$ 7.489 millones (17,8% de los ingresos netos).<\/strong><\/strong><\/p>\n<div data-section=\"inicio\" data-name=\"Nota rectangle2\" data-google-query-id=\"CN3d1aC07IIDFTGwlQId4iMPvw\" readability=\"21\">\n<p data-mrf-recirculation=\"Links p\u00e1rrafos (art\u00edculo)\">\u201cA esos recursos, uno los destina o a inversi\u00f3n o a pagar la deuda que tiene\u201d, explic\u00f3. Adem\u00e1s, dijo que <strong>C\u00f3rdoba fue la provincia que \u201cm\u00e1s redujo impuestos\u201d<\/strong> comparando el promedio de 2022 contra 2017, con foco en Ingresos Brutos.\n<\/p>\n<p data-mrf-recirculation=\"Links p\u00e1rrafos (art\u00edculo)\">Pero advirti\u00f3 que el buen funcionamiento de las finanzas no quiere decir que haya \u201cun Estado ausente\u201d. Para eso, mostr\u00f3 el gasto social de su gesti\u00f3n, que pas\u00f3 de <strong>US$ 371,88 millones a US$ 888,65 millones el \u00faltimo a\u00f1o.<\/strong>\n<\/p>\n<\/div>\n<div data-section=\"inicio\" data-name=\"Nota rectangle2\" data-google-query-id=\"CN3d1aC07IIDFTGwlQId4iMPvw\" readability=\"50\">\n<p><strong>Obras p\u00fablicas<\/strong>\n<\/p>\n<p>Con respecto al&nbsp;<strong>destino del ahorro corriente<\/strong>, explic\u00f3 que el manejo de las finanzas permiti\u00f3 llevar adelante \u00abel <strong>mayor<\/strong>&nbsp;<strong>plan de obras p\u00fablicas de la historia de C\u00f3rdoba\u00bb<\/strong>, con una inversi\u00f3n de US$ 8.398 millones para el per\u00edodo 2016-2023; sin dejar de atender las distintas demandas propias del Estado provincial.\n<\/p>\n<p>Destac\u00f3, adem\u00e1s que el plan de obras p\u00fablicas \u00ablo hicimos los cordobeses con esfuerzo propio.<strong> Lo que puso Naci\u00f3n no llega a 400 millones de d\u00f3lares, ni el 4% (del total).<\/strong> Nosotros hicimos el plan de obras p\u00fablicas con el esfuerzo y la voluntad de los cordobeses sin que el Gobierno Nacional nos acompa\u00f1ara\u201d.\n<\/p>\n<p>\u201c<strong>Cuando escucho que hablan de que se va a parar las obras p\u00fablicas. \u00a1Las obras p\u00fablicas est\u00e1n paradas!<\/strong> En C\u00f3rdoba nunca hicieron obra p\u00fablica. Est\u00e1 parada desde hace meses la autopista desde San Francisco a C\u00f3rdoba. Es una verg\u00fcenza. \u00a1Ocho a\u00f1os hace que la Naci\u00f3n firm\u00f3, con Macri, que \u00edbamos a hacer esa autopista!\u201d, cuestion\u00f3.\n<\/p>\n<figure class=\"wp-block-image aligncenter size-full is-resized\"><img loading=\"lazy\" decoding=\"async\" alt width=\"993\" height=\"662\" data-sizes=\"(max-width: 993px) 100vw, 993px\" class=\"wp-image-578376 lazyload\" src=\"http:\/\/nuevacordoba.net\/wp-content\/uploads\/2023\/12\/schiaretti-se-despidio-del-circulo-rojo-disparo-contra-el-kirchnerismo-y-apoyo-a-milei-2.jpg\" srcset=\"http:\/\/nuevacordoba.net\/wp-content\/uploads\/2023\/12\/schiaretti-se-despidio-del-circulo-rojo-disparo-contra-el-kirchnerismo-y-apoyo-a-milei-2.jpg 993w, http:\/\/nuevacordoba.net\/wp-content\/uploads\/2023\/12\/schiaretti-se-despidio-del-circulo-rojo-disparo-contra-el-kirchnerismo-y-apoyo-a-milei-6.jpg 300w, http:\/\/nuevacordoba.net\/wp-content\/uploads\/2023\/12\/schiaretti-se-despidio-del-circulo-rojo-disparo-contra-el-kirchnerismo-y-apoyo-a-milei-7.jpg 768w\"><\/figure>\n<p><strong>Deuda p\u00fablica<\/strong>\n<\/p>\n<p>En cuanto a la&nbsp;<strong>deuda p\u00fablica<\/strong>, la Provincia cerrar\u00e1 el a\u00f1o con un<strong> stock de US$ 2.161 millones habiendo cancelado en el per\u00edodo 2019-2023, US$ 770 millones que equivalen al 26% de la deuda p\u00fablica<\/strong>. El stock de deuda de cierre equivale s\u00f3lo a 3,9 meses de ingresos corrientes.\n<\/p>\n<p data-mrf-recirculation=\"Links p\u00e1rrafos (art\u00edculo)\">\u201cQuedan m\u00e1s de 650 millones de d\u00f3lares en caja\u201d, adelant\u00f3 Schiaretti. \u201cY como la situaci\u00f3n va a ser dif\u00edcil, quiz\u00e1 lo vaya a usar el pr\u00f3ximo gobernador. Est\u00e1 garantizado para el a\u00f1o que viene, en lo que dejamos como saldo, el pago de los vencimientos\u201d, detall\u00f3.\n<\/p>\n<p data-mrf-recirculation=\"Links p\u00e1rrafos (art\u00edculo)\">\u201c\u00danicamente a N\u00e9stor Kirchner se le puede haber ocurrido, por hacerse el que quer\u00eda la patria soberana, cancelar una deuda del 3% con el FMI y tomar al 13% de Ch\u00e1vez. Quer\u00eda ser el campe\u00f3n del antiimperialismo y era un gran feudal, critic\u00f3 Schiaretti.\n<\/p>\n<\/div>\n<\/div>\n<\/div>\n<p><strong>La cr\u00edtica a los K y el mensaje a Milei<\/strong>\n<\/p>\n<p>Sobre el final de su discurso, Schiaretti volvi\u00f3 sobre Milei, para destacar que dijo que parar\u00e1 \u201cla fantochada\u201d del Juicio a la Corte. \u201cQue es la que<strong> nos salv\u00f3 de la \u2018Cristina eterna\u2019<\/strong>, con fallos memorables como fue anular la ley de mordaza a la prensa, o la reforma a la Justicia\u201d.<\/p>\n<p>Y ampli\u00f3: \u201cjam\u00e1s se nos ocurri\u00f3 espiar a nadie como esp\u00edan en la Naci\u00f3n, el gobierno kirchnerista y tambi\u00e9n Macri, y es una de las causas de la grieta; se dedicaron a espiarse, a meterse carpetazos y a querer manejar la justicia\u201d, indic\u00f3.\n<\/p>\n<p data-mrf-recirculation=\"Links p\u00e1rrafos (art\u00edculo)\">\u201c<strong>Ahora depende de si nosotros le damos gobernabilidad al nuevo presidente, Argentina deje atr\u00e1s este ciclo del kirchnerismo.<\/strong> Y depende tambi\u00e9n de si los peronistas somos capaces de construir un peronismo federal, democr\u00e1tico, republicano\u2026 un peronismo moderno para que el kirchnerismo no vuelva m\u00e1s a someter a la Argentina\u201d, resumi\u00f3, y agreg\u00f3: \u00abnosotros queremos que le vaya bien a Milei y estamos para ayudarlo. Jam\u00e1s le dir\u00eda que para ayudarlo le exijo algo a cambio\u201d.\n<\/p>\n<p data-mrf-recirculation=\"Links p\u00e1rrafos (art\u00edculo)\">\u201c<strong>Le deseo el mayor de los \u00e9xitos a Milei, porque su \u00e9xito significar\u00e1 que las familias argentinas van a vivir mejor\u201d<\/strong>, dese\u00f3.\n<\/p>\n<div class=\"g g-38\">\n<div class=\"g-dyn a-12 c-1\"><a class=\"gofollow\" data-track=\"MTIsMzgsMSw2MA==\" href=\"https:\/\/hospitalprivado.com.ar\/landing-trasplante.html\" target=\"_blank\" rel=\"noopener\"><img class=\"lazyload\" src=\"http:\/\/nuevacordoba.net\/wp-content\/uploads\/2023\/12\/schiaretti-se-despidio-del-circulo-rojo-disparo-contra-el-kirchnerismo-y-apoyo-a-milei.gif\"><\/a><\/div>\n<\/div>\n","protected":false},"excerpt":{"rendered":"<p>&nbsp; El excandidato a presidente y gobernador saliente de C\u00f3rdoba, Juan Schiaretti, empez\u00f3 a despedirse de los cordobeses a d\u00edas de entregar el poder a su sucesor, Mart\u00edn Llaryora. Y lo hizo en uno de los entornos que m\u00e1s c\u00f3modo le queda: en la Bolsa de Comercio frente al empresariado cordob\u00e9s. En su \u00faltimo discurso [&hellip;]<\/p>\n","protected":false},"author":1,"featured_media":39367,"comment_status":"open","ping_status":"closed","sticky":false,"template":"","format":"standard","meta":[],"categories":[14],"tags":[],"_links":{"self":[{"href":"http:\/\/nuevacordoba.net\/index.php\/wp-json\/wp\/v2\/posts\/39366"}],"collection":[{"href":"http:\/\/nuevacordoba.net\/index.php\/wp-json\/wp\/v2\/posts"}],"about":[{"href":"http:\/\/nuevacordoba.net\/index.php\/wp-json\/wp\/v2\/types\/post"}],"author":[{"embeddable":true,"href":"http:\/\/nuevacordoba.net\/index.php\/wp-json\/wp\/v2\/users\/1"}],"replies":[{"embeddable":true,"href":"http:\/\/nuevacordoba.net\/index.php\/wp-json\/wp\/v2\/comments?post=39366"}],"version-history":[{"count":0,"href":"http:\/\/nuevacordoba.net\/index.php\/wp-json\/wp\/v2\/posts\/39366\/revisions"}],"wp:featuredmedia":[{"embeddable":true,"href":"http:\/\/nuevacordoba.net\/index.php\/wp-json\/wp\/v2\/media\/39367"}],"wp:attachment":[{"href":"http:\/\/nuevacordoba.net\/index.php\/wp-json\/wp\/v2\/media?parent=39366"}],"wp:term":[{"taxonomy":"category","embeddable":true,"href":"http:\/\/nuevacordoba.net\/index.php\/wp-json\/wp\/v2\/categories?post=39366"},{"taxonomy":"post_tag","embeddable":true,"href":"http:\/\/nuevacordoba.net\/index.php\/wp-json\/wp\/v2\/tags?post=39366"}],"curies":[{"name":"wp","href":"https:\/\/api.w.org\/{rel}","templated":true}]}}