{"id":39392,"date":"2023-12-01T11:31:06","date_gmt":"2023-12-01T11:31:06","guid":{"rendered":"https:\/\/prensa.cba.gov.ar\/?p=578442"},"modified":"2023-12-01T11:31:06","modified_gmt":"2023-12-01T11:31:06","slug":"violencia-de-genero-la-provincia-adhirio-a-la-ley-nacional","status":"publish","type":"post","link":"http:\/\/nuevacordoba.net\/index.php\/2023\/12\/01\/violencia-de-genero-la-provincia-adhirio-a-la-ley-nacional\/","title":{"rendered":"Violencia de G\u00e9nero: la Provincia adhiri\u00f3 a la Ley nacional"},"content":{"rendered":"<ul>\n<li><strong>La normativa aprobada por la Unicameral, incorpora al Programa M\u00e9dico Obligatorio (PMO) coberturas preventivas y terap\u00e9uticas aplicadas a casos de violencia de g\u00e9nero.<\/strong><\/li>\n<li><strong>Tambi\u00e9n se aprob\u00f3 la creaci\u00f3n de nuevos juzgados de Conciliaci\u00f3n y Trabajo, con asiento en C\u00f3rdoba.<\/strong><\/li>\n<\/ul>\n<p>Otros de los temas tratados en la trig\u00e9sima s\u00e9ptima sesi\u00f3n ordinaria de la Legislatura, fue la aprobaci\u00f3n de la&nbsp;<strong>adhesi\u00f3n de C\u00f3rdoba a la Ley Nacional N\u00ba 27696, de Abordaje Integral de Personas V\u00edctimas de Violencia de G\u00e9nero.<\/strong><\/p>\n<p>La iniciativa surgi\u00f3 de la compatibilizaci\u00f3n de dos proyectos de similar tenor, estableciendo la&nbsp;<strong>incorporaci\u00f3n de un protocolo para el abordaje integral de personas v\u00edctimas de violencia de g\u00e9nero, el cual debe ser incluido en el Programa M\u00e9dico Obligatorio (PMO) de las obras sociales nacionales, a trav\u00e9s de la cobertura total e integral de las respectivas pr\u00e1cticas preventivas y terap\u00e9uticas aplicadas a esta problem\u00e1tica.<\/strong><\/p>\n<p>Seg\u00fan los argumentos de uno de las iniciativas,&nbsp;<em>\u201cdicha&nbsp;<\/em><a href=\"https:\/\/www.argentina.gob.ar\/normativa\/nacional\/ley-27696-374556#:~:text=LA%20PRESENTE%20LEY%20TIENE%20POR,LAS%20PRACTICAS%20PREVENTIVAS%20Y%20TERAPEUTICAS.\" target=\"_blank\" rel=\"noreferrer noopener\"><em>Ley Nacional<\/em><\/a><em>&nbsp;se erige como una estrategia necesaria y novedosa, que recoge el debate y los consensos para dar respuesta a un viejo problema que afecta a vastos sectores de la poblaci\u00f3n\u201d.<\/em><\/p>\n<p>En este sentido,&nbsp;<strong>Alejandra Piasco<\/strong>&nbsp;destac\u00f3 que&nbsp;<em>\u201ccon la adhesi\u00f3n de esta ley nos estamos ubicando a la altura de los nuevos paradigmas que nos exigen una atenci\u00f3n de la salud para las v\u00edctimas de violencia con perspectiva de g\u00e9nero\u201d,<\/em>&nbsp;expres\u00f3 la legisladora y presidenta de la Comisi\u00f3n de Equidad y Lucha contra la violencia de G\u00e9nero de la Unicameral.<\/p>\n<p>Por su parte, la legisladora&nbsp;<strong>Sara Garc\u00eda<\/strong>, una de las autoras de los proyectos en tratamiento, asegur\u00f3 que la adherencia de C\u00f3rdoba<em>&nbsp;\u201cviene a complementar el acceso integral de protecci\u00f3n desarrollado a partir de esta normativa nacional. Tratamos de elevar el piso de protecci\u00f3n establecido a nivel nacional y extenderlo al \u00e1mbito de los efectores de salud local\u201d<\/em>, indic\u00f3.<\/p>\n<figure class=\"wp-block-image size-full\"><img loading=\"lazy\" decoding=\"async\" width=\"990\" height=\"660\" src=\"http:\/\/nuevacordoba.net\/wp-content\/uploads\/2023\/12\/violencia-de-genero-la-provincia-adhirio-a-la-ley-nacional.jpg\" alt class=\"wp-image-578444\" srcset=\"http:\/\/nuevacordoba.net\/wp-content\/uploads\/2023\/12\/violencia-de-genero-la-provincia-adhirio-a-la-ley-nacional.jpg 990w, http:\/\/nuevacordoba.net\/wp-content\/uploads\/2023\/12\/violencia-de-genero-la-provincia-adhirio-a-la-ley-nacional-2.jpg 300w, http:\/\/nuevacordoba.net\/wp-content\/uploads\/2023\/12\/violencia-de-genero-la-provincia-adhirio-a-la-ley-nacional-3.jpg 768w\" sizes=\"(max-width: 990px) 100vw, 990px\"><\/figure>\n<p><em>\u201cEstamos convencidos de que este proyecto implica la adopci\u00f3n de una pol\u00edtica concreta en materia de protecci\u00f3n de los derechos de las v\u00edctimas de violencia. Seguramente es un paso m\u00e1s y hay mucho por hacer, pero entendemos que vamos por el camino correcto\u201d<\/em>, expres\u00f3 al cierre de su intervenci\u00f3n la legisladora Garc\u00eda.<\/p>\n<p>Por cuarenta y dos votos afirmativos, el proyecto se aprob\u00f3 por unanimidad en general y particular.<\/p>\n<h4 class=\"wp-block-heading\"><strong>Nuevos juzgados<\/strong><\/h4>\n<p>La C\u00e1mara tambi\u00e9n aprob\u00f3 la creaci\u00f3n de<strong>&nbsp;siete Juzgados de Conciliaci\u00f3n y Trabajo<\/strong>&nbsp;en la Primera Circunscripci\u00f3n Judicial, con asiento en la ciudad de C\u00f3rdoba, para dar respuesta a la ciudadan\u00eda y mejorar el servicio de justicia.<\/p>\n<p>Para argumentar la postura del bloque de la mayor\u00eda, la legisladora&nbsp;<strong>Julieta Rinaldi&nbsp;<\/strong>indic\u00f3 que el proyecto elevado por el Ejecutivo surge como&nbsp;<em>\u201cconsecuencia natural de la implementaci\u00f3n de la&nbsp;<\/em><a href=\"https:\/\/www.argentina.gob.ar\/normativa\/provincial\/ley-10596-123456789-0abc-defg-695-0100ovorpyel\/actualizacion\" target=\"_blank\" rel=\"noreferrer noopener\"><em>Ley 10.596 de modificaci\u00f3n del C\u00f3digo Procesal Laboral de C\u00f3rdoba<\/em><\/a><em>, donde se llev\u00f3 a cabo una transformaci\u00f3n trascendental y significativa de los procesos judiciales en materia laboral, al incorporar el denominado procedimiento declarativo abreviado con audiencia \u00fanica, de competencia de los jueces de conciliaci\u00f3n y trabajo\u201d.<\/em><\/p>\n<p>Los siete nuevos juzgados se suman a los 15 ya existentes, y ser\u00e1 el Tribunal Superior de Justicia quien podr\u00e1 adoptar las medidas de reorganizaci\u00f3n y redise\u00f1o funcional que resulten adecuadas en funci\u00f3n de las necesidades del servicio de justicia.<\/p>\n<figure class=\"wp-block-image size-full\"><img loading=\"lazy\" decoding=\"async\" width=\"990\" height=\"660\" src=\"http:\/\/nuevacordoba.net\/wp-content\/uploads\/2023\/12\/violencia-de-genero-la-provincia-adhirio-a-la-ley-nacional-1.jpg\" alt class=\"wp-image-578445\" srcset=\"http:\/\/nuevacordoba.net\/wp-content\/uploads\/2023\/12\/violencia-de-genero-la-provincia-adhirio-a-la-ley-nacional-1.jpg 990w, http:\/\/nuevacordoba.net\/wp-content\/uploads\/2023\/12\/violencia-de-genero-la-provincia-adhirio-a-la-ley-nacional-4.jpg 300w, http:\/\/nuevacordoba.net\/wp-content\/uploads\/2023\/12\/violencia-de-genero-la-provincia-adhirio-a-la-ley-nacional-5.jpg 768w\" sizes=\"(max-width: 990px) 100vw, 990px\"><\/figure>\n","protected":false},"excerpt":{"rendered":"<p>La normativa aprobada por la Unicameral, incorpora al Programa M\u00e9dico Obligatorio (PMO) coberturas preventivas y terap\u00e9uticas aplicadas a casos de violencia de g\u00e9nero. Tambi\u00e9n se aprob\u00f3 la creaci\u00f3n de nuevos juzgados de Conciliaci\u00f3n y Trabajo, con asiento en C\u00f3rdoba. Otros de los temas tratados en la trig\u00e9sima s\u00e9ptima sesi\u00f3n ordinaria de la Legislatura, fue la [&hellip;]<\/p>\n","protected":false},"author":1,"featured_media":39393,"comment_status":"closed","ping_status":"closed","sticky":false,"template":"","format":"standard","meta":[],"categories":[14],"tags":[],"_links":{"self":[{"href":"http:\/\/nuevacordoba.net\/index.php\/wp-json\/wp\/v2\/posts\/39392"}],"collection":[{"href":"http:\/\/nuevacordoba.net\/index.php\/wp-json\/wp\/v2\/posts"}],"about":[{"href":"http:\/\/nuevacordoba.net\/index.php\/wp-json\/wp\/v2\/types\/post"}],"author":[{"embeddable":true,"href":"http:\/\/nuevacordoba.net\/index.php\/wp-json\/wp\/v2\/users\/1"}],"replies":[{"embeddable":true,"href":"http:\/\/nuevacordoba.net\/index.php\/wp-json\/wp\/v2\/comments?post=39392"}],"version-history":[{"count":0,"href":"http:\/\/nuevacordoba.net\/index.php\/wp-json\/wp\/v2\/posts\/39392\/revisions"}],"wp:featuredmedia":[{"embeddable":true,"href":"http:\/\/nuevacordoba.net\/index.php\/wp-json\/wp\/v2\/media\/39393"}],"wp:attachment":[{"href":"http:\/\/nuevacordoba.net\/index.php\/wp-json\/wp\/v2\/media?parent=39392"}],"wp:term":[{"taxonomy":"category","embeddable":true,"href":"http:\/\/nuevacordoba.net\/index.php\/wp-json\/wp\/v2\/categories?post=39392"},{"taxonomy":"post_tag","embeddable":true,"href":"http:\/\/nuevacordoba.net\/index.php\/wp-json\/wp\/v2\/tags?post=39392"}],"curies":[{"name":"wp","href":"https:\/\/api.w.org\/{rel}","templated":true}]}}