{"id":39412,"date":"2023-12-01T21:29:16","date_gmt":"2023-12-01T21:29:16","guid":{"rendered":"http:\/\/cordobanewsnet.wordpress.com\/?p=8579"},"modified":"2023-12-01T21:29:16","modified_gmt":"2023-12-01T21:29:16","slug":"macri-felicito-a-bullrich-y-caputo-por-sus-designaciones-en-el-gabinete-de-milei","status":"publish","type":"post","link":"http:\/\/nuevacordoba.net\/index.php\/2023\/12\/01\/macri-felicito-a-bullrich-y-caputo-por-sus-designaciones-en-el-gabinete-de-milei\/","title":{"rendered":"Macri felicit\u00f3 a Bullrich y Caputo por sus designaciones en el gabinete de Milei"},"content":{"rendered":"<div class=\"post-content clear\" readability=\"45.136420525657\">\n<p>El expresidente Mauricio Macri se expres\u00f3 este viernes sobre la confirmaci\u00f3n de las designaciones de Patricia Bullrich y de Luis \u00abToto\u00bb Caputo, ambos exfuncionarios de su gobierno, como integrantes del gabinete de Javier Milei.<\/p>\n<p>\u00abPara llevar adelante el cambio que Argentina necesita y al elegir su primer equipo, me pone contento que Javier Milei cuente con la probada experiencia de Patricia Bullrich en el Ministerio de Seguridad y con la capacidad que demostr\u00f3 Toto Caputo en momentos muy dif\u00edciles de la econom\u00eda argentina\u00bb, escribi\u00f3 Macri.<\/p>\n<p>Y agreg\u00f3: \u00abLes deseo a ambos el mayor de los \u00e9xitos en este compromiso personal que asumen. El \u00e9xito de Javier Milei es lo que deseamos todos los argentinos de bien\u00bb.<\/p>\n<div id=\"jp-post-flair\" class=\"sharedaddy sd-like-enabled sd-sharing-enabled\">\n<div class=\"sharedaddy sd-sharing-enabled\">\n<div class=\"robots-nocontent sd-block sd-social sd-social-icon-text sd-sharing\">\n<h3 class=\"sd-title\">Share this:<\/h3>\n<\/div>\n<\/div>\n<div class=\"sharedaddy sd-block sd-like jetpack-likes-widget-wrapper jetpack-likes-widget-unloaded\" id=\"like-post-wrapper-143108178-8579-656ad6ed83d38\" data-src=\"\/\/widgets.wp.com\/likes\/index.html?ver=20231130#blog_id=143108178&amp;post_id=8579&amp;origin=cordobanewsnet.wordpress.com&amp;obj_id=143108178-8579-656ad6ed83d38&amp;n=1\" data-name=\"like-post-frame-143108178-8579-656ad6ed83d38\" data-title=\"Me gusta o Compartir\">\n<h3 class=\"sd-title\">Me gusta esto:<\/h3>\n<p><span class=\"button\"><span>Me gusta<\/span><\/span> <span class=\"loading\">Cargando&#8230;<\/span><\/p>\n<p><span class=\"sd-text-color\"><\/span><\/div>\n<p><h3 class=\"jp-relatedposts-headline\"><em>Relacionado<\/em><\/h3>\n<\/p>\n<\/div><\/div>\n<p><!--\/.post-content--> <\/p>\n<footer class=\"post-meta-container clear\" readability=\"0.3876404494382\">\n<div class=\"entry-author author-avatar-show\" readability=\"13.114754098361\">\n<div class=\"author-avatar\"> <img alt src=\"http:\/\/nuevacordoba.net\/wp-content\/uploads\/2023\/12\/macri-felicito-a-bullrich-y-caputo-por-sus-designaciones-en-el-gabinete-de-milei.png\" srcset=\"http:\/\/nuevacordoba.net\/wp-content\/uploads\/2023\/12\/macri-felicito-a-bullrich-y-caputo-por-sus-designaciones-en-el-gabinete-de-milei.png 1x, http:\/\/nuevacordoba.net\/wp-content\/uploads\/2023\/12\/macri-felicito-a-bullrich-y-caputo-por-sus-designaciones-en-el-gabinete-de-milei-1.png 1.5x, http:\/\/nuevacordoba.net\/wp-content\/uploads\/2023\/12\/macri-felicito-a-bullrich-y-caputo-por-sus-designaciones-en-el-gabinete-de-milei-2.png 2x, http:\/\/nuevacordoba.net\/wp-content\/uploads\/2023\/12\/macri-felicito-a-bullrich-y-caputo-por-sus-designaciones-en-el-gabinete-de-milei-3.png 3x, http:\/\/nuevacordoba.net\/wp-content\/uploads\/2023\/12\/macri-felicito-a-bullrich-y-caputo-por-sus-designaciones-en-el-gabinete-de-milei-4.png 4x\" class=\"avatar avatar-90\" height=\"90\" width=\"90\" loading=\"lazy\" decoding=\"async\"> <\/div>\n<p><!-- .author-avatar --> <\/p>\n<p><h2 class=\"author-title\">Publicado por <span class=\"author-name\">Redacci\u00f3n<\/span><\/h2>\n<\/p>\n<p><!-- .author-heading --> <\/p>\n<p class=\"author-bio\"> <a class=\"author-link\" href=\"https:\/\/cordobanewsnet.wordpress.com\/author\/prettomatias\/\" rel=\"author\"> Ver todas las entradas de Redacci\u00f3n <\/a> <\/p>\n<p><!-- .author-bio --> <\/div>\n<p><!-- .entry-auhtor --> <\/footer>\n<p> <!-- \/post-meta-container --> <!-- #respond --> <\/p>\n","protected":false},"excerpt":{"rendered":"<p>El expresidente Mauricio Macri se expres\u00f3 este viernes sobre la confirmaci\u00f3n de las designaciones de Patricia Bullrich y de Luis \u00abToto\u00bb Caputo, ambos exfuncionarios de su gobierno, como integrantes del gabinete de Javier Milei. \u00abPara llevar adelante el cambio que Argentina necesita y al elegir su primer equipo, me pone contento que Javier Milei cuente [&hellip;]<\/p>\n","protected":false},"author":1,"featured_media":39413,"comment_status":"closed","ping_status":"closed","sticky":false,"template":"","format":"standard","meta":[],"categories":[14],"tags":[],"_links":{"self":[{"href":"http:\/\/nuevacordoba.net\/index.php\/wp-json\/wp\/v2\/posts\/39412"}],"collection":[{"href":"http:\/\/nuevacordoba.net\/index.php\/wp-json\/wp\/v2\/posts"}],"about":[{"href":"http:\/\/nuevacordoba.net\/index.php\/wp-json\/wp\/v2\/types\/post"}],"author":[{"embeddable":true,"href":"http:\/\/nuevacordoba.net\/index.php\/wp-json\/wp\/v2\/users\/1"}],"replies":[{"embeddable":true,"href":"http:\/\/nuevacordoba.net\/index.php\/wp-json\/wp\/v2\/comments?post=39412"}],"version-history":[{"count":0,"href":"http:\/\/nuevacordoba.net\/index.php\/wp-json\/wp\/v2\/posts\/39412\/revisions"}],"wp:featuredmedia":[{"embeddable":true,"href":"http:\/\/nuevacordoba.net\/index.php\/wp-json\/wp\/v2\/media\/39413"}],"wp:attachment":[{"href":"http:\/\/nuevacordoba.net\/index.php\/wp-json\/wp\/v2\/media?parent=39412"}],"wp:term":[{"taxonomy":"category","embeddable":true,"href":"http:\/\/nuevacordoba.net\/index.php\/wp-json\/wp\/v2\/categories?post=39412"},{"taxonomy":"post_tag","embeddable":true,"href":"http:\/\/nuevacordoba.net\/index.php\/wp-json\/wp\/v2\/tags?post=39412"}],"curies":[{"name":"wp","href":"https:\/\/api.w.org\/{rel}","templated":true}]}}