{"id":39414,"date":"2023-12-02T09:37:22","date_gmt":"2023-12-02T09:37:22","guid":{"rendered":"http:\/\/nuevacordoba.net\/index.php\/2023\/12\/02\/emilia-mernes-anuncio-su-gira-mp3-tour\/"},"modified":"2023-12-02T09:37:22","modified_gmt":"2023-12-02T09:37:22","slug":"emilia-mernes-anuncio-su-gira-mp3-tour","status":"publish","type":"post","link":"http:\/\/nuevacordoba.net\/index.php\/2023\/12\/02\/emilia-mernes-anuncio-su-gira-mp3-tour\/","title":{"rendered":"Emilia Mernes anunci\u00f3 su gira \u00ab.Mp3 Tour\u00bb"},"content":{"rendered":"<figure class=\"mb-3\"><img loading=\"lazy\" data-src=\"http:\/\/nuevacordoba.net\/wp-content\/uploads\/2023\/12\/emilia-mernes-anuncio-su-gira-mp3-tour.jpg\" src=\"https:\/\/www.telam.com.ar\/assets\/img\/not_image.png\" class=\" lazy \" width=\"100%\" height=\"100%\" alt=\"La estrella argentina comenzar su gira el 6 de abril con show en Buenos Aires Foto Prensa\"><figcaption> La estrella argentina comenzar\u00e1 su gira el 6 de abril con show en Buenos Aires \/ Foto: Prensa. <\/figcaption><\/figure>\n<p>Emilia Mernes anunci\u00f3 este viernes su gira \u00ab.Mp3 Tour\u00bb, que la llevar\u00e1 a varias ciudades de Argentina, adem\u00e1s de a Paraguay y Uruguay entre abril y mayo del a\u00f1o que viene.<\/p>\n<p>En concreto, el 6 de abril aterrizar\u00e1 en <strong>Buenos Aires<\/strong>, el 12 en <strong>Rosario<\/strong>, el 27 en <strong>C\u00f3rdoba<\/strong>, el 4 de mayo en <strong>Montevideo<\/strong>, el 10 en <strong>Salta <\/strong>y el 25 en <strong>Asunci\u00f3n<\/strong>.<\/p>\n<blockquote class=\"instagram-media\" data-instgrm-permalink=\"https:\/\/www.instagram.com\/p\/C0Sa-t1L9oT\/?utm_source=ig_embed&amp;utm_campaign=loading\" data-instgrm-version=\"14\" readability=\"-0.22826086956522\"><\/blockquote>\n<p>La gira ser\u00e1 parte de la presentaci\u00f3n de su <strong>segundo \u00e1lbum de estudio<\/strong> \u201c.mp3\u201d, el cual debut\u00f3 como <strong>uno de los discos de mujeres m\u00e1s escuchados a nivel mundial<\/strong>, alcanzando el cuarto lugar en la lista Global de Spotify.<\/p>\n<p>Con 15.6 millones de oyentes, Mernes, es una de las cinco artistas latinas m\u00e1s escuchadas a nivel global.<\/p>\n<p>\u00abEn cada show habr\u00e1 un gran despliegue de escenograf\u00eda, vestuario, coreograf\u00edas, y un viaje musical de regreso a los inolvidables sonidos de principios de los a\u00f1os 2000\u00bb, destac\u00f3 en un comunicado la producci\u00f3n.<\/p>\n","protected":false},"excerpt":{"rendered":"<p>La estrella argentina comenzar\u00e1 su gira el 6 de abril con show en Buenos Aires \/ Foto: Prensa. Emilia Mernes anunci\u00f3 este viernes su gira \u00ab.Mp3 Tour\u00bb, que la llevar\u00e1 a varias ciudades de Argentina, adem\u00e1s de a Paraguay y Uruguay entre abril y mayo del a\u00f1o que viene. En concreto, el 6 de abril [&hellip;]<\/p>\n","protected":false},"author":1,"featured_media":39415,"comment_status":"closed","ping_status":"closed","sticky":false,"template":"","format":"standard","meta":[],"categories":[9],"tags":[],"_links":{"self":[{"href":"http:\/\/nuevacordoba.net\/index.php\/wp-json\/wp\/v2\/posts\/39414"}],"collection":[{"href":"http:\/\/nuevacordoba.net\/index.php\/wp-json\/wp\/v2\/posts"}],"about":[{"href":"http:\/\/nuevacordoba.net\/index.php\/wp-json\/wp\/v2\/types\/post"}],"author":[{"embeddable":true,"href":"http:\/\/nuevacordoba.net\/index.php\/wp-json\/wp\/v2\/users\/1"}],"replies":[{"embeddable":true,"href":"http:\/\/nuevacordoba.net\/index.php\/wp-json\/wp\/v2\/comments?post=39414"}],"version-history":[{"count":0,"href":"http:\/\/nuevacordoba.net\/index.php\/wp-json\/wp\/v2\/posts\/39414\/revisions"}],"wp:featuredmedia":[{"embeddable":true,"href":"http:\/\/nuevacordoba.net\/index.php\/wp-json\/wp\/v2\/media\/39415"}],"wp:attachment":[{"href":"http:\/\/nuevacordoba.net\/index.php\/wp-json\/wp\/v2\/media?parent=39414"}],"wp:term":[{"taxonomy":"category","embeddable":true,"href":"http:\/\/nuevacordoba.net\/index.php\/wp-json\/wp\/v2\/categories?post=39414"},{"taxonomy":"post_tag","embeddable":true,"href":"http:\/\/nuevacordoba.net\/index.php\/wp-json\/wp\/v2\/tags?post=39414"}],"curies":[{"name":"wp","href":"https:\/\/api.w.org\/{rel}","templated":true}]}}