{"id":39420,"date":"2023-12-02T12:58:04","date_gmt":"2023-12-02T12:58:04","guid":{"rendered":"http:\/\/nuevacordoba.net\/index.php\/2023\/12\/02\/el-papa-pidio-que-la-cop28-sea-un-punto-de-inflexion-hacia-la-transicion-ecologica\/"},"modified":"2023-12-02T12:58:04","modified_gmt":"2023-12-02T12:58:04","slug":"el-papa-pidio-que-la-cop28-sea-un-punto-de-inflexion-hacia-la-transicion-ecologica","status":"publish","type":"post","link":"http:\/\/nuevacordoba.net\/index.php\/2023\/12\/02\/el-papa-pidio-que-la-cop28-sea-un-punto-de-inflexion-hacia-la-transicion-ecologica\/","title":{"rendered":"El Papa pidi\u00f3 que la COP28 sea \u00abun punto de inflexi\u00f3n\u00bb hacia la transici\u00f3n ecol\u00f3gica"},"content":{"rendered":"<figure class=\"mb-3\"><img loading=\"lazy\" data-src=\"http:\/\/nuevacordoba.net\/wp-content\/uploads\/2023\/12\/el-papa-pidio-que-la-cop28-sea-un-punto-de-inflexion-hacia-la-transicion-ecologica.jpg\" src=\"https:\/\/www.telam.com.ar\/assets\/img\/not_image.png\" class=\" lazy \" width=\"100%\" height=\"100%\" alt=\"Francisco pidi a los participantes de la COP28 que hagan de la cita un punto de inflexin Foto AFP\"><figcaption> Francisco pidi\u00f3 a los participantes de la COP28 que hagan de la cita \u00abun punto de inflexi\u00f3n\u00bb. Foto: AFP. <\/figcaption><\/figure>\n<p>El papa Francisco pidi\u00f3 a los participantes de la COP28 en Dubai que hagan de la <strong>cita \u00abun punto de inflexi\u00f3n\u00bb<\/strong>, que propicie \u00abuna aceleraci\u00f3n decisiva hacia la transici\u00f3n ecol\u00f3gica\u00bb.<\/p>\n<p>\u00abQue esta COP28 sea un punto de inflexi\u00f3n, <strong>que manifieste una voluntad pol\u00edtica clara y tangible<\/strong>, que conduzca a una aceleraci\u00f3n decisiva hacia la transici\u00f3n ecol\u00f3gica\u00bb, afirm\u00f3 el papa en un mensaje le\u00eddo por el n\u00famero dos del Vaticano, el cardenal y secretario de Estado Pietro Parolin.<\/p>\n<p>Francisco, de 86 a\u00f1os, iba a estar presente en la capital emirat\u00ed, pero renunci\u00f3 a \u00faltimo momento debido a una bronquitis.<\/p>\n<p>La aceleraci\u00f3n, seg\u00fan su mensaje, debe lograrse \u00abpor medio de formas que posean tres caracter\u00edsticas: <strong>que sean eficientes, que sean obligatorias<\/strong> y que se puedan monitorear f\u00e1cilmente. Y que se realicen en cuatro campos: la eficiencia energ\u00e9tica, las fuentes renovables, la eliminaci\u00f3n de los combustibles f\u00f3siles y la educaci\u00f3n en estilos de vida menos dependientes de estos \u00faltimos\u00bb.<\/p>\n<p>\u00abPor favor, vayamos hacia adelante, no para atr\u00e1s\u00bb, enfatiz\u00f3 Francisco, que desde su elecci\u00f3n en 2013 ha hecho de la<strong> defensa del medio ambiente <\/strong>uno de los ejes de su papado, consign\u00f3 la agencia de noticias AFP.<\/p>\n<p>Francisco dedic\u00f3 a la cuesti\u00f3n su enc\u00edclica Laudato Si, en 2015 -un manifiesto de 200 p\u00e1ginas por una \u00abecolog\u00eda integral\u00bb-, y el pasado 4 de octubre public\u00f3 la exhortaci\u00f3n apost\u00f3lica Laudate Deum, que pide a las grandes potencias abandonar las energ\u00edas f\u00f3siles. <\/p>\n","protected":false},"excerpt":{"rendered":"<p>Francisco pidi\u00f3 a los participantes de la COP28 que hagan de la cita \u00abun punto de inflexi\u00f3n\u00bb. Foto: AFP. El papa Francisco pidi\u00f3 a los participantes de la COP28 en Dubai que hagan de la cita \u00abun punto de inflexi\u00f3n\u00bb, que propicie \u00abuna aceleraci\u00f3n decisiva hacia la transici\u00f3n ecol\u00f3gica\u00bb. \u00abQue esta COP28 sea un punto [&hellip;]<\/p>\n","protected":false},"author":1,"featured_media":39421,"comment_status":"closed","ping_status":"closed","sticky":false,"template":"","format":"standard","meta":[],"categories":[13],"tags":[],"_links":{"self":[{"href":"http:\/\/nuevacordoba.net\/index.php\/wp-json\/wp\/v2\/posts\/39420"}],"collection":[{"href":"http:\/\/nuevacordoba.net\/index.php\/wp-json\/wp\/v2\/posts"}],"about":[{"href":"http:\/\/nuevacordoba.net\/index.php\/wp-json\/wp\/v2\/types\/post"}],"author":[{"embeddable":true,"href":"http:\/\/nuevacordoba.net\/index.php\/wp-json\/wp\/v2\/users\/1"}],"replies":[{"embeddable":true,"href":"http:\/\/nuevacordoba.net\/index.php\/wp-json\/wp\/v2\/comments?post=39420"}],"version-history":[{"count":0,"href":"http:\/\/nuevacordoba.net\/index.php\/wp-json\/wp\/v2\/posts\/39420\/revisions"}],"wp:featuredmedia":[{"embeddable":true,"href":"http:\/\/nuevacordoba.net\/index.php\/wp-json\/wp\/v2\/media\/39421"}],"wp:attachment":[{"href":"http:\/\/nuevacordoba.net\/index.php\/wp-json\/wp\/v2\/media?parent=39420"}],"wp:term":[{"taxonomy":"category","embeddable":true,"href":"http:\/\/nuevacordoba.net\/index.php\/wp-json\/wp\/v2\/categories?post=39420"},{"taxonomy":"post_tag","embeddable":true,"href":"http:\/\/nuevacordoba.net\/index.php\/wp-json\/wp\/v2\/tags?post=39420"}],"curies":[{"name":"wp","href":"https:\/\/api.w.org\/{rel}","templated":true}]}}