{"id":39430,"date":"2023-12-02T13:23:40","date_gmt":"2023-12-02T13:23:40","guid":{"rendered":"https:\/\/prensa.cba.gov.ar\/?p=578562"},"modified":"2023-12-02T13:23:40","modified_gmt":"2023-12-02T13:23:40","slug":"el-lunes-abren-las-inscripciones-a-las-escuelas-de-verano-de-cordoba-deportes","status":"publish","type":"post","link":"http:\/\/nuevacordoba.net\/index.php\/2023\/12\/02\/el-lunes-abren-las-inscripciones-a-las-escuelas-de-verano-de-cordoba-deportes\/","title":{"rendered":"El lunes abren las inscripciones a las escuelas de verano de C\u00f3rdoba Deportes"},"content":{"rendered":"<p><strong>\u2022 Las actividades se llevar\u00e1n a cabo en el Polo Deportivo Kempes y en los siete Centros de Desarrollo Deportivo.<br \/>\u2022 Ser\u00e1n dos ciclos, a partir del 18 de diciembre hasta el 9 de febrero.<\/strong><\/p>\n<p>En los pr\u00f3ximos d\u00edas iniciar\u00e1n las actividades recreativas y deportivas que cada verano desarrolla el Gobierno de la Provincia de C\u00f3rdoba, en espacios acondicionados especialmente para la comunidad.<br \/>Las escuelas de verano de la Agencia C\u00f3rdoba Deportes son una propuesta valiosa para que ni\u00f1as, ni\u00f1os y adolescentes disfruten de la temporada estival y sus vacaciones.<\/p>\n<p>Las actividades comenzar\u00e1n el 18 de diciembre y se extender\u00e1n hasta el 9 de febrero de 2024, divididas en dos ciclos. El primero finaliza el 12 de enero, mientras que el segundo comienza el 15 de enero de 2024, hasta el 9 de febrero.<\/p>\n<p>Los grupos son mixtos divididos por edades que van desde 4 a 14 a\u00f1os, y desde 6 a 14 a\u00f1os para ni\u00f1os con discapacidad.<\/p>\n<figure class=\"wp-block-gallery has-nested-images columns-default is-cropped wp-block-gallery-1 is-layout-flex wp-block-gallery-is-layout-flex\">\n<figure data-wp-context=\"{ &quot;core&quot;: { &quot;image&quot;: { &quot;imageLoaded&quot;: false, &quot;initialized&quot;: false, &quot;lightboxEnabled&quot;: false, &quot;hideAnimationEnabled&quot;: false, &quot;preloadInitialized&quot;: false, &quot;lightboxAnimation&quot;: &quot;zoom&quot;, &quot;imageUploadedSrc&quot;: &quot;http:\/\/nuevacordoba.net\/wp-content\/uploads\/2023\/12\/el-lunes-abren-las-inscripciones-a-las-escuelas-de-verano-de-cordoba-deportes-14.jpg&quot;, &quot;imageCurrentSrc&quot;: &quot;&quot;, &quot;targetWidth&quot;: &quot;1600&quot;, &quot;targetHeight&quot;: &quot;850&quot;, &quot;scaleAttr&quot;: &quot;&quot;, &quot;dialogLabel&quot;: &quot;Imagen ampliada&quot; } } }\" data-wp-interactive class=\"wp-block-image size-large wp-lightbox-container\"><img loading=\"lazy\" decoding=\"async\" width=\"1024\" height=\"544\" data-wp-effect--setstylesonresize=\"effects.core.image.setStylesOnResize\" data-wp-effect=\"effects.core.image.setButtonStyles\" data-wp-init=\"effects.core.image.initOriginImage\" data-wp-on--click=\"actions.core.image.showLightbox\" data-wp-on--load=\"actions.core.image.handleLoad\" data-id=\"578564\" src=\"http:\/\/nuevacordoba.net\/wp-content\/uploads\/2023\/12\/el-lunes-abren-las-inscripciones-a-las-escuelas-de-verano-de-cordoba-deportes.jpg\" alt class=\"wp-image-578564\" srcset=\"http:\/\/nuevacordoba.net\/wp-content\/uploads\/2023\/12\/el-lunes-abren-las-inscripciones-a-las-escuelas-de-verano-de-cordoba-deportes.jpg 1024w, http:\/\/nuevacordoba.net\/wp-content\/uploads\/2023\/12\/el-lunes-abren-las-inscripciones-a-las-escuelas-de-verano-de-cordoba-deportes-11.jpg 300w, http:\/\/nuevacordoba.net\/wp-content\/uploads\/2023\/12\/el-lunes-abren-las-inscripciones-a-las-escuelas-de-verano-de-cordoba-deportes-12.jpg 768w, http:\/\/nuevacordoba.net\/wp-content\/uploads\/2023\/12\/el-lunes-abren-las-inscripciones-a-las-escuelas-de-verano-de-cordoba-deportes-13.jpg 1536w, http:\/\/nuevacordoba.net\/wp-content\/uploads\/2023\/12\/el-lunes-abren-las-inscripciones-a-las-escuelas-de-verano-de-cordoba-deportes-14.jpg 1600w\" sizes=\"(max-width: 1024px) 100vw, 1024px\"><button class=\"lightbox-trigger\" type=\"button\" aria-haspopup=\"dialog\" aria-label=\"Ampliar la imagen\" data-wp-on--click=\"actions.core.image.showLightbox\" data-wp-style--right=\"context.core.image.imageButtonRight\" data-wp-style--top=\"context.core.image.imageButtonTop\"> <svg width=\"12\" height=\"12\" fill=\"none\" viewBox=\"0 0 12 12\"> <path fill=\"#fff\" d=\"M2 0a2 2 0 0 0-2 2v2h1.5V2a.5.5 0 0 1 .5-.5h2V0H2Zm2 10.5H2a.5.5 0 0 1-.5-.5V8H0v2a2 2 0 0 0 2 2h2v-1.5ZM8 12v-1.5h2a.5.5 0 0 0 .5-.5V8H12v2a2 2 0 0 1-2 2H8Zm2-12a2 2 0 0 1 2 2v2h-1.5V2a.5.5 0 0 0-.5-.5H8V0h2Z\" \/> <\/svg> <\/button> <\/p>\n<div data-wp-body class=\"wp-lightbox-overlay zoom\" data-wp-bind--role=\"selectors.core.image.roleAttribute\" data-wp-bind--aria-label=\"selectors.core.image.dialogLabel\" data-wp-class--initialized=\"context.core.image.initialized\" data-wp-class--active=\"context.core.image.lightboxEnabled\" data-wp-class--hideanimationenabled=\"context.core.image.hideAnimationEnabled\" data-wp-bind--aria-modal=\"selectors.core.image.ariaModal\" data-wp-effect=\"effects.core.image.initLightbox\" data-wp-on--keydown=\"actions.core.image.handleKeydown\" data-wp-on--touchstart=\"actions.core.image.handleTouchStart\" data-wp-on--touchmove=\"actions.core.image.handleTouchMove\" data-wp-on--touchend=\"actions.core.image.handleTouchEnd\" data-wp-on--click=\"actions.core.image.hideLightbox\" tabindex=\"-1\"> <button type=\"button\" aria-label=\"Cerrar\" class=\"close-button\" data-wp-on--click=\"actions.core.image.hideLightbox\"> <svg viewBox=\"0 0 24 24\" width=\"20\" height=\"20\" aria-hidden=\"true\" focusable=\"false\"><path d=\"M13 11.8l6.1-6.3-1-1-6.1 6.2-6.1-6.2-1 1 6.1 6.3-6.5 6.7 1 1 6.5-6.6 6.5 6.6 1-1z\" \/><\/svg> <\/button> <\/p>\n<div class=\"lightbox-image-container\">\n<figure class=\"wp-block-image size-large responsive-image\"><img decoding=\"async\" data-wp-bind--src=\"context.core.image.imageCurrentSrc\" data-wp-style--object-fit=\"selectors.core.image.lightboxObjectFit\" data-id=\"578564\" src=\"https:\/\/prensa.cba.gov.ar\/informacion-general\/el-lunes-abren-las-inscripciones-a-las-escuelas-de-verano-de-cordoba-deportes\/\" alt class=\"wp-image-578564\"><\/figure>\n<\/div>\n<div class=\"lightbox-image-container\">\n<figure class=\"wp-block-image size-large enlarged-image\"><img decoding=\"async\" data-wp-bind--src=\"selectors.core.image.enlargedImgSrc\" data-wp-style--object-fit=\"selectors.core.image.lightboxObjectFit\" data-id=\"578564\" src=\"https:\/\/prensa.cba.gov.ar\/informacion-general\/el-lunes-abren-las-inscripciones-a-las-escuelas-de-verano-de-cordoba-deportes\/\" alt class=\"wp-image-578564\"><\/figure>\n<\/div><\/div>\n<\/figure>\n<figure data-wp-context=\"{ &quot;core&quot;: { &quot;image&quot;: { &quot;imageLoaded&quot;: false, &quot;initialized&quot;: false, &quot;lightboxEnabled&quot;: false, &quot;hideAnimationEnabled&quot;: false, &quot;preloadInitialized&quot;: false, &quot;lightboxAnimation&quot;: &quot;zoom&quot;, &quot;imageUploadedSrc&quot;: &quot;http:\/\/nuevacordoba.net\/wp-content\/uploads\/2023\/12\/el-lunes-abren-las-inscripciones-a-las-escuelas-de-verano-de-cordoba-deportes-18.jpg&quot;, &quot;imageCurrentSrc&quot;: &quot;&quot;, &quot;targetWidth&quot;: &quot;1600&quot;, &quot;targetHeight&quot;: &quot;850&quot;, &quot;scaleAttr&quot;: &quot;&quot;, &quot;dialogLabel&quot;: &quot;Imagen ampliada&quot; } } }\" data-wp-interactive class=\"wp-block-image size-large wp-lightbox-container\"><img loading=\"lazy\" decoding=\"async\" width=\"1024\" height=\"544\" data-wp-effect--setstylesonresize=\"effects.core.image.setStylesOnResize\" data-wp-effect=\"effects.core.image.setButtonStyles\" data-wp-init=\"effects.core.image.initOriginImage\" data-wp-on--click=\"actions.core.image.showLightbox\" data-wp-on--load=\"actions.core.image.handleLoad\" data-id=\"578566\" src=\"http:\/\/nuevacordoba.net\/wp-content\/uploads\/2023\/12\/el-lunes-abren-las-inscripciones-a-las-escuelas-de-verano-de-cordoba-deportes-1.jpg\" alt class=\"wp-image-578566\" srcset=\"http:\/\/nuevacordoba.net\/wp-content\/uploads\/2023\/12\/el-lunes-abren-las-inscripciones-a-las-escuelas-de-verano-de-cordoba-deportes-1.jpg 1024w, http:\/\/nuevacordoba.net\/wp-content\/uploads\/2023\/12\/el-lunes-abren-las-inscripciones-a-las-escuelas-de-verano-de-cordoba-deportes-15.jpg 300w, http:\/\/nuevacordoba.net\/wp-content\/uploads\/2023\/12\/el-lunes-abren-las-inscripciones-a-las-escuelas-de-verano-de-cordoba-deportes-16.jpg 768w, http:\/\/nuevacordoba.net\/wp-content\/uploads\/2023\/12\/el-lunes-abren-las-inscripciones-a-las-escuelas-de-verano-de-cordoba-deportes-17.jpg 1536w, http:\/\/nuevacordoba.net\/wp-content\/uploads\/2023\/12\/el-lunes-abren-las-inscripciones-a-las-escuelas-de-verano-de-cordoba-deportes-18.jpg 1600w\" sizes=\"(max-width: 1024px) 100vw, 1024px\"><button class=\"lightbox-trigger\" type=\"button\" aria-haspopup=\"dialog\" aria-label=\"Ampliar la imagen\" data-wp-on--click=\"actions.core.image.showLightbox\" data-wp-style--right=\"context.core.image.imageButtonRight\" data-wp-style--top=\"context.core.image.imageButtonTop\"> <svg width=\"12\" height=\"12\" fill=\"none\" viewBox=\"0 0 12 12\"> <path fill=\"#fff\" d=\"M2 0a2 2 0 0 0-2 2v2h1.5V2a.5.5 0 0 1 .5-.5h2V0H2Zm2 10.5H2a.5.5 0 0 1-.5-.5V8H0v2a2 2 0 0 0 2 2h2v-1.5ZM8 12v-1.5h2a.5.5 0 0 0 .5-.5V8H12v2a2 2 0 0 1-2 2H8Zm2-12a2 2 0 0 1 2 2v2h-1.5V2a.5.5 0 0 0-.5-.5H8V0h2Z\" \/> <\/svg> <\/button> <\/p>\n<div data-wp-body class=\"wp-lightbox-overlay zoom\" data-wp-bind--role=\"selectors.core.image.roleAttribute\" data-wp-bind--aria-label=\"selectors.core.image.dialogLabel\" data-wp-class--initialized=\"context.core.image.initialized\" data-wp-class--active=\"context.core.image.lightboxEnabled\" data-wp-class--hideanimationenabled=\"context.core.image.hideAnimationEnabled\" data-wp-bind--aria-modal=\"selectors.core.image.ariaModal\" data-wp-effect=\"effects.core.image.initLightbox\" data-wp-on--keydown=\"actions.core.image.handleKeydown\" data-wp-on--touchstart=\"actions.core.image.handleTouchStart\" data-wp-on--touchmove=\"actions.core.image.handleTouchMove\" data-wp-on--touchend=\"actions.core.image.handleTouchEnd\" data-wp-on--click=\"actions.core.image.hideLightbox\" tabindex=\"-1\"> <button type=\"button\" aria-label=\"Cerrar\" class=\"close-button\" data-wp-on--click=\"actions.core.image.hideLightbox\"> <svg viewBox=\"0 0 24 24\" width=\"20\" height=\"20\" aria-hidden=\"true\" focusable=\"false\"><path d=\"M13 11.8l6.1-6.3-1-1-6.1 6.2-6.1-6.2-1 1 6.1 6.3-6.5 6.7 1 1 6.5-6.6 6.5 6.6 1-1z\" \/><\/svg> <\/button> <\/p>\n<div class=\"lightbox-image-container\">\n<figure class=\"wp-block-image size-large responsive-image\"><img decoding=\"async\" data-wp-bind--src=\"context.core.image.imageCurrentSrc\" data-wp-style--object-fit=\"selectors.core.image.lightboxObjectFit\" data-id=\"578566\" src=\"https:\/\/prensa.cba.gov.ar\/informacion-general\/el-lunes-abren-las-inscripciones-a-las-escuelas-de-verano-de-cordoba-deportes\/\" alt class=\"wp-image-578566\"><\/figure>\n<\/div>\n<div class=\"lightbox-image-container\">\n<figure class=\"wp-block-image size-large enlarged-image\"><img decoding=\"async\" data-wp-bind--src=\"selectors.core.image.enlargedImgSrc\" data-wp-style--object-fit=\"selectors.core.image.lightboxObjectFit\" data-id=\"578566\" src=\"https:\/\/prensa.cba.gov.ar\/informacion-general\/el-lunes-abren-las-inscripciones-a-las-escuelas-de-verano-de-cordoba-deportes\/\" alt class=\"wp-image-578566\"><\/figure>\n<\/div><\/div>\n<\/figure>\n<figure data-wp-context=\"{ &quot;core&quot;: { &quot;image&quot;: { &quot;imageLoaded&quot;: false, &quot;initialized&quot;: false, &quot;lightboxEnabled&quot;: false, &quot;hideAnimationEnabled&quot;: false, &quot;preloadInitialized&quot;: false, &quot;lightboxAnimation&quot;: &quot;zoom&quot;, &quot;imageUploadedSrc&quot;: &quot;http:\/\/nuevacordoba.net\/wp-content\/uploads\/2023\/12\/el-lunes-abren-las-inscripciones-a-las-escuelas-de-verano-de-cordoba-deportes-22.jpg&quot;, &quot;imageCurrentSrc&quot;: &quot;&quot;, &quot;targetWidth&quot;: &quot;1600&quot;, &quot;targetHeight&quot;: &quot;850&quot;, &quot;scaleAttr&quot;: &quot;&quot;, &quot;dialogLabel&quot;: &quot;Imagen ampliada&quot; } } }\" data-wp-interactive class=\"wp-block-image size-large wp-lightbox-container\"><img loading=\"lazy\" decoding=\"async\" width=\"1024\" height=\"544\" data-wp-effect--setstylesonresize=\"effects.core.image.setStylesOnResize\" data-wp-effect=\"effects.core.image.setButtonStyles\" data-wp-init=\"effects.core.image.initOriginImage\" data-wp-on--click=\"actions.core.image.showLightbox\" data-wp-on--load=\"actions.core.image.handleLoad\" data-id=\"578567\" src=\"http:\/\/nuevacordoba.net\/wp-content\/uploads\/2023\/12\/el-lunes-abren-las-inscripciones-a-las-escuelas-de-verano-de-cordoba-deportes-2.jpg\" alt class=\"wp-image-578567\" srcset=\"http:\/\/nuevacordoba.net\/wp-content\/uploads\/2023\/12\/el-lunes-abren-las-inscripciones-a-las-escuelas-de-verano-de-cordoba-deportes-2.jpg 1024w, http:\/\/nuevacordoba.net\/wp-content\/uploads\/2023\/12\/el-lunes-abren-las-inscripciones-a-las-escuelas-de-verano-de-cordoba-deportes-19.jpg 300w, http:\/\/nuevacordoba.net\/wp-content\/uploads\/2023\/12\/el-lunes-abren-las-inscripciones-a-las-escuelas-de-verano-de-cordoba-deportes-20.jpg 768w, http:\/\/nuevacordoba.net\/wp-content\/uploads\/2023\/12\/el-lunes-abren-las-inscripciones-a-las-escuelas-de-verano-de-cordoba-deportes-21.jpg 1536w, http:\/\/nuevacordoba.net\/wp-content\/uploads\/2023\/12\/el-lunes-abren-las-inscripciones-a-las-escuelas-de-verano-de-cordoba-deportes-22.jpg 1600w\" sizes=\"(max-width: 1024px) 100vw, 1024px\"><button class=\"lightbox-trigger\" type=\"button\" aria-haspopup=\"dialog\" aria-label=\"Ampliar la imagen\" data-wp-on--click=\"actions.core.image.showLightbox\" data-wp-style--right=\"context.core.image.imageButtonRight\" data-wp-style--top=\"context.core.image.imageButtonTop\"> <svg width=\"12\" height=\"12\" fill=\"none\" viewBox=\"0 0 12 12\"> <path fill=\"#fff\" d=\"M2 0a2 2 0 0 0-2 2v2h1.5V2a.5.5 0 0 1 .5-.5h2V0H2Zm2 10.5H2a.5.5 0 0 1-.5-.5V8H0v2a2 2 0 0 0 2 2h2v-1.5ZM8 12v-1.5h2a.5.5 0 0 0 .5-.5V8H12v2a2 2 0 0 1-2 2H8Zm2-12a2 2 0 0 1 2 2v2h-1.5V2a.5.5 0 0 0-.5-.5H8V0h2Z\" \/> <\/svg> <\/button> <\/p>\n<div data-wp-body class=\"wp-lightbox-overlay zoom\" data-wp-bind--role=\"selectors.core.image.roleAttribute\" data-wp-bind--aria-label=\"selectors.core.image.dialogLabel\" data-wp-class--initialized=\"context.core.image.initialized\" data-wp-class--active=\"context.core.image.lightboxEnabled\" data-wp-class--hideanimationenabled=\"context.core.image.hideAnimationEnabled\" data-wp-bind--aria-modal=\"selectors.core.image.ariaModal\" data-wp-effect=\"effects.core.image.initLightbox\" data-wp-on--keydown=\"actions.core.image.handleKeydown\" data-wp-on--touchstart=\"actions.core.image.handleTouchStart\" data-wp-on--touchmove=\"actions.core.image.handleTouchMove\" data-wp-on--touchend=\"actions.core.image.handleTouchEnd\" data-wp-on--click=\"actions.core.image.hideLightbox\" tabindex=\"-1\"> <button type=\"button\" aria-label=\"Cerrar\" class=\"close-button\" data-wp-on--click=\"actions.core.image.hideLightbox\"> <svg viewBox=\"0 0 24 24\" width=\"20\" height=\"20\" aria-hidden=\"true\" focusable=\"false\"><path d=\"M13 11.8l6.1-6.3-1-1-6.1 6.2-6.1-6.2-1 1 6.1 6.3-6.5 6.7 1 1 6.5-6.6 6.5 6.6 1-1z\" \/><\/svg> <\/button> <\/p>\n<div class=\"lightbox-image-container\">\n<figure class=\"wp-block-image size-large responsive-image\"><img decoding=\"async\" data-wp-bind--src=\"context.core.image.imageCurrentSrc\" data-wp-style--object-fit=\"selectors.core.image.lightboxObjectFit\" data-id=\"578567\" src=\"https:\/\/prensa.cba.gov.ar\/informacion-general\/el-lunes-abren-las-inscripciones-a-las-escuelas-de-verano-de-cordoba-deportes\/\" alt class=\"wp-image-578567\"><\/figure>\n<\/div>\n<div class=\"lightbox-image-container\">\n<figure class=\"wp-block-image size-large enlarged-image\"><img decoding=\"async\" data-wp-bind--src=\"selectors.core.image.enlargedImgSrc\" data-wp-style--object-fit=\"selectors.core.image.lightboxObjectFit\" data-id=\"578567\" src=\"https:\/\/prensa.cba.gov.ar\/informacion-general\/el-lunes-abren-las-inscripciones-a-las-escuelas-de-verano-de-cordoba-deportes\/\" alt class=\"wp-image-578567\"><\/figure>\n<\/div><\/div>\n<\/figure>\n<\/figure>\n<p><strong>Escuelas de verano en el Polo Deportivo Kempes:<\/strong><\/p>\n<p>Se realizar\u00e1n en las instalaciones del Polo Deportivo Kempes, como continuidad de las actividades desarrolladas durante el a\u00f1o, sumando las que se llevan a cabo en los espacios de pileta.<\/p>\n<ul>\n<li>Turno ma\u00f1ana: lunes a viernes de 10 a 13.<\/li>\n<li>Turno tarde: lunes a viernes de 14 a 17.<\/li>\n<li>Jornada completa con almuerzo de 10 a 17.<\/li>\n<\/ul>\n<p>Las inscripciones, con cupos limitados, comenzar\u00e1n el lunes 4 de diciembre, a partir de las 10:00, a trav\u00e9s del sitio web de la Agencia C\u00f3rdoba Deportes (deportes.cba.gov.ar).<\/p>\n<figure class=\"wp-block-gallery has-nested-images columns-default is-cropped wp-block-gallery-2 is-layout-flex wp-block-gallery-is-layout-flex\">\n<figure data-wp-context=\"{ &quot;core&quot;: { &quot;image&quot;: { &quot;imageLoaded&quot;: false, &quot;initialized&quot;: false, &quot;lightboxEnabled&quot;: false, &quot;hideAnimationEnabled&quot;: false, &quot;preloadInitialized&quot;: false, &quot;lightboxAnimation&quot;: &quot;zoom&quot;, &quot;imageUploadedSrc&quot;: &quot;http:\/\/nuevacordoba.net\/wp-content\/uploads\/2023\/12\/el-lunes-abren-las-inscripciones-a-las-escuelas-de-verano-de-cordoba-deportes-26.jpg&quot;, &quot;imageCurrentSrc&quot;: &quot;&quot;, &quot;targetWidth&quot;: &quot;1600&quot;, &quot;targetHeight&quot;: &quot;850&quot;, &quot;scaleAttr&quot;: &quot;&quot;, &quot;dialogLabel&quot;: &quot;Imagen ampliada&quot; } } }\" data-wp-interactive class=\"wp-block-image size-large wp-lightbox-container\"><img loading=\"lazy\" decoding=\"async\" width=\"1024\" height=\"544\" data-wp-effect--setstylesonresize=\"effects.core.image.setStylesOnResize\" data-wp-effect=\"effects.core.image.setButtonStyles\" data-wp-init=\"effects.core.image.initOriginImage\" data-wp-on--click=\"actions.core.image.showLightbox\" data-wp-on--load=\"actions.core.image.handleLoad\" data-id=\"578565\" src=\"http:\/\/nuevacordoba.net\/wp-content\/uploads\/2023\/12\/el-lunes-abren-las-inscripciones-a-las-escuelas-de-verano-de-cordoba-deportes-3.jpg\" alt class=\"wp-image-578565\" srcset=\"http:\/\/nuevacordoba.net\/wp-content\/uploads\/2023\/12\/el-lunes-abren-las-inscripciones-a-las-escuelas-de-verano-de-cordoba-deportes-3.jpg 1024w, http:\/\/nuevacordoba.net\/wp-content\/uploads\/2023\/12\/el-lunes-abren-las-inscripciones-a-las-escuelas-de-verano-de-cordoba-deportes-23.jpg 300w, http:\/\/nuevacordoba.net\/wp-content\/uploads\/2023\/12\/el-lunes-abren-las-inscripciones-a-las-escuelas-de-verano-de-cordoba-deportes-24.jpg 768w, http:\/\/nuevacordoba.net\/wp-content\/uploads\/2023\/12\/el-lunes-abren-las-inscripciones-a-las-escuelas-de-verano-de-cordoba-deportes-25.jpg 1536w, http:\/\/nuevacordoba.net\/wp-content\/uploads\/2023\/12\/el-lunes-abren-las-inscripciones-a-las-escuelas-de-verano-de-cordoba-deportes-26.jpg 1600w\" sizes=\"(max-width: 1024px) 100vw, 1024px\"><button class=\"lightbox-trigger\" type=\"button\" aria-haspopup=\"dialog\" aria-label=\"Ampliar la imagen\" data-wp-on--click=\"actions.core.image.showLightbox\" data-wp-style--right=\"context.core.image.imageButtonRight\" data-wp-style--top=\"context.core.image.imageButtonTop\"> <svg width=\"12\" height=\"12\" fill=\"none\" viewBox=\"0 0 12 12\"> <path fill=\"#fff\" d=\"M2 0a2 2 0 0 0-2 2v2h1.5V2a.5.5 0 0 1 .5-.5h2V0H2Zm2 10.5H2a.5.5 0 0 1-.5-.5V8H0v2a2 2 0 0 0 2 2h2v-1.5ZM8 12v-1.5h2a.5.5 0 0 0 .5-.5V8H12v2a2 2 0 0 1-2 2H8Zm2-12a2 2 0 0 1 2 2v2h-1.5V2a.5.5 0 0 0-.5-.5H8V0h2Z\" \/> <\/svg> <\/button> <\/p>\n<div data-wp-body class=\"wp-lightbox-overlay zoom\" data-wp-bind--role=\"selectors.core.image.roleAttribute\" data-wp-bind--aria-label=\"selectors.core.image.dialogLabel\" data-wp-class--initialized=\"context.core.image.initialized\" data-wp-class--active=\"context.core.image.lightboxEnabled\" data-wp-class--hideanimationenabled=\"context.core.image.hideAnimationEnabled\" data-wp-bind--aria-modal=\"selectors.core.image.ariaModal\" data-wp-effect=\"effects.core.image.initLightbox\" data-wp-on--keydown=\"actions.core.image.handleKeydown\" data-wp-on--touchstart=\"actions.core.image.handleTouchStart\" data-wp-on--touchmove=\"actions.core.image.handleTouchMove\" data-wp-on--touchend=\"actions.core.image.handleTouchEnd\" data-wp-on--click=\"actions.core.image.hideLightbox\" tabindex=\"-1\"> <button type=\"button\" aria-label=\"Cerrar\" class=\"close-button\" data-wp-on--click=\"actions.core.image.hideLightbox\"> <svg viewBox=\"0 0 24 24\" width=\"20\" height=\"20\" aria-hidden=\"true\" focusable=\"false\"><path d=\"M13 11.8l6.1-6.3-1-1-6.1 6.2-6.1-6.2-1 1 6.1 6.3-6.5 6.7 1 1 6.5-6.6 6.5 6.6 1-1z\" \/><\/svg> <\/button> <\/p>\n<div class=\"lightbox-image-container\">\n<figure class=\"wp-block-image size-large responsive-image\"><img decoding=\"async\" data-wp-bind--src=\"context.core.image.imageCurrentSrc\" data-wp-style--object-fit=\"selectors.core.image.lightboxObjectFit\" data-id=\"578565\" src=\"https:\/\/prensa.cba.gov.ar\/informacion-general\/el-lunes-abren-las-inscripciones-a-las-escuelas-de-verano-de-cordoba-deportes\/\" alt class=\"wp-image-578565\"><\/figure>\n<\/div>\n<div class=\"lightbox-image-container\">\n<figure class=\"wp-block-image size-large enlarged-image\"><img decoding=\"async\" data-wp-bind--src=\"selectors.core.image.enlargedImgSrc\" data-wp-style--object-fit=\"selectors.core.image.lightboxObjectFit\" data-id=\"578565\" src=\"https:\/\/prensa.cba.gov.ar\/informacion-general\/el-lunes-abren-las-inscripciones-a-las-escuelas-de-verano-de-cordoba-deportes\/\" alt class=\"wp-image-578565\"><\/figure>\n<\/div><\/div>\n<\/figure>\n<figure data-wp-context=\"{ &quot;core&quot;: { &quot;image&quot;: { &quot;imageLoaded&quot;: false, &quot;initialized&quot;: false, &quot;lightboxEnabled&quot;: false, &quot;hideAnimationEnabled&quot;: false, &quot;preloadInitialized&quot;: false, &quot;lightboxAnimation&quot;: &quot;zoom&quot;, &quot;imageUploadedSrc&quot;: &quot;http:\/\/nuevacordoba.net\/wp-content\/uploads\/2023\/12\/el-lunes-abren-las-inscripciones-a-las-escuelas-de-verano-de-cordoba-deportes-18.jpg&quot;, &quot;imageCurrentSrc&quot;: &quot;&quot;, &quot;targetWidth&quot;: &quot;1600&quot;, &quot;targetHeight&quot;: &quot;850&quot;, &quot;scaleAttr&quot;: &quot;&quot;, &quot;dialogLabel&quot;: &quot;Imagen ampliada&quot; } } }\" data-wp-interactive class=\"wp-block-image size-large wp-lightbox-container\"><img loading=\"lazy\" decoding=\"async\" width=\"1024\" height=\"544\" data-wp-effect--setstylesonresize=\"effects.core.image.setStylesOnResize\" data-wp-effect=\"effects.core.image.setButtonStyles\" data-wp-init=\"effects.core.image.initOriginImage\" data-wp-on--click=\"actions.core.image.showLightbox\" data-wp-on--load=\"actions.core.image.handleLoad\" data-id=\"578566\" src=\"http:\/\/nuevacordoba.net\/wp-content\/uploads\/2023\/12\/el-lunes-abren-las-inscripciones-a-las-escuelas-de-verano-de-cordoba-deportes-1.jpg\" alt class=\"wp-image-578566\" srcset=\"http:\/\/nuevacordoba.net\/wp-content\/uploads\/2023\/12\/el-lunes-abren-las-inscripciones-a-las-escuelas-de-verano-de-cordoba-deportes-1.jpg 1024w, http:\/\/nuevacordoba.net\/wp-content\/uploads\/2023\/12\/el-lunes-abren-las-inscripciones-a-las-escuelas-de-verano-de-cordoba-deportes-15.jpg 300w, http:\/\/nuevacordoba.net\/wp-content\/uploads\/2023\/12\/el-lunes-abren-las-inscripciones-a-las-escuelas-de-verano-de-cordoba-deportes-16.jpg 768w, http:\/\/nuevacordoba.net\/wp-content\/uploads\/2023\/12\/el-lunes-abren-las-inscripciones-a-las-escuelas-de-verano-de-cordoba-deportes-17.jpg 1536w, http:\/\/nuevacordoba.net\/wp-content\/uploads\/2023\/12\/el-lunes-abren-las-inscripciones-a-las-escuelas-de-verano-de-cordoba-deportes-18.jpg 1600w\" sizes=\"(max-width: 1024px) 100vw, 1024px\"><button class=\"lightbox-trigger\" type=\"button\" aria-haspopup=\"dialog\" aria-label=\"Ampliar la imagen\" data-wp-on--click=\"actions.core.image.showLightbox\" data-wp-style--right=\"context.core.image.imageButtonRight\" data-wp-style--top=\"context.core.image.imageButtonTop\"> <svg width=\"12\" height=\"12\" fill=\"none\" viewBox=\"0 0 12 12\"> <path fill=\"#fff\" d=\"M2 0a2 2 0 0 0-2 2v2h1.5V2a.5.5 0 0 1 .5-.5h2V0H2Zm2 10.5H2a.5.5 0 0 1-.5-.5V8H0v2a2 2 0 0 0 2 2h2v-1.5ZM8 12v-1.5h2a.5.5 0 0 0 .5-.5V8H12v2a2 2 0 0 1-2 2H8Zm2-12a2 2 0 0 1 2 2v2h-1.5V2a.5.5 0 0 0-.5-.5H8V0h2Z\" \/> <\/svg> <\/button> <\/p>\n<div data-wp-body class=\"wp-lightbox-overlay zoom\" data-wp-bind--role=\"selectors.core.image.roleAttribute\" data-wp-bind--aria-label=\"selectors.core.image.dialogLabel\" data-wp-class--initialized=\"context.core.image.initialized\" data-wp-class--active=\"context.core.image.lightboxEnabled\" data-wp-class--hideanimationenabled=\"context.core.image.hideAnimationEnabled\" data-wp-bind--aria-modal=\"selectors.core.image.ariaModal\" data-wp-effect=\"effects.core.image.initLightbox\" data-wp-on--keydown=\"actions.core.image.handleKeydown\" data-wp-on--touchstart=\"actions.core.image.handleTouchStart\" data-wp-on--touchmove=\"actions.core.image.handleTouchMove\" data-wp-on--touchend=\"actions.core.image.handleTouchEnd\" data-wp-on--click=\"actions.core.image.hideLightbox\" tabindex=\"-1\"> <button type=\"button\" aria-label=\"Cerrar\" class=\"close-button\" data-wp-on--click=\"actions.core.image.hideLightbox\"> <svg viewBox=\"0 0 24 24\" width=\"20\" height=\"20\" aria-hidden=\"true\" focusable=\"false\"><path d=\"M13 11.8l6.1-6.3-1-1-6.1 6.2-6.1-6.2-1 1 6.1 6.3-6.5 6.7 1 1 6.5-6.6 6.5 6.6 1-1z\" \/><\/svg> <\/button> <\/p>\n<div class=\"lightbox-image-container\">\n<figure class=\"wp-block-image size-large responsive-image\"><img decoding=\"async\" data-wp-bind--src=\"context.core.image.imageCurrentSrc\" data-wp-style--object-fit=\"selectors.core.image.lightboxObjectFit\" data-id=\"578566\" src=\"https:\/\/prensa.cba.gov.ar\/informacion-general\/el-lunes-abren-las-inscripciones-a-las-escuelas-de-verano-de-cordoba-deportes\/\" alt class=\"wp-image-578566\"><\/figure>\n<\/div>\n<div class=\"lightbox-image-container\">\n<figure class=\"wp-block-image size-large enlarged-image\"><img decoding=\"async\" data-wp-bind--src=\"selectors.core.image.enlargedImgSrc\" data-wp-style--object-fit=\"selectors.core.image.lightboxObjectFit\" data-id=\"578566\" src=\"https:\/\/prensa.cba.gov.ar\/informacion-general\/el-lunes-abren-las-inscripciones-a-las-escuelas-de-verano-de-cordoba-deportes\/\" alt class=\"wp-image-578566\"><\/figure>\n<\/div><\/div>\n<\/figure>\n<figure data-wp-context=\"{ &quot;core&quot;: { &quot;image&quot;: { &quot;imageLoaded&quot;: false, &quot;initialized&quot;: false, &quot;lightboxEnabled&quot;: false, &quot;hideAnimationEnabled&quot;: false, &quot;preloadInitialized&quot;: false, &quot;lightboxAnimation&quot;: &quot;zoom&quot;, &quot;imageUploadedSrc&quot;: &quot;http:\/\/nuevacordoba.net\/wp-content\/uploads\/2023\/12\/el-lunes-abren-las-inscripciones-a-las-escuelas-de-verano-de-cordoba-deportes-30.jpg&quot;, &quot;imageCurrentSrc&quot;: &quot;&quot;, &quot;targetWidth&quot;: &quot;1600&quot;, &quot;targetHeight&quot;: &quot;850&quot;, &quot;scaleAttr&quot;: &quot;&quot;, &quot;dialogLabel&quot;: &quot;Imagen ampliada&quot; } } }\" data-wp-interactive class=\"wp-block-image size-large wp-lightbox-container\"><img loading=\"lazy\" decoding=\"async\" width=\"1024\" height=\"544\" data-wp-effect--setstylesonresize=\"effects.core.image.setStylesOnResize\" data-wp-effect=\"effects.core.image.setButtonStyles\" data-wp-init=\"effects.core.image.initOriginImage\" data-wp-on--click=\"actions.core.image.showLightbox\" data-wp-on--load=\"actions.core.image.handleLoad\" data-id=\"578568\" src=\"http:\/\/nuevacordoba.net\/wp-content\/uploads\/2023\/12\/el-lunes-abren-las-inscripciones-a-las-escuelas-de-verano-de-cordoba-deportes-4.jpg\" alt class=\"wp-image-578568\" srcset=\"http:\/\/nuevacordoba.net\/wp-content\/uploads\/2023\/12\/el-lunes-abren-las-inscripciones-a-las-escuelas-de-verano-de-cordoba-deportes-4.jpg 1024w, http:\/\/nuevacordoba.net\/wp-content\/uploads\/2023\/12\/el-lunes-abren-las-inscripciones-a-las-escuelas-de-verano-de-cordoba-deportes-27.jpg 300w, http:\/\/nuevacordoba.net\/wp-content\/uploads\/2023\/12\/el-lunes-abren-las-inscripciones-a-las-escuelas-de-verano-de-cordoba-deportes-28.jpg 768w, http:\/\/nuevacordoba.net\/wp-content\/uploads\/2023\/12\/el-lunes-abren-las-inscripciones-a-las-escuelas-de-verano-de-cordoba-deportes-29.jpg 1536w, http:\/\/nuevacordoba.net\/wp-content\/uploads\/2023\/12\/el-lunes-abren-las-inscripciones-a-las-escuelas-de-verano-de-cordoba-deportes-30.jpg 1600w\" sizes=\"(max-width: 1024px) 100vw, 1024px\"><button class=\"lightbox-trigger\" type=\"button\" aria-haspopup=\"dialog\" aria-label=\"Ampliar la imagen\" data-wp-on--click=\"actions.core.image.showLightbox\" data-wp-style--right=\"context.core.image.imageButtonRight\" data-wp-style--top=\"context.core.image.imageButtonTop\"> <svg width=\"12\" height=\"12\" fill=\"none\" viewBox=\"0 0 12 12\"> <path fill=\"#fff\" d=\"M2 0a2 2 0 0 0-2 2v2h1.5V2a.5.5 0 0 1 .5-.5h2V0H2Zm2 10.5H2a.5.5 0 0 1-.5-.5V8H0v2a2 2 0 0 0 2 2h2v-1.5ZM8 12v-1.5h2a.5.5 0 0 0 .5-.5V8H12v2a2 2 0 0 1-2 2H8Zm2-12a2 2 0 0 1 2 2v2h-1.5V2a.5.5 0 0 0-.5-.5H8V0h2Z\" \/> <\/svg> <\/button> <\/p>\n<div data-wp-body class=\"wp-lightbox-overlay zoom\" data-wp-bind--role=\"selectors.core.image.roleAttribute\" data-wp-bind--aria-label=\"selectors.core.image.dialogLabel\" data-wp-class--initialized=\"context.core.image.initialized\" data-wp-class--active=\"context.core.image.lightboxEnabled\" data-wp-class--hideanimationenabled=\"context.core.image.hideAnimationEnabled\" data-wp-bind--aria-modal=\"selectors.core.image.ariaModal\" data-wp-effect=\"effects.core.image.initLightbox\" data-wp-on--keydown=\"actions.core.image.handleKeydown\" data-wp-on--touchstart=\"actions.core.image.handleTouchStart\" data-wp-on--touchmove=\"actions.core.image.handleTouchMove\" data-wp-on--touchend=\"actions.core.image.handleTouchEnd\" data-wp-on--click=\"actions.core.image.hideLightbox\" tabindex=\"-1\"> <button type=\"button\" aria-label=\"Cerrar\" class=\"close-button\" data-wp-on--click=\"actions.core.image.hideLightbox\"> <svg viewBox=\"0 0 24 24\" width=\"20\" height=\"20\" aria-hidden=\"true\" focusable=\"false\"><path d=\"M13 11.8l6.1-6.3-1-1-6.1 6.2-6.1-6.2-1 1 6.1 6.3-6.5 6.7 1 1 6.5-6.6 6.5 6.6 1-1z\" \/><\/svg> <\/button> <\/p>\n<div class=\"lightbox-image-container\">\n<figure class=\"wp-block-image size-large responsive-image\"><img decoding=\"async\" data-wp-bind--src=\"context.core.image.imageCurrentSrc\" data-wp-style--object-fit=\"selectors.core.image.lightboxObjectFit\" data-id=\"578568\" src=\"https:\/\/prensa.cba.gov.ar\/informacion-general\/el-lunes-abren-las-inscripciones-a-las-escuelas-de-verano-de-cordoba-deportes\/\" alt class=\"wp-image-578568\"><\/figure>\n<\/div>\n<div class=\"lightbox-image-container\">\n<figure class=\"wp-block-image size-large enlarged-image\"><img decoding=\"async\" data-wp-bind--src=\"selectors.core.image.enlargedImgSrc\" data-wp-style--object-fit=\"selectors.core.image.lightboxObjectFit\" data-id=\"578568\" src=\"https:\/\/prensa.cba.gov.ar\/informacion-general\/el-lunes-abren-las-inscripciones-a-las-escuelas-de-verano-de-cordoba-deportes\/\" alt class=\"wp-image-578568\"><\/figure>\n<\/div><\/div>\n<\/figure>\n<\/figure>\n<p><strong>Media jornada:<\/strong><\/p>\n<ul>\n<li>1 persona: $25.000<\/li>\n<li>2 hermanos: $43.500<\/li>\n<li>3 hermanos: $58.500<\/li>\n<li>4 hermanos: $74.000<\/li>\n<\/ul>\n<p><strong>Jornada completa, con almuerzo:<\/strong><\/p>\n<ul>\n<li>1 persona: $68.000<\/li>\n<li>2 hermanos: $105.000<\/li>\n<li>3 hermanos: $161.000<\/li>\n<li>4 hermanos: $205.000<\/li>\n<\/ul>\n<p>Para las personas con discapacidad, el costo es el 50% de lo estipulado en cada caso.<\/p>\n<figure class=\"wp-block-gallery has-nested-images columns-default is-cropped wp-block-gallery-3 is-layout-flex wp-block-gallery-is-layout-flex\">\n<figure data-wp-context=\"{ &quot;core&quot;: { &quot;image&quot;: { &quot;imageLoaded&quot;: false, &quot;initialized&quot;: false, &quot;lightboxEnabled&quot;: false, &quot;hideAnimationEnabled&quot;: false, &quot;preloadInitialized&quot;: false, &quot;lightboxAnimation&quot;: &quot;zoom&quot;, &quot;imageUploadedSrc&quot;: &quot;http:\/\/nuevacordoba.net\/wp-content\/uploads\/2023\/12\/el-lunes-abren-las-inscripciones-a-las-escuelas-de-verano-de-cordoba-deportes-34.jpg&quot;, &quot;imageCurrentSrc&quot;: &quot;&quot;, &quot;targetWidth&quot;: &quot;1600&quot;, &quot;targetHeight&quot;: &quot;850&quot;, &quot;scaleAttr&quot;: &quot;&quot;, &quot;dialogLabel&quot;: &quot;Imagen ampliada&quot; } } }\" data-wp-interactive class=\"wp-block-image size-large wp-lightbox-container\"><img loading=\"lazy\" decoding=\"async\" width=\"1024\" height=\"544\" data-wp-effect--setstylesonresize=\"effects.core.image.setStylesOnResize\" data-wp-effect=\"effects.core.image.setButtonStyles\" data-wp-init=\"effects.core.image.initOriginImage\" data-wp-on--click=\"actions.core.image.showLightbox\" data-wp-on--load=\"actions.core.image.handleLoad\" data-id=\"578569\" src=\"http:\/\/nuevacordoba.net\/wp-content\/uploads\/2023\/12\/el-lunes-abren-las-inscripciones-a-las-escuelas-de-verano-de-cordoba-deportes-5.jpg\" alt class=\"wp-image-578569\" srcset=\"http:\/\/nuevacordoba.net\/wp-content\/uploads\/2023\/12\/el-lunes-abren-las-inscripciones-a-las-escuelas-de-verano-de-cordoba-deportes-5.jpg 1024w, http:\/\/nuevacordoba.net\/wp-content\/uploads\/2023\/12\/el-lunes-abren-las-inscripciones-a-las-escuelas-de-verano-de-cordoba-deportes-31.jpg 300w, http:\/\/nuevacordoba.net\/wp-content\/uploads\/2023\/12\/el-lunes-abren-las-inscripciones-a-las-escuelas-de-verano-de-cordoba-deportes-32.jpg 768w, http:\/\/nuevacordoba.net\/wp-content\/uploads\/2023\/12\/el-lunes-abren-las-inscripciones-a-las-escuelas-de-verano-de-cordoba-deportes-33.jpg 1536w, http:\/\/nuevacordoba.net\/wp-content\/uploads\/2023\/12\/el-lunes-abren-las-inscripciones-a-las-escuelas-de-verano-de-cordoba-deportes-34.jpg 1600w\" sizes=\"(max-width: 1024px) 100vw, 1024px\"><button class=\"lightbox-trigger\" type=\"button\" aria-haspopup=\"dialog\" aria-label=\"Ampliar la imagen\" data-wp-on--click=\"actions.core.image.showLightbox\" data-wp-style--right=\"context.core.image.imageButtonRight\" data-wp-style--top=\"context.core.image.imageButtonTop\"> <svg width=\"12\" height=\"12\" fill=\"none\" viewBox=\"0 0 12 12\"> <path fill=\"#fff\" d=\"M2 0a2 2 0 0 0-2 2v2h1.5V2a.5.5 0 0 1 .5-.5h2V0H2Zm2 10.5H2a.5.5 0 0 1-.5-.5V8H0v2a2 2 0 0 0 2 2h2v-1.5ZM8 12v-1.5h2a.5.5 0 0 0 .5-.5V8H12v2a2 2 0 0 1-2 2H8Zm2-12a2 2 0 0 1 2 2v2h-1.5V2a.5.5 0 0 0-.5-.5H8V0h2Z\" \/> <\/svg> <\/button> <\/p>\n<div data-wp-body class=\"wp-lightbox-overlay zoom\" data-wp-bind--role=\"selectors.core.image.roleAttribute\" data-wp-bind--aria-label=\"selectors.core.image.dialogLabel\" data-wp-class--initialized=\"context.core.image.initialized\" data-wp-class--active=\"context.core.image.lightboxEnabled\" data-wp-class--hideanimationenabled=\"context.core.image.hideAnimationEnabled\" data-wp-bind--aria-modal=\"selectors.core.image.ariaModal\" data-wp-effect=\"effects.core.image.initLightbox\" data-wp-on--keydown=\"actions.core.image.handleKeydown\" data-wp-on--touchstart=\"actions.core.image.handleTouchStart\" data-wp-on--touchmove=\"actions.core.image.handleTouchMove\" data-wp-on--touchend=\"actions.core.image.handleTouchEnd\" data-wp-on--click=\"actions.core.image.hideLightbox\" tabindex=\"-1\"> <button type=\"button\" aria-label=\"Cerrar\" class=\"close-button\" data-wp-on--click=\"actions.core.image.hideLightbox\"> <svg viewBox=\"0 0 24 24\" width=\"20\" height=\"20\" aria-hidden=\"true\" focusable=\"false\"><path d=\"M13 11.8l6.1-6.3-1-1-6.1 6.2-6.1-6.2-1 1 6.1 6.3-6.5 6.7 1 1 6.5-6.6 6.5 6.6 1-1z\" \/><\/svg> <\/button> <\/p>\n<div class=\"lightbox-image-container\">\n<figure class=\"wp-block-image size-large responsive-image\"><img decoding=\"async\" data-wp-bind--src=\"context.core.image.imageCurrentSrc\" data-wp-style--object-fit=\"selectors.core.image.lightboxObjectFit\" data-id=\"578569\" src=\"https:\/\/prensa.cba.gov.ar\/informacion-general\/el-lunes-abren-las-inscripciones-a-las-escuelas-de-verano-de-cordoba-deportes\/\" alt class=\"wp-image-578569\"><\/figure>\n<\/div>\n<div class=\"lightbox-image-container\">\n<figure class=\"wp-block-image size-large enlarged-image\"><img decoding=\"async\" data-wp-bind--src=\"selectors.core.image.enlargedImgSrc\" data-wp-style--object-fit=\"selectors.core.image.lightboxObjectFit\" data-id=\"578569\" src=\"https:\/\/prensa.cba.gov.ar\/informacion-general\/el-lunes-abren-las-inscripciones-a-las-escuelas-de-verano-de-cordoba-deportes\/\" alt class=\"wp-image-578569\"><\/figure>\n<\/div><\/div>\n<\/figure>\n<figure data-wp-context=\"{ &quot;core&quot;: { &quot;image&quot;: { &quot;imageLoaded&quot;: false, &quot;initialized&quot;: false, &quot;lightboxEnabled&quot;: false, &quot;hideAnimationEnabled&quot;: false, &quot;preloadInitialized&quot;: false, &quot;lightboxAnimation&quot;: &quot;zoom&quot;, &quot;imageUploadedSrc&quot;: &quot;http:\/\/nuevacordoba.net\/wp-content\/uploads\/2023\/12\/el-lunes-abren-las-inscripciones-a-las-escuelas-de-verano-de-cordoba-deportes-38.jpg&quot;, &quot;imageCurrentSrc&quot;: &quot;&quot;, &quot;targetWidth&quot;: &quot;1600&quot;, &quot;targetHeight&quot;: &quot;850&quot;, &quot;scaleAttr&quot;: &quot;&quot;, &quot;dialogLabel&quot;: &quot;Imagen ampliada&quot; } } }\" data-wp-interactive class=\"wp-block-image size-large wp-lightbox-container\"><img loading=\"lazy\" decoding=\"async\" width=\"1024\" height=\"544\" data-wp-effect--setstylesonresize=\"effects.core.image.setStylesOnResize\" data-wp-effect=\"effects.core.image.setButtonStyles\" data-wp-init=\"effects.core.image.initOriginImage\" data-wp-on--click=\"actions.core.image.showLightbox\" data-wp-on--load=\"actions.core.image.handleLoad\" data-id=\"578570\" src=\"http:\/\/nuevacordoba.net\/wp-content\/uploads\/2023\/12\/el-lunes-abren-las-inscripciones-a-las-escuelas-de-verano-de-cordoba-deportes-6.jpg\" alt class=\"wp-image-578570\" srcset=\"http:\/\/nuevacordoba.net\/wp-content\/uploads\/2023\/12\/el-lunes-abren-las-inscripciones-a-las-escuelas-de-verano-de-cordoba-deportes-6.jpg 1024w, http:\/\/nuevacordoba.net\/wp-content\/uploads\/2023\/12\/el-lunes-abren-las-inscripciones-a-las-escuelas-de-verano-de-cordoba-deportes-35.jpg 300w, http:\/\/nuevacordoba.net\/wp-content\/uploads\/2023\/12\/el-lunes-abren-las-inscripciones-a-las-escuelas-de-verano-de-cordoba-deportes-36.jpg 768w, http:\/\/nuevacordoba.net\/wp-content\/uploads\/2023\/12\/el-lunes-abren-las-inscripciones-a-las-escuelas-de-verano-de-cordoba-deportes-37.jpg 1536w, http:\/\/nuevacordoba.net\/wp-content\/uploads\/2023\/12\/el-lunes-abren-las-inscripciones-a-las-escuelas-de-verano-de-cordoba-deportes-38.jpg 1600w\" sizes=\"(max-width: 1024px) 100vw, 1024px\"><button class=\"lightbox-trigger\" type=\"button\" aria-haspopup=\"dialog\" aria-label=\"Ampliar la imagen\" data-wp-on--click=\"actions.core.image.showLightbox\" data-wp-style--right=\"context.core.image.imageButtonRight\" data-wp-style--top=\"context.core.image.imageButtonTop\"> <svg width=\"12\" height=\"12\" fill=\"none\" viewBox=\"0 0 12 12\"> <path fill=\"#fff\" d=\"M2 0a2 2 0 0 0-2 2v2h1.5V2a.5.5 0 0 1 .5-.5h2V0H2Zm2 10.5H2a.5.5 0 0 1-.5-.5V8H0v2a2 2 0 0 0 2 2h2v-1.5ZM8 12v-1.5h2a.5.5 0 0 0 .5-.5V8H12v2a2 2 0 0 1-2 2H8Zm2-12a2 2 0 0 1 2 2v2h-1.5V2a.5.5 0 0 0-.5-.5H8V0h2Z\" \/> <\/svg> <\/button> <\/p>\n<div data-wp-body class=\"wp-lightbox-overlay zoom\" data-wp-bind--role=\"selectors.core.image.roleAttribute\" data-wp-bind--aria-label=\"selectors.core.image.dialogLabel\" data-wp-class--initialized=\"context.core.image.initialized\" data-wp-class--active=\"context.core.image.lightboxEnabled\" data-wp-class--hideanimationenabled=\"context.core.image.hideAnimationEnabled\" data-wp-bind--aria-modal=\"selectors.core.image.ariaModal\" data-wp-effect=\"effects.core.image.initLightbox\" data-wp-on--keydown=\"actions.core.image.handleKeydown\" data-wp-on--touchstart=\"actions.core.image.handleTouchStart\" data-wp-on--touchmove=\"actions.core.image.handleTouchMove\" data-wp-on--touchend=\"actions.core.image.handleTouchEnd\" data-wp-on--click=\"actions.core.image.hideLightbox\" tabindex=\"-1\"> <button type=\"button\" aria-label=\"Cerrar\" class=\"close-button\" data-wp-on--click=\"actions.core.image.hideLightbox\"> <svg viewBox=\"0 0 24 24\" width=\"20\" height=\"20\" aria-hidden=\"true\" focusable=\"false\"><path d=\"M13 11.8l6.1-6.3-1-1-6.1 6.2-6.1-6.2-1 1 6.1 6.3-6.5 6.7 1 1 6.5-6.6 6.5 6.6 1-1z\" \/><\/svg> <\/button> <\/p>\n<div class=\"lightbox-image-container\">\n<figure class=\"wp-block-image size-large responsive-image\"><img decoding=\"async\" data-wp-bind--src=\"context.core.image.imageCurrentSrc\" data-wp-style--object-fit=\"selectors.core.image.lightboxObjectFit\" data-id=\"578570\" src=\"https:\/\/prensa.cba.gov.ar\/informacion-general\/el-lunes-abren-las-inscripciones-a-las-escuelas-de-verano-de-cordoba-deportes\/\" alt class=\"wp-image-578570\"><\/figure>\n<\/div>\n<div class=\"lightbox-image-container\">\n<figure class=\"wp-block-image size-large enlarged-image\"><img decoding=\"async\" data-wp-bind--src=\"selectors.core.image.enlargedImgSrc\" data-wp-style--object-fit=\"selectors.core.image.lightboxObjectFit\" data-id=\"578570\" src=\"https:\/\/prensa.cba.gov.ar\/informacion-general\/el-lunes-abren-las-inscripciones-a-las-escuelas-de-verano-de-cordoba-deportes\/\" alt class=\"wp-image-578570\"><\/figure>\n<\/div><\/div>\n<\/figure>\n<figure data-wp-context=\"{ &quot;core&quot;: { &quot;image&quot;: { &quot;imageLoaded&quot;: false, &quot;initialized&quot;: false, &quot;lightboxEnabled&quot;: false, &quot;hideAnimationEnabled&quot;: false, &quot;preloadInitialized&quot;: false, &quot;lightboxAnimation&quot;: &quot;zoom&quot;, &quot;imageUploadedSrc&quot;: &quot;http:\/\/nuevacordoba.net\/wp-content\/uploads\/2023\/12\/el-lunes-abren-las-inscripciones-a-las-escuelas-de-verano-de-cordoba-deportes-42.jpg&quot;, &quot;imageCurrentSrc&quot;: &quot;&quot;, &quot;targetWidth&quot;: &quot;1600&quot;, &quot;targetHeight&quot;: &quot;850&quot;, &quot;scaleAttr&quot;: &quot;&quot;, &quot;dialogLabel&quot;: &quot;Imagen ampliada&quot; } } }\" data-wp-interactive class=\"wp-block-image size-large wp-lightbox-container\"><img loading=\"lazy\" decoding=\"async\" width=\"1024\" height=\"544\" data-wp-effect--setstylesonresize=\"effects.core.image.setStylesOnResize\" data-wp-effect=\"effects.core.image.setButtonStyles\" data-wp-init=\"effects.core.image.initOriginImage\" data-wp-on--click=\"actions.core.image.showLightbox\" data-wp-on--load=\"actions.core.image.handleLoad\" data-id=\"578571\" src=\"http:\/\/nuevacordoba.net\/wp-content\/uploads\/2023\/12\/el-lunes-abren-las-inscripciones-a-las-escuelas-de-verano-de-cordoba-deportes-7.jpg\" alt class=\"wp-image-578571\" srcset=\"http:\/\/nuevacordoba.net\/wp-content\/uploads\/2023\/12\/el-lunes-abren-las-inscripciones-a-las-escuelas-de-verano-de-cordoba-deportes-7.jpg 1024w, http:\/\/nuevacordoba.net\/wp-content\/uploads\/2023\/12\/el-lunes-abren-las-inscripciones-a-las-escuelas-de-verano-de-cordoba-deportes-39.jpg 300w, http:\/\/nuevacordoba.net\/wp-content\/uploads\/2023\/12\/el-lunes-abren-las-inscripciones-a-las-escuelas-de-verano-de-cordoba-deportes-40.jpg 768w, http:\/\/nuevacordoba.net\/wp-content\/uploads\/2023\/12\/el-lunes-abren-las-inscripciones-a-las-escuelas-de-verano-de-cordoba-deportes-41.jpg 1536w, http:\/\/nuevacordoba.net\/wp-content\/uploads\/2023\/12\/el-lunes-abren-las-inscripciones-a-las-escuelas-de-verano-de-cordoba-deportes-42.jpg 1600w\" sizes=\"(max-width: 1024px) 100vw, 1024px\"><button class=\"lightbox-trigger\" type=\"button\" aria-haspopup=\"dialog\" aria-label=\"Ampliar la imagen\" data-wp-on--click=\"actions.core.image.showLightbox\" data-wp-style--right=\"context.core.image.imageButtonRight\" data-wp-style--top=\"context.core.image.imageButtonTop\"> <svg width=\"12\" height=\"12\" fill=\"none\" viewBox=\"0 0 12 12\"> <path fill=\"#fff\" d=\"M2 0a2 2 0 0 0-2 2v2h1.5V2a.5.5 0 0 1 .5-.5h2V0H2Zm2 10.5H2a.5.5 0 0 1-.5-.5V8H0v2a2 2 0 0 0 2 2h2v-1.5ZM8 12v-1.5h2a.5.5 0 0 0 .5-.5V8H12v2a2 2 0 0 1-2 2H8Zm2-12a2 2 0 0 1 2 2v2h-1.5V2a.5.5 0 0 0-.5-.5H8V0h2Z\" \/> <\/svg> <\/button> <\/p>\n<div data-wp-body class=\"wp-lightbox-overlay zoom\" data-wp-bind--role=\"selectors.core.image.roleAttribute\" data-wp-bind--aria-label=\"selectors.core.image.dialogLabel\" data-wp-class--initialized=\"context.core.image.initialized\" data-wp-class--active=\"context.core.image.lightboxEnabled\" data-wp-class--hideanimationenabled=\"context.core.image.hideAnimationEnabled\" data-wp-bind--aria-modal=\"selectors.core.image.ariaModal\" data-wp-effect=\"effects.core.image.initLightbox\" data-wp-on--keydown=\"actions.core.image.handleKeydown\" data-wp-on--touchstart=\"actions.core.image.handleTouchStart\" data-wp-on--touchmove=\"actions.core.image.handleTouchMove\" data-wp-on--touchend=\"actions.core.image.handleTouchEnd\" data-wp-on--click=\"actions.core.image.hideLightbox\" tabindex=\"-1\"> <button type=\"button\" aria-label=\"Cerrar\" class=\"close-button\" data-wp-on--click=\"actions.core.image.hideLightbox\"> <svg viewBox=\"0 0 24 24\" width=\"20\" height=\"20\" aria-hidden=\"true\" focusable=\"false\"><path d=\"M13 11.8l6.1-6.3-1-1-6.1 6.2-6.1-6.2-1 1 6.1 6.3-6.5 6.7 1 1 6.5-6.6 6.5 6.6 1-1z\" \/><\/svg> <\/button> <\/p>\n<div class=\"lightbox-image-container\">\n<figure class=\"wp-block-image size-large responsive-image\"><img decoding=\"async\" data-wp-bind--src=\"context.core.image.imageCurrentSrc\" data-wp-style--object-fit=\"selectors.core.image.lightboxObjectFit\" data-id=\"578571\" src=\"https:\/\/prensa.cba.gov.ar\/informacion-general\/el-lunes-abren-las-inscripciones-a-las-escuelas-de-verano-de-cordoba-deportes\/\" alt class=\"wp-image-578571\"><\/figure>\n<\/div>\n<div class=\"lightbox-image-container\">\n<figure class=\"wp-block-image size-large enlarged-image\"><img decoding=\"async\" data-wp-bind--src=\"selectors.core.image.enlargedImgSrc\" data-wp-style--object-fit=\"selectors.core.image.lightboxObjectFit\" data-id=\"578571\" src=\"https:\/\/prensa.cba.gov.ar\/informacion-general\/el-lunes-abren-las-inscripciones-a-las-escuelas-de-verano-de-cordoba-deportes\/\" alt class=\"wp-image-578571\"><\/figure>\n<\/div><\/div>\n<\/figure>\n<\/figure>\n<p><strong>Escuelas de verano en los Centros Deportivos:<\/strong><\/p>\n<p><strong><u>Escuelas de verano en los Centros Deportivos<\/u>:<\/strong><\/p>\n<p>Se desarrollar\u00e1n por la ma\u00f1ana, de lunes a viernes de 9.30. a 12:30 con inscripciones presenciales en cada espacio y descuentos especiales para grupos familiares.<\/p>\n<p><strong>Centro de Desarrollo Villa Allende&nbsp;<\/strong>(Av. Goycoechea 1810) Valor de la cuota mensual<br \/>\u2022&nbsp;&nbsp;&nbsp;&nbsp;&nbsp;&nbsp;&nbsp;&nbsp;&nbsp;&nbsp;&nbsp;&nbsp; 1 persona: $12.000<br \/>\u2022&nbsp;&nbsp;&nbsp;&nbsp;&nbsp;&nbsp;&nbsp;&nbsp;&nbsp;&nbsp;&nbsp;&nbsp; 2 hermanos: $21.400<br \/>\u2022&nbsp;&nbsp;&nbsp;&nbsp;&nbsp;&nbsp;&nbsp;&nbsp;&nbsp;&nbsp;&nbsp;&nbsp; 3 hermanos: $28.400<br \/>\u2022&nbsp;&nbsp;&nbsp;&nbsp;&nbsp;&nbsp;&nbsp;&nbsp;&nbsp;&nbsp;&nbsp;&nbsp; 4 hermanos: $35.700<\/p>\n<p>Las personas con discapacidad tienen ingreso gratuito.<\/p>\n<p><strong>Centros de Desarrollo G\u00fcemes<\/strong>&nbsp;(Sim\u00f3n Bol\u00edvar 836),&nbsp;<strong>Rafael N\u00fa\u00f1ez<\/strong>&nbsp;(Alem 544) y<strong>&nbsp;Talleres Oeste<\/strong>&nbsp;(Punta del Sauce y Puerto de Palos)<br \/>\u2022&nbsp;&nbsp;&nbsp;&nbsp;&nbsp;&nbsp;&nbsp;&nbsp;&nbsp;&nbsp;&nbsp;&nbsp; 1 persona: $9500<br \/>\u2022&nbsp;&nbsp;&nbsp;&nbsp;&nbsp;&nbsp;&nbsp;&nbsp;&nbsp;&nbsp;&nbsp;&nbsp; 2 hermanos: $17.000<br \/>\u2022&nbsp;&nbsp;&nbsp;&nbsp;&nbsp;&nbsp;&nbsp;&nbsp;&nbsp;&nbsp;&nbsp;&nbsp; 3 hermanos: $22.70<br \/>\u2022&nbsp;&nbsp;&nbsp;&nbsp;&nbsp;&nbsp;&nbsp;&nbsp;&nbsp;&nbsp;&nbsp;&nbsp; 4 hermanos: $ 28.400<\/p>\n<p>Las personas con discapacidad tienen ingreso gratuito.<\/p>\n<p><strong>Centro de Desarrollo Mercantil<\/strong>&nbsp;(Onofre Marimon y Boitenko)<br \/>\u2022&nbsp;&nbsp;&nbsp;&nbsp;&nbsp;&nbsp;&nbsp;&nbsp;&nbsp;&nbsp;&nbsp;&nbsp; 1 persona: $7600<br \/>\u2022&nbsp;&nbsp;&nbsp;&nbsp;&nbsp;&nbsp;&nbsp;&nbsp;&nbsp;&nbsp;&nbsp;&nbsp; 2 hermanos: $13.700<br \/>\u2022&nbsp;&nbsp;&nbsp;&nbsp;&nbsp;&nbsp;&nbsp;&nbsp;&nbsp;&nbsp;&nbsp;&nbsp; 3 hermanos: $18.000<br \/>\u2022&nbsp;&nbsp;&nbsp;&nbsp;&nbsp;&nbsp;&nbsp;&nbsp;&nbsp;&nbsp;&nbsp;&nbsp; 4 hermanos: $22.700<\/p>\n<p><strong>En los Centros de Desarrollo Los Filtros<\/strong>&nbsp;(Aviador Locatelli 1123) y&nbsp;<strong>Villa el Libertador<\/strong>&nbsp;(Pilcomayo entre R\u00edo de Janeiro y Pasaje 4), la escuela de verano es gratuita.<\/p>\n<p><strong>Pileta libre:<\/strong><\/p>\n<p>Se podr\u00e1 concurrir desde el 18 de diciembre de 2023 al 23 de febrero de 2024, de lunes a viernes, de 14:00 a 19:00.<\/p>\n<p>Tendr\u00e1 un valor de $750 por d\u00eda (por persona) y de $7500 mensual (por persona) y las inscripciones se realizar\u00e1n de forma presencial en cada Centro de Desarrollo Deportivo.<\/p>\n<figure class=\"wp-block-gallery has-nested-images columns-default is-cropped wp-block-gallery-4 is-layout-flex wp-block-gallery-is-layout-flex\">\n<figure data-wp-context=\"{ &quot;core&quot;: { &quot;image&quot;: { &quot;imageLoaded&quot;: false, &quot;initialized&quot;: false, &quot;lightboxEnabled&quot;: false, &quot;hideAnimationEnabled&quot;: false, &quot;preloadInitialized&quot;: false, &quot;lightboxAnimation&quot;: &quot;zoom&quot;, &quot;imageUploadedSrc&quot;: &quot;http:\/\/nuevacordoba.net\/wp-content\/uploads\/2023\/12\/el-lunes-abren-las-inscripciones-a-las-escuelas-de-verano-de-cordoba-deportes-46.jpg&quot;, &quot;imageCurrentSrc&quot;: &quot;&quot;, &quot;targetWidth&quot;: &quot;1600&quot;, &quot;targetHeight&quot;: &quot;850&quot;, &quot;scaleAttr&quot;: &quot;&quot;, &quot;dialogLabel&quot;: &quot;Imagen ampliada&quot; } } }\" data-wp-interactive class=\"wp-block-image size-large wp-lightbox-container\"><img loading=\"lazy\" decoding=\"async\" width=\"1024\" height=\"544\" data-wp-effect--setstylesonresize=\"effects.core.image.setStylesOnResize\" data-wp-effect=\"effects.core.image.setButtonStyles\" data-wp-init=\"effects.core.image.initOriginImage\" data-wp-on--click=\"actions.core.image.showLightbox\" data-wp-on--load=\"actions.core.image.handleLoad\" data-id=\"578575\" src=\"http:\/\/nuevacordoba.net\/wp-content\/uploads\/2023\/12\/el-lunes-abren-las-inscripciones-a-las-escuelas-de-verano-de-cordoba-deportes-8.jpg\" alt class=\"wp-image-578575\" srcset=\"http:\/\/nuevacordoba.net\/wp-content\/uploads\/2023\/12\/el-lunes-abren-las-inscripciones-a-las-escuelas-de-verano-de-cordoba-deportes-8.jpg 1024w, http:\/\/nuevacordoba.net\/wp-content\/uploads\/2023\/12\/el-lunes-abren-las-inscripciones-a-las-escuelas-de-verano-de-cordoba-deportes-43.jpg 300w, http:\/\/nuevacordoba.net\/wp-content\/uploads\/2023\/12\/el-lunes-abren-las-inscripciones-a-las-escuelas-de-verano-de-cordoba-deportes-44.jpg 768w, http:\/\/nuevacordoba.net\/wp-content\/uploads\/2023\/12\/el-lunes-abren-las-inscripciones-a-las-escuelas-de-verano-de-cordoba-deportes-45.jpg 1536w, http:\/\/nuevacordoba.net\/wp-content\/uploads\/2023\/12\/el-lunes-abren-las-inscripciones-a-las-escuelas-de-verano-de-cordoba-deportes-46.jpg 1600w\" sizes=\"(max-width: 1024px) 100vw, 1024px\"><button class=\"lightbox-trigger\" type=\"button\" aria-haspopup=\"dialog\" aria-label=\"Ampliar la imagen\" data-wp-on--click=\"actions.core.image.showLightbox\" data-wp-style--right=\"context.core.image.imageButtonRight\" data-wp-style--top=\"context.core.image.imageButtonTop\"> <svg width=\"12\" height=\"12\" fill=\"none\" viewBox=\"0 0 12 12\"> <path fill=\"#fff\" d=\"M2 0a2 2 0 0 0-2 2v2h1.5V2a.5.5 0 0 1 .5-.5h2V0H2Zm2 10.5H2a.5.5 0 0 1-.5-.5V8H0v2a2 2 0 0 0 2 2h2v-1.5ZM8 12v-1.5h2a.5.5 0 0 0 .5-.5V8H12v2a2 2 0 0 1-2 2H8Zm2-12a2 2 0 0 1 2 2v2h-1.5V2a.5.5 0 0 0-.5-.5H8V0h2Z\" \/> <\/svg> <\/button> <\/p>\n<div data-wp-body class=\"wp-lightbox-overlay zoom\" data-wp-bind--role=\"selectors.core.image.roleAttribute\" data-wp-bind--aria-label=\"selectors.core.image.dialogLabel\" data-wp-class--initialized=\"context.core.image.initialized\" data-wp-class--active=\"context.core.image.lightboxEnabled\" data-wp-class--hideanimationenabled=\"context.core.image.hideAnimationEnabled\" data-wp-bind--aria-modal=\"selectors.core.image.ariaModal\" data-wp-effect=\"effects.core.image.initLightbox\" data-wp-on--keydown=\"actions.core.image.handleKeydown\" data-wp-on--touchstart=\"actions.core.image.handleTouchStart\" data-wp-on--touchmove=\"actions.core.image.handleTouchMove\" data-wp-on--touchend=\"actions.core.image.handleTouchEnd\" data-wp-on--click=\"actions.core.image.hideLightbox\" tabindex=\"-1\"> <button type=\"button\" aria-label=\"Cerrar\" class=\"close-button\" data-wp-on--click=\"actions.core.image.hideLightbox\"> <svg viewBox=\"0 0 24 24\" width=\"20\" height=\"20\" aria-hidden=\"true\" focusable=\"false\"><path d=\"M13 11.8l6.1-6.3-1-1-6.1 6.2-6.1-6.2-1 1 6.1 6.3-6.5 6.7 1 1 6.5-6.6 6.5 6.6 1-1z\" \/><\/svg> <\/button> <\/p>\n<div class=\"lightbox-image-container\">\n<figure class=\"wp-block-image size-large responsive-image\"><img decoding=\"async\" data-wp-bind--src=\"context.core.image.imageCurrentSrc\" data-wp-style--object-fit=\"selectors.core.image.lightboxObjectFit\" data-id=\"578575\" src=\"https:\/\/prensa.cba.gov.ar\/informacion-general\/el-lunes-abren-las-inscripciones-a-las-escuelas-de-verano-de-cordoba-deportes\/\" alt class=\"wp-image-578575\"><\/figure>\n<\/div>\n<div class=\"lightbox-image-container\">\n<figure class=\"wp-block-image size-large enlarged-image\"><img decoding=\"async\" data-wp-bind--src=\"selectors.core.image.enlargedImgSrc\" data-wp-style--object-fit=\"selectors.core.image.lightboxObjectFit\" data-id=\"578575\" src=\"https:\/\/prensa.cba.gov.ar\/informacion-general\/el-lunes-abren-las-inscripciones-a-las-escuelas-de-verano-de-cordoba-deportes\/\" alt class=\"wp-image-578575\"><\/figure>\n<\/div><\/div>\n<\/figure>\n<figure data-wp-context=\"{ &quot;core&quot;: { &quot;image&quot;: { &quot;imageLoaded&quot;: false, &quot;initialized&quot;: false, &quot;lightboxEnabled&quot;: false, &quot;hideAnimationEnabled&quot;: false, &quot;preloadInitialized&quot;: false, &quot;lightboxAnimation&quot;: &quot;zoom&quot;, &quot;imageUploadedSrc&quot;: &quot;http:\/\/nuevacordoba.net\/wp-content\/uploads\/2023\/12\/el-lunes-abren-las-inscripciones-a-las-escuelas-de-verano-de-cordoba-deportes-50.jpg&quot;, &quot;imageCurrentSrc&quot;: &quot;&quot;, &quot;targetWidth&quot;: &quot;1600&quot;, &quot;targetHeight&quot;: &quot;850&quot;, &quot;scaleAttr&quot;: &quot;&quot;, &quot;dialogLabel&quot;: &quot;Imagen ampliada&quot; } } }\" data-wp-interactive class=\"wp-block-image size-large wp-lightbox-container\"><img loading=\"lazy\" decoding=\"async\" width=\"1024\" height=\"544\" data-wp-effect--setstylesonresize=\"effects.core.image.setStylesOnResize\" data-wp-effect=\"effects.core.image.setButtonStyles\" data-wp-init=\"effects.core.image.initOriginImage\" data-wp-on--click=\"actions.core.image.showLightbox\" data-wp-on--load=\"actions.core.image.handleLoad\" data-id=\"578574\" src=\"http:\/\/nuevacordoba.net\/wp-content\/uploads\/2023\/12\/el-lunes-abren-las-inscripciones-a-las-escuelas-de-verano-de-cordoba-deportes-9.jpg\" alt class=\"wp-image-578574\" srcset=\"http:\/\/nuevacordoba.net\/wp-content\/uploads\/2023\/12\/el-lunes-abren-las-inscripciones-a-las-escuelas-de-verano-de-cordoba-deportes-9.jpg 1024w, http:\/\/nuevacordoba.net\/wp-content\/uploads\/2023\/12\/el-lunes-abren-las-inscripciones-a-las-escuelas-de-verano-de-cordoba-deportes-47.jpg 300w, http:\/\/nuevacordoba.net\/wp-content\/uploads\/2023\/12\/el-lunes-abren-las-inscripciones-a-las-escuelas-de-verano-de-cordoba-deportes-48.jpg 768w, http:\/\/nuevacordoba.net\/wp-content\/uploads\/2023\/12\/el-lunes-abren-las-inscripciones-a-las-escuelas-de-verano-de-cordoba-deportes-49.jpg 1536w, http:\/\/nuevacordoba.net\/wp-content\/uploads\/2023\/12\/el-lunes-abren-las-inscripciones-a-las-escuelas-de-verano-de-cordoba-deportes-50.jpg 1600w\" sizes=\"(max-width: 1024px) 100vw, 1024px\"><button class=\"lightbox-trigger\" type=\"button\" aria-haspopup=\"dialog\" aria-label=\"Ampliar la imagen\" data-wp-on--click=\"actions.core.image.showLightbox\" data-wp-style--right=\"context.core.image.imageButtonRight\" data-wp-style--top=\"context.core.image.imageButtonTop\"> <svg width=\"12\" height=\"12\" fill=\"none\" viewBox=\"0 0 12 12\"> <path fill=\"#fff\" d=\"M2 0a2 2 0 0 0-2 2v2h1.5V2a.5.5 0 0 1 .5-.5h2V0H2Zm2 10.5H2a.5.5 0 0 1-.5-.5V8H0v2a2 2 0 0 0 2 2h2v-1.5ZM8 12v-1.5h2a.5.5 0 0 0 .5-.5V8H12v2a2 2 0 0 1-2 2H8Zm2-12a2 2 0 0 1 2 2v2h-1.5V2a.5.5 0 0 0-.5-.5H8V0h2Z\" \/> <\/svg> <\/button> <\/p>\n<div data-wp-body class=\"wp-lightbox-overlay zoom\" data-wp-bind--role=\"selectors.core.image.roleAttribute\" data-wp-bind--aria-label=\"selectors.core.image.dialogLabel\" data-wp-class--initialized=\"context.core.image.initialized\" data-wp-class--active=\"context.core.image.lightboxEnabled\" data-wp-class--hideanimationenabled=\"context.core.image.hideAnimationEnabled\" data-wp-bind--aria-modal=\"selectors.core.image.ariaModal\" data-wp-effect=\"effects.core.image.initLightbox\" data-wp-on--keydown=\"actions.core.image.handleKeydown\" data-wp-on--touchstart=\"actions.core.image.handleTouchStart\" data-wp-on--touchmove=\"actions.core.image.handleTouchMove\" data-wp-on--touchend=\"actions.core.image.handleTouchEnd\" data-wp-on--click=\"actions.core.image.hideLightbox\" tabindex=\"-1\"> <button type=\"button\" aria-label=\"Cerrar\" class=\"close-button\" data-wp-on--click=\"actions.core.image.hideLightbox\"> <svg viewBox=\"0 0 24 24\" width=\"20\" height=\"20\" aria-hidden=\"true\" focusable=\"false\"><path d=\"M13 11.8l6.1-6.3-1-1-6.1 6.2-6.1-6.2-1 1 6.1 6.3-6.5 6.7 1 1 6.5-6.6 6.5 6.6 1-1z\" \/><\/svg> <\/button> <\/p>\n<div class=\"lightbox-image-container\">\n<figure class=\"wp-block-image size-large responsive-image\"><img decoding=\"async\" data-wp-bind--src=\"context.core.image.imageCurrentSrc\" data-wp-style--object-fit=\"selectors.core.image.lightboxObjectFit\" data-id=\"578574\" src=\"https:\/\/prensa.cba.gov.ar\/informacion-general\/el-lunes-abren-las-inscripciones-a-las-escuelas-de-verano-de-cordoba-deportes\/\" alt class=\"wp-image-578574\"><\/figure>\n<\/div>\n<div class=\"lightbox-image-container\">\n<figure class=\"wp-block-image size-large enlarged-image\"><img decoding=\"async\" data-wp-bind--src=\"selectors.core.image.enlargedImgSrc\" data-wp-style--object-fit=\"selectors.core.image.lightboxObjectFit\" data-id=\"578574\" src=\"https:\/\/prensa.cba.gov.ar\/informacion-general\/el-lunes-abren-las-inscripciones-a-las-escuelas-de-verano-de-cordoba-deportes\/\" alt class=\"wp-image-578574\"><\/figure>\n<\/div><\/div>\n<\/figure>\n<figure data-wp-context=\"{ &quot;core&quot;: { &quot;image&quot;: { &quot;imageLoaded&quot;: false, &quot;initialized&quot;: false, &quot;lightboxEnabled&quot;: false, &quot;hideAnimationEnabled&quot;: false, &quot;preloadInitialized&quot;: false, &quot;lightboxAnimation&quot;: &quot;zoom&quot;, &quot;imageUploadedSrc&quot;: &quot;http:\/\/nuevacordoba.net\/wp-content\/uploads\/2023\/12\/el-lunes-abren-las-inscripciones-a-las-escuelas-de-verano-de-cordoba-deportes-54.jpg&quot;, &quot;imageCurrentSrc&quot;: &quot;&quot;, &quot;targetWidth&quot;: &quot;1600&quot;, &quot;targetHeight&quot;: &quot;850&quot;, &quot;scaleAttr&quot;: &quot;&quot;, &quot;dialogLabel&quot;: &quot;Imagen ampliada&quot; } } }\" data-wp-interactive class=\"wp-block-image size-large wp-lightbox-container\"><img loading=\"lazy\" decoding=\"async\" width=\"1024\" height=\"544\" data-wp-effect--setstylesonresize=\"effects.core.image.setStylesOnResize\" data-wp-effect=\"effects.core.image.setButtonStyles\" data-wp-init=\"effects.core.image.initOriginImage\" data-wp-on--click=\"actions.core.image.showLightbox\" data-wp-on--load=\"actions.core.image.handleLoad\" data-id=\"578573\" src=\"http:\/\/nuevacordoba.net\/wp-content\/uploads\/2023\/12\/el-lunes-abren-las-inscripciones-a-las-escuelas-de-verano-de-cordoba-deportes-10.jpg\" alt class=\"wp-image-578573\" srcset=\"http:\/\/nuevacordoba.net\/wp-content\/uploads\/2023\/12\/el-lunes-abren-las-inscripciones-a-las-escuelas-de-verano-de-cordoba-deportes-10.jpg 1024w, http:\/\/nuevacordoba.net\/wp-content\/uploads\/2023\/12\/el-lunes-abren-las-inscripciones-a-las-escuelas-de-verano-de-cordoba-deportes-51.jpg 300w, http:\/\/nuevacordoba.net\/wp-content\/uploads\/2023\/12\/el-lunes-abren-las-inscripciones-a-las-escuelas-de-verano-de-cordoba-deportes-52.jpg 768w, http:\/\/nuevacordoba.net\/wp-content\/uploads\/2023\/12\/el-lunes-abren-las-inscripciones-a-las-escuelas-de-verano-de-cordoba-deportes-53.jpg 1536w, http:\/\/nuevacordoba.net\/wp-content\/uploads\/2023\/12\/el-lunes-abren-las-inscripciones-a-las-escuelas-de-verano-de-cordoba-deportes-54.jpg 1600w\" sizes=\"(max-width: 1024px) 100vw, 1024px\"><button class=\"lightbox-trigger\" type=\"button\" aria-haspopup=\"dialog\" aria-label=\"Ampliar la imagen\" data-wp-on--click=\"actions.core.image.showLightbox\" data-wp-style--right=\"context.core.image.imageButtonRight\" data-wp-style--top=\"context.core.image.imageButtonTop\"> <svg width=\"12\" height=\"12\" fill=\"none\" viewBox=\"0 0 12 12\"> <path fill=\"#fff\" d=\"M2 0a2 2 0 0 0-2 2v2h1.5V2a.5.5 0 0 1 .5-.5h2V0H2Zm2 10.5H2a.5.5 0 0 1-.5-.5V8H0v2a2 2 0 0 0 2 2h2v-1.5ZM8 12v-1.5h2a.5.5 0 0 0 .5-.5V8H12v2a2 2 0 0 1-2 2H8Zm2-12a2 2 0 0 1 2 2v2h-1.5V2a.5.5 0 0 0-.5-.5H8V0h2Z\" \/> <\/svg> <\/button> <\/p>\n<div data-wp-body class=\"wp-lightbox-overlay zoom\" data-wp-bind--role=\"selectors.core.image.roleAttribute\" data-wp-bind--aria-label=\"selectors.core.image.dialogLabel\" data-wp-class--initialized=\"context.core.image.initialized\" data-wp-class--active=\"context.core.image.lightboxEnabled\" data-wp-class--hideanimationenabled=\"context.core.image.hideAnimationEnabled\" data-wp-bind--aria-modal=\"selectors.core.image.ariaModal\" data-wp-effect=\"effects.core.image.initLightbox\" data-wp-on--keydown=\"actions.core.image.handleKeydown\" data-wp-on--touchstart=\"actions.core.image.handleTouchStart\" data-wp-on--touchmove=\"actions.core.image.handleTouchMove\" data-wp-on--touchend=\"actions.core.image.handleTouchEnd\" data-wp-on--click=\"actions.core.image.hideLightbox\" tabindex=\"-1\"> <button type=\"button\" aria-label=\"Cerrar\" class=\"close-button\" data-wp-on--click=\"actions.core.image.hideLightbox\"> <svg viewBox=\"0 0 24 24\" width=\"20\" height=\"20\" aria-hidden=\"true\" focusable=\"false\"><path d=\"M13 11.8l6.1-6.3-1-1-6.1 6.2-6.1-6.2-1 1 6.1 6.3-6.5 6.7 1 1 6.5-6.6 6.5 6.6 1-1z\" \/><\/svg> <\/button> <\/p>\n<div class=\"lightbox-image-container\">\n<figure class=\"wp-block-image size-large responsive-image\"><img decoding=\"async\" data-wp-bind--src=\"context.core.image.imageCurrentSrc\" data-wp-style--object-fit=\"selectors.core.image.lightboxObjectFit\" data-id=\"578573\" src=\"https:\/\/prensa.cba.gov.ar\/informacion-general\/el-lunes-abren-las-inscripciones-a-las-escuelas-de-verano-de-cordoba-deportes\/\" alt class=\"wp-image-578573\"><\/figure>\n<\/div>\n<div class=\"lightbox-image-container\">\n<figure class=\"wp-block-image size-large enlarged-image\"><img decoding=\"async\" data-wp-bind--src=\"selectors.core.image.enlargedImgSrc\" data-wp-style--object-fit=\"selectors.core.image.lightboxObjectFit\" data-id=\"578573\" src=\"https:\/\/prensa.cba.gov.ar\/informacion-general\/el-lunes-abren-las-inscripciones-a-las-escuelas-de-verano-de-cordoba-deportes\/\" alt class=\"wp-image-578573\"><\/figure>\n<\/div><\/div>\n<\/figure>\n<\/figure>\n","protected":false},"excerpt":{"rendered":"<p>\u2022 Las actividades se llevar\u00e1n a cabo en el Polo Deportivo Kempes y en los siete Centros de Desarrollo Deportivo.\u2022 Ser\u00e1n dos ciclos, a partir del 18 de diciembre hasta el 9 de febrero. En los pr\u00f3ximos d\u00edas iniciar\u00e1n las actividades recreativas y deportivas que cada verano desarrolla el Gobierno de la Provincia de C\u00f3rdoba, [&hellip;]<\/p>\n","protected":false},"author":1,"featured_media":39431,"comment_status":"closed","ping_status":"closed","sticky":false,"template":"","format":"standard","meta":[],"categories":[14],"tags":[],"_links":{"self":[{"href":"http:\/\/nuevacordoba.net\/index.php\/wp-json\/wp\/v2\/posts\/39430"}],"collection":[{"href":"http:\/\/nuevacordoba.net\/index.php\/wp-json\/wp\/v2\/posts"}],"about":[{"href":"http:\/\/nuevacordoba.net\/index.php\/wp-json\/wp\/v2\/types\/post"}],"author":[{"embeddable":true,"href":"http:\/\/nuevacordoba.net\/index.php\/wp-json\/wp\/v2\/users\/1"}],"replies":[{"embeddable":true,"href":"http:\/\/nuevacordoba.net\/index.php\/wp-json\/wp\/v2\/comments?post=39430"}],"version-history":[{"count":0,"href":"http:\/\/nuevacordoba.net\/index.php\/wp-json\/wp\/v2\/posts\/39430\/revisions"}],"wp:featuredmedia":[{"embeddable":true,"href":"http:\/\/nuevacordoba.net\/index.php\/wp-json\/wp\/v2\/media\/39431"}],"wp:attachment":[{"href":"http:\/\/nuevacordoba.net\/index.php\/wp-json\/wp\/v2\/media?parent=39430"}],"wp:term":[{"taxonomy":"category","embeddable":true,"href":"http:\/\/nuevacordoba.net\/index.php\/wp-json\/wp\/v2\/categories?post=39430"},{"taxonomy":"post_tag","embeddable":true,"href":"http:\/\/nuevacordoba.net\/index.php\/wp-json\/wp\/v2\/tags?post=39430"}],"curies":[{"name":"wp","href":"https:\/\/api.w.org\/{rel}","templated":true}]}}