{"id":39476,"date":"2023-12-01T03:03:30","date_gmt":"2023-12-01T03:03:30","guid":{"rendered":"https:\/\/puntoapunto.com.ar\/?p=354055"},"modified":"2023-12-01T03:03:30","modified_gmt":"2023-12-01T03:03:30","slug":"expectativas-asi-esta-viendo-el-empresariado-cordobes-los-primeros-pasos-de-milei","status":"publish","type":"post","link":"http:\/\/nuevacordoba.net\/index.php\/2023\/12\/01\/expectativas-asi-esta-viendo-el-empresariado-cordobes-los-primeros-pasos-de-milei\/","title":{"rendered":"\u00bfExpectativas? as\u00ed est\u00e1 viendo el empresariado cordob\u00e9s los primeros pasos de Milei"},"content":{"rendered":"<div class=\"g g-36\">\n<div class=\"g-dyn a-29 c-1\"><a class=\"gofollow\" data-track=\"MjksMzYsMSw2MA==\" href=\"https:\/\/www.harmoniechateau.com.ar\/\" target=\"_blank\" rel=\"noopener\"><img class=\"lazyload\" src=\"http:\/\/nuevacordoba.net\/wp-content\/uploads\/2023\/12\/expectativas-asi-esta-viendo-el-empresariado-cordobes-los-primeros-pasos-de-milei.jpg\"><\/a><\/div>\n<\/div>\n<p>&nbsp;\n<\/p>\n<p>El presidente electo, <strong>Javier Milei, comenz\u00f3 a seducir<\/strong> (desde la distancia y a\u00fan sin asumir la presidencia) <strong>a buena parte del empresariado de C\u00f3rdoba.&nbsp;<\/strong>El abanico de sectores que hoy bancan las ideas de La Libertad Avanza es diverso: desde desarrollistas y tecnol\u00f3gicos, hasta petroleros, constructores, grandes exportadores y dirigentes del agro.\n<\/p>\n<p><strong>\u2013 Fernando Reina, Grupo Edisur: <\/strong>\u00abTengo much\u00edsimas expectativas. No esperanza, estoy convencido de su propuesta, hay que apoyar al presidente Milei al 100%\u00bb.\n<\/p>\n<p><strong>\u2013 <a href=\"https:\/\/puntoapunto.com.ar\/economia-del-conocimiento-una-realidad-en-expansion-con-un-potencial-ilimitado-para-cordoba\/\" target=\"_blank\" rel=\"noopener\">Mario Barra<\/a>, Vates:<\/strong> \u00abOjal\u00e9 que se pueda hacer un 50% o 60 % de lo que plantea Milei, ser\u00eda b\u00e1rbaro para el pais. Ojal\u00e1 se pueda replicar el modelo C\u00f3rdoba a nivel nacional\u00bb.\n<\/p>\n<p><strong>\u2013 Juan Carlos Rabbat, Universidad Siglo 21:<\/strong> \u00abtengo muchas expectativas, sabemos que va a ser un proceso duro pero el gan\u00f3 con esas consignas, con lo cual tiene la legitimidad y una mayor\u00eda del pa\u00eds que quiere salir de 20 a\u00f1os de decadencia. Creo que vamos a pasar momentos muy duros pero con la posibilidad de que la gente acompa\u00f1e mas que antes. Y a los que quieran sabotear, les va a costar porque va haber un&nbsp; pueblo que defienda el cambio profundo\u00bb.<\/p>\n<p><span><strong>\u2013 Manuel Tagle, Bolsa de Comercio de C\u00f3rdoba<\/strong>: <\/span><span>\u00abJavier Milei expres\u00f3 sus ideas de libertad y la sociedad le otorg\u00f3 un 55% de votos, hecho que nunca se ha vivido en Argentina. Ese triunfo se vivi\u00f3 debido a la crisis que ha generado el actual Gobierno\u201d.<\/span>\n<\/p>\n<p><strong>\u2013 Gabriel De Raedemaeker, productor agropecuario:<\/strong> \u00abes una nueva oportunidad que tiene el pais de dejar atr\u00e1s el populismo y reencausar la econom\u00eda en condiciones normales como funciona en pa\u00edses que crecen de manera sustentable e inclusiva. Hay que pasar un periodo doloroso para todos los sectores pero es un proceso necesario para volver a crecer\u00bb.\n<\/p>\n<p><strong>\u2013 Cesar Mart\u00ednez, Grupo Betania:<\/strong> \u00abtengo esperanza y deseo que le vaya bien. El empresariado est\u00e1 apostando fuerte y acompa\u00f1ando al nuevo presidente\u00bb.\n<\/p>\n<div class=\"g g-38\">\n<div class=\"g-dyn a-12 c-1\"><a class=\"gofollow\" data-track=\"MTIsMzgsMSw2MA==\" href=\"https:\/\/hospitalprivado.com.ar\/landing-trasplante.html\" target=\"_blank\" rel=\"noopener\"><img class=\"lazyload\" src=\"http:\/\/nuevacordoba.net\/wp-content\/uploads\/2023\/12\/expectativas-asi-esta-viendo-el-empresariado-cordobes-los-primeros-pasos-de-milei.gif\"><\/a><\/div>\n<\/div>\n","protected":false},"excerpt":{"rendered":"<p>&nbsp; El presidente electo, Javier Milei, comenz\u00f3 a seducir (desde la distancia y a\u00fan sin asumir la presidencia) a buena parte del empresariado de C\u00f3rdoba.&nbsp;El abanico de sectores que hoy bancan las ideas de La Libertad Avanza es diverso: desde desarrollistas y tecnol\u00f3gicos, hasta petroleros, constructores, grandes exportadores y dirigentes del agro. \u2013 Fernando Reina, [&hellip;]<\/p>\n","protected":false},"author":1,"featured_media":39477,"comment_status":"open","ping_status":"closed","sticky":false,"template":"","format":"standard","meta":[],"categories":[14],"tags":[],"_links":{"self":[{"href":"http:\/\/nuevacordoba.net\/index.php\/wp-json\/wp\/v2\/posts\/39476"}],"collection":[{"href":"http:\/\/nuevacordoba.net\/index.php\/wp-json\/wp\/v2\/posts"}],"about":[{"href":"http:\/\/nuevacordoba.net\/index.php\/wp-json\/wp\/v2\/types\/post"}],"author":[{"embeddable":true,"href":"http:\/\/nuevacordoba.net\/index.php\/wp-json\/wp\/v2\/users\/1"}],"replies":[{"embeddable":true,"href":"http:\/\/nuevacordoba.net\/index.php\/wp-json\/wp\/v2\/comments?post=39476"}],"version-history":[{"count":0,"href":"http:\/\/nuevacordoba.net\/index.php\/wp-json\/wp\/v2\/posts\/39476\/revisions"}],"wp:featuredmedia":[{"embeddable":true,"href":"http:\/\/nuevacordoba.net\/index.php\/wp-json\/wp\/v2\/media\/39477"}],"wp:attachment":[{"href":"http:\/\/nuevacordoba.net\/index.php\/wp-json\/wp\/v2\/media?parent=39476"}],"wp:term":[{"taxonomy":"category","embeddable":true,"href":"http:\/\/nuevacordoba.net\/index.php\/wp-json\/wp\/v2\/categories?post=39476"},{"taxonomy":"post_tag","embeddable":true,"href":"http:\/\/nuevacordoba.net\/index.php\/wp-json\/wp\/v2\/tags?post=39476"}],"curies":[{"name":"wp","href":"https:\/\/api.w.org\/{rel}","templated":true}]}}