{"id":39669,"date":"2023-12-08T03:02:17","date_gmt":"2023-12-08T03:02:17","guid":{"rendered":"https:\/\/puntoapunto.com.ar\/?p=354335"},"modified":"2023-12-08T03:02:17","modified_gmt":"2023-12-08T03:02:17","slug":"un-gabinete-con-tonadita-quienes-son-los-cordobeses-que-se-suman-al-team-milei","status":"publish","type":"post","link":"http:\/\/nuevacordoba.net\/index.php\/2023\/12\/08\/un-gabinete-con-tonadita-quienes-son-los-cordobeses-que-se-suman-al-team-milei\/","title":{"rendered":"Un gabinete con tonadita: qui\u00e9nes son los cordobeses que se suman al team Milei"},"content":{"rendered":"<div class=\"g g-36\">\n<div class=\"g-dyn a-29 c-1\"><a class=\"gofollow\" data-track=\"MjksMzYsMSw2MA==\" href=\"https:\/\/www.harmoniechateau.com.ar\/\" target=\"_blank\" rel=\"noopener\"><img class=\"lazyload\" src=\"http:\/\/nuevacordoba.net\/wp-content\/uploads\/2023\/12\/un-gabinete-con-tonadita-quienes-son-los-cordobeses-que-se-suman-al-team-milei.jpg\"><\/a><\/div>\n<\/div>\n<p>&nbsp;\n<\/p>\n<p><strong>Javier Milei<\/strong> asumir\u00e1 el pr\u00f3ximo domingo como presidente de la Naci\u00f3n. Hasta el momento, <strong>hay seis cordobeses que se sumaron a su gabinete en diferentes funciones.<\/strong>\n<\/p>\n<p><strong>C\u00f3rdoba fue una de las provincias que mayor porcentaje de votos le otorg\u00f3 al libertario<\/strong>, y parece que el presidente electo est\u00e1 pagando con creces. Muchos de los futuros funcionarios pasaron por la provincia en un rol protag\u00f3nico durante el <strong>gobierno de Juan Schiaretti.<\/strong>\n<\/p>\n<p><strong>Ya confirmados por la \u201cOficina de Presidente Electo\u201d son:<\/strong>\n<\/p>\n<p><strong>Diana Mondino en Canciller\u00eda.<\/strong>&nbsp;La economista, podr\u00edamos decir una libertaria \u201cpura\u201d, fue en la boleta de Javier Milei como diputada en la ciudad de Buenos Aires. Su familia fue la creadora del Banco Roela<\/p>\n<p><strong><a href=\"https:\/\/puntoapunto.com.ar\/otro-cordobes-que-se-va-con-milei-giordano-en-anses\/\" target=\"_blank\" rel=\"noopener\">Osvaldo Giordano<\/a> asumir\u00e1 en Anses<\/strong>: quien era ministro de finanzas de la gesti\u00f3n de Juan Schiaretti acept\u00f3 el desaf\u00edo cuando podr\u00eda haberse quedado en C\u00f3rdoba, quiz\u00e1s conduciendo los destinos del banco provincial Bancor.\n<\/p>\n<p><strong><a href=\"https:\/\/puntoapunto.com.ar\/daniel-tillard-sera-el-presidente-del-banco-nacion\/\" target=\"_blank\" rel=\"noopener\">Daniel Tillard<\/a>:&nbsp;<\/strong>Hace una semana anunci\u00f3 su alejamiento de la entidad financiera con capitales provinciales. Todo hac\u00eda suponer que contaban con alg\u00fan ofrecimiento y a los pocos d\u00edas apareci\u00f3 el elegido para conducir el Banco Naci\u00f3n.\n<\/p>\n<p><strong><a href=\"https:\/\/puntoapunto.com.ar\/franco-mogetta-el-primer-hombre-de-schiaretti-en-sumarse-al-gabinete-de-milei\/\" target=\"_blank\" rel=\"noopener\">Franco Mogetta<\/a>:<\/strong>&nbsp;se desempe\u00f1aba como <strong>secretario de Transporte en C\u00f3rdoba<\/strong>. Siempre enfrentado con el gobierno nacional por el reparto irregular de subsidios a la actividad. Catamarque\u00f1o de nacimiento, pero cordob\u00e9s por adopci\u00f3n, el actual secretario de Transporte de la provincia de C\u00f3rdoba pasar\u00e1 a ocupar el mismo cargo pero en la Naci\u00f3n. Asegura que solo le comunic\u00f3 a Schiaretti el ofrecimiento del libertario.\n<\/p>\n<p><a href=\"https:\/\/puntoapunto.com.ar\/otro-cordobes-que-se-va-con-milei-molina-hafford-sera-el-presidente-del-inta\/\" target=\"_blank\" rel=\"noopener\"><strong>Juan Cruz Molina Hafford:&nbsp;<\/strong><\/a>El cordob\u00e9s ascender\u00e1 dentro de la estructura del <strong>Inta.<\/strong> El actual director del Centro Regional C\u00f3rdoba, ser\u00e1 el<strong> nuevo presidente del Inta.<\/strong> Fue secretario de Agricultura y Ganader\u00eda de C\u00f3rdoba, cargo que ocup\u00f3 durante 6 a\u00f1os en la gesti\u00f3n de Sergio Busso (actual ministro).\n<\/p>\n<p><strong><a href=\"https:\/\/puntoapunto.com.ar\/german-di-bella-se-sube-al-gabinete-de-milei-sera-subsecretario-de-agricultura\/\" target=\"_blank\" rel=\"noopener\">Germ\u00e1n Di Bella<\/a>:<\/strong> ser\u00e1 el pr\u00f3ximo <strong>subsecretario de Agricultura de la Naci\u00f3n. <\/strong>El hombre designado se desempe\u00f1\u00f3 como secretario de Desarrollo Econ\u00f3mico del gobierno municipal de Juan Manuel Llamosas en R\u00edo Cuarto. Adem\u00e1s, fue CEO de la empresa Bio4, la primera compan\u0303i\u0301a argentina en elaborar etanol combustible a partir del mai\u0301z.\n<\/p>\n<p><img loading=\"lazy\" decoding=\"async\" alt width=\"2237\" height=\"460\" data-sizes=\"(max-width: 2237px) 100vw, 2237px\" class=\"aligncenter wp-image-354346 size-full lazyload\" src=\"http:\/\/nuevacordoba.net\/wp-content\/uploads\/2023\/12\/un-gabinete-con-tonadita-quienes-son-los-cordobeses-que-se-suman-al-team-milei-1.jpg\" srcset=\"http:\/\/nuevacordoba.net\/wp-content\/uploads\/2023\/12\/un-gabinete-con-tonadita-quienes-son-los-cordobeses-que-se-suman-al-team-milei-1.jpg 2237w, http:\/\/nuevacordoba.net\/wp-content\/uploads\/2023\/12\/un-gabinete-con-tonadita-quienes-son-los-cordobeses-que-se-suman-al-team-milei-2.jpg 300w, http:\/\/nuevacordoba.net\/wp-content\/uploads\/2023\/12\/un-gabinete-con-tonadita-quienes-son-los-cordobeses-que-se-suman-al-team-milei-3.jpg 1024w, http:\/\/nuevacordoba.net\/wp-content\/uploads\/2023\/12\/un-gabinete-con-tonadita-quienes-son-los-cordobeses-que-se-suman-al-team-milei-4.jpg 768w, http:\/\/nuevacordoba.net\/wp-content\/uploads\/2023\/12\/un-gabinete-con-tonadita-quienes-son-los-cordobeses-que-se-suman-al-team-milei-5.jpg 1536w, http:\/\/nuevacordoba.net\/wp-content\/uploads\/2023\/12\/un-gabinete-con-tonadita-quienes-son-los-cordobeses-que-se-suman-al-team-milei-6.jpg 2048w, http:\/\/nuevacordoba.net\/wp-content\/uploads\/2023\/12\/un-gabinete-con-tonadita-quienes-son-los-cordobeses-que-se-suman-al-team-milei-7.jpg 750w, http:\/\/nuevacordoba.net\/wp-content\/uploads\/2023\/12\/un-gabinete-con-tonadita-quienes-son-los-cordobeses-que-se-suman-al-team-milei-8.jpg 1140w\">\n<\/p>\n<p><strong>Los legisladores<\/strong>\n<\/p>\n<p>Se suman a qui\u00e9nes integran el gabinete nacional, los diputados nacionales electos por C\u00f3rdoba.\n<\/p>\n<p><strong>Gabriel Bornoroni,<\/strong>&nbsp;es abogado y diputado electo por la provincia de C\u00f3rdoba en la lista de La Libertad Avanza. Hasta hace unos meses era el titular de la Federaci\u00f3n de Expendedores de Combustibles y Afines del Centro de la Rep\u00fablica Argentina (FECAC). Controla varias estaciones en la ciudad capital junto a su familia como segunda generaci\u00f3n en la actividad.\n<\/p>\n<p><strong>Mar\u00eda Celeste Ponce&nbsp;<\/strong>es influencer y diputada electa por LLA. L\u00edder de la agrupaci\u00f3n \u00abPumas Libertarios\u00bb, tiene 35 a\u00f1os y naci\u00f3 en Huinca Renanc\u00f3. Aseguran que \u201cse trata de una persona de confianza de Milei\u201d.\n<\/p>\n<p><strong>Mar\u00eda Cecilia Ib\u00e1\u00f1\u00e9z&nbsp;<\/strong>llega a la C\u00e1mara baja como tercera diputada nacional por C\u00f3rdoba. Se trata de una abogada de 58 que preside el Movimiento de Integraci\u00f3n y Desarrollo (MID) en su provincia. En su trayectoria laboral se incluye haber sido asesora de la empresa de transporte p\u00fablico de la capital de su provincia, TAMSE, durante la gesti\u00f3n de Daniel Giacomino.\n<\/p>\n<div class=\"g g-38\">\n<div class=\"g-dyn a-12 c-1\"><a class=\"gofollow\" data-track=\"MTIsMzgsMSw2MA==\" href=\"https:\/\/hospitalprivado.com.ar\/landing-trasplante.html\" target=\"_blank\" rel=\"noopener\"><img class=\"lazyload\" src=\"http:\/\/nuevacordoba.net\/wp-content\/uploads\/2023\/12\/un-gabinete-con-tonadita-quienes-son-los-cordobeses-que-se-suman-al-team-milei.gif\"><\/a><\/div>\n<\/div>\n","protected":false},"excerpt":{"rendered":"<p>&nbsp; Javier Milei asumir\u00e1 el pr\u00f3ximo domingo como presidente de la Naci\u00f3n. Hasta el momento, hay seis cordobeses que se sumaron a su gabinete en diferentes funciones. C\u00f3rdoba fue una de las provincias que mayor porcentaje de votos le otorg\u00f3 al libertario, y parece que el presidente electo est\u00e1 pagando con creces. Muchos de los [&hellip;]<\/p>\n","protected":false},"author":1,"featured_media":39670,"comment_status":"open","ping_status":"closed","sticky":false,"template":"","format":"standard","meta":[],"categories":[12,14],"tags":[],"_links":{"self":[{"href":"http:\/\/nuevacordoba.net\/index.php\/wp-json\/wp\/v2\/posts\/39669"}],"collection":[{"href":"http:\/\/nuevacordoba.net\/index.php\/wp-json\/wp\/v2\/posts"}],"about":[{"href":"http:\/\/nuevacordoba.net\/index.php\/wp-json\/wp\/v2\/types\/post"}],"author":[{"embeddable":true,"href":"http:\/\/nuevacordoba.net\/index.php\/wp-json\/wp\/v2\/users\/1"}],"replies":[{"embeddable":true,"href":"http:\/\/nuevacordoba.net\/index.php\/wp-json\/wp\/v2\/comments?post=39669"}],"version-history":[{"count":0,"href":"http:\/\/nuevacordoba.net\/index.php\/wp-json\/wp\/v2\/posts\/39669\/revisions"}],"wp:featuredmedia":[{"embeddable":true,"href":"http:\/\/nuevacordoba.net\/index.php\/wp-json\/wp\/v2\/media\/39670"}],"wp:attachment":[{"href":"http:\/\/nuevacordoba.net\/index.php\/wp-json\/wp\/v2\/media?parent=39669"}],"wp:term":[{"taxonomy":"category","embeddable":true,"href":"http:\/\/nuevacordoba.net\/index.php\/wp-json\/wp\/v2\/categories?post=39669"},{"taxonomy":"post_tag","embeddable":true,"href":"http:\/\/nuevacordoba.net\/index.php\/wp-json\/wp\/v2\/tags?post=39669"}],"curies":[{"name":"wp","href":"https:\/\/api.w.org\/{rel}","templated":true}]}}