{"id":39840,"date":"2023-12-14T10:41:54","date_gmt":"2023-12-14T10:41:54","guid":{"rendered":"http:\/\/nuevacordoba.net\/index.php\/2023\/12\/14\/maia-monaco-grito-porque-es-una-expresion-que-conecta-las-visceras-y-el-alma\/"},"modified":"2023-12-14T10:41:54","modified_gmt":"2023-12-14T10:41:54","slug":"maia-monaco-grito-porque-es-una-expresion-que-conecta-las-visceras-y-el-alma","status":"publish","type":"post","link":"http:\/\/nuevacordoba.net\/index.php\/2023\/12\/14\/maia-monaco-grito-porque-es-una-expresion-que-conecta-las-visceras-y-el-alma\/","title":{"rendered":"Maia M\u00f3naco: \u201cGrito porque es una expresi\u00f3n que conecta las v\u00edsceras y el alma\u201d"},"content":{"rendered":"<figure class=\"mb-3\"><img loading=\"lazy\" data-src=\"http:\/\/nuevacordoba.net\/wp-content\/uploads\/2023\/12\/maia-monaco-grito-porque-es-una-expresion-que-conecta-las-visceras-y-el-alma.jpg\" src=\"https:\/\/www.telam.com.ar\/assets\/img\/not_image.png\" class=\" lazy \" width=\"100%\" height=\"100%\" alt=\"Foto Lara Sartor\"><figcaption> Foto: Lara Sartor. <\/figcaption><\/figure>\n<p>La cantora argentina Maia M\u00f3naco visit\u00f3 T\u00e9lam Radio para hablar sobre su tercer \u00e1lbum: \u201cGrito\u201d, de texturas digitales y ancentrales donde se entremezclan el down tempo y trip hop, que se presenta este jueves 14 de diciembre en el espacio porte\u00f1o Dune Park a las 21 horas.<\/p>\n<p>M\u00f3naco explic\u00f3 que \u201ccada vez que gritamos se limpia la vibraci\u00f3n de nuestros cuerpos f\u00edsicos y et\u00e9reos, ese canal que se abre y expresa sin pensamiento, el grito como esa expresi\u00f3n anterior al pensamiento, al lenguaje y la raz\u00f3n. Una expresi\u00f3n que conecta las v\u00edsceras y el alma\u201d.<\/p>\n<figure class=\"mb-3\"><img loading=\"lazy\" data-src=\"http:\/\/nuevacordoba.net\/wp-content\/uploads\/2023\/12\/maia-monaco-grito-porque-es-una-expresion-que-conecta-las-visceras-y-el-alma-1.jpg\" src=\"https:\/\/www.telam.com.ar\/assets\/img\/not_image.png\" class=\" lazy \" width=\"100%\" height=\"100%\" alt=\"Foto Lara Sartor\"><figcaption> Foto: Lara Sartor. <\/figcaption><\/figure>\n<p>Al hablar sobre los tiempos en el que llega su flamante disco relata:<strong> \u201cPercibo la transformaci\u00f3n que est\u00e1 ocurriendo, eso me traspasa y atraviesa. Est\u00e1 presente en la diversidad de los temas que eleg\u00ed. Me llevo a lugares muy distintos, siento al viejo paradigma derrumb\u00e1ndose y la incertidumbre de no saber qu\u00e9 es lo que viene, m\u00e1s all\u00e1 de la situaci\u00f3n particular de nuestro pa\u00eds. Hay un nivel grande de vac\u00edo porque cambian los par\u00e1metros como parte del proceso evolutivo, lo que estamos viviendo es parte del derrumbe\u201d<\/strong>, sentenci\u00f3.<\/p>\n<p>Este nuevo trabajo que se suma a \u201cRa\u00edz\u201d y \u201cCosmos\u201d en su discograf\u00eda, despliega su fuerza con tintes oper\u00edsticos y reminiscencias tribales, con la participaci\u00f3n de artistas como: Lula Bertoldi en \u201cQui\u00e9n Soy\u201d, Julia Ortiz en \u201cEn qu\u00e9 nos parecemos\u201d y el multininrtrumentista Alejandro Franov en \u201cMantra\u201d y la \u201cImpro\u201d del cierre.<\/p>\n<figure class=\"mb-3\"><img loading=\"lazy\" data-src=\"http:\/\/nuevacordoba.net\/wp-content\/uploads\/2023\/12\/maia-monaco-grito-porque-es-una-expresion-que-conecta-las-visceras-y-el-alma-2.jpg\" src=\"https:\/\/www.telam.com.ar\/assets\/img\/not_image.png\" class=\" lazy \" width=\"100%\" height=\"100%\" alt=\"Foto Lara Sartor\"><figcaption> Foto: Lara Sartor. <\/figcaption><\/figure>\n<p>La docente que investiga el sonido como facilitadora de la voz cont\u00f3 que : \u201cla exploro como instrumento m\u00e1s all\u00e1 de la est\u00e9tica musical desde hace muchos a\u00f1os. Busco habilitar en las otras personas un espacio de encuentro con su voz, yendo al encuentro del sonido propio y ver qu\u00e9 zonas del cuerpo est\u00e1n atravesadas de emociones que no les permiten abrirse o expresarse\u201d.<\/p>\n<p>Maia M\u00f3naco devel\u00f3: \u201c<strong>Encontr\u00e9 en la electr\u00f3nica algo de lo m\u00e1ntrico que se instala y llega profundo\u201d<\/strong> mientras que sobre el car\u00e1cter esc\u00e9nico del show de presentaci\u00f3n adelant\u00f3: \u201ctendr\u00e1 mucho que ver con el lugar que se llama \u201cEl parque de las dunas\u201d, nos imaginamos que estamos en la arena y tiene una impronta de electr\u00f3nica, un espacio sin escenario con luces muy flayeras en el piso, en las paredes y un tremendo sonido junto a la violinista Cory Guerrero y Ale Franov tocando el sitar, me gusta mucho esta sensaci\u00f3n de lo electr\u00f3nico y y lo ac\u00fastico\u201d.<\/p>\n<p>La compositora revel\u00f3 que durante el transito de la grabaci\u00f3n de \u201cGrito\u201d tuvo que afrontar uno de los momentos m\u00e1s especiales de su vida: \u201cEste disco lo comenc\u00e9 a grabar en Marzo de 2023 y fue muy particular porque estaba acompa\u00f1ando a mi madre en sus \u00faltimos d\u00edas en este plano. Por eso estoy muy conectada con la transformaci\u00f3n de una etapa a la otra, con la vida y la muerte. Ella es una de mis mentoras, que me llev\u00f3 a ver a Iris Scaccheri al Di Tella, me convid\u00f3 de todo su mundo. Era actriz, ten\u00eda una voz preciosa y acaba de partir hace muy poquito, es una sensaci\u00f3n extra\u00f1a a veces me siento caminando entre nubes porque la extra\u00f1o un mont\u00f3n\u201d.<\/p>\n<figure class=\"mb-3\"><img loading=\"lazy\" data-src=\"http:\/\/nuevacordoba.net\/wp-content\/uploads\/2023\/12\/maia-monaco-grito-porque-es-una-expresion-que-conecta-las-visceras-y-el-alma-3.jpg\" src=\"https:\/\/www.telam.com.ar\/assets\/img\/not_image.png\" class=\" lazy \" width=\"100%\" height=\"100%\" alt=\"Foto Lara Sartor\"><figcaption> Foto: Lara Sartor. <\/figcaption><\/figure>\n<p>Por otra parte calific\u00f3 su 2023 como un a\u00f1o \u201c<strong>donde se abrieron puertas creativas\u201d<\/strong> ya que fue convocada a varios proyectos entre ellos: una performance para TED x R\u00edo de la Plata y a ser parte de la obra \u201cMalinche\u201d que se estrenar\u00e1 en febrero en el Teatro Cervantes: \u201cme encanta volver a sacar la actriz, es algo que hice siempre hice pero hace unos a\u00f1os ven\u00eda volcada m\u00e1s hacia la m\u00fasica, aunque ac\u00e1 tambi\u00e9n canto. Malinche fue una originaria mexicana absolutamente involucrada en la invasi\u00f3n de los espa\u00f1oles, que fue tomada por Hern\u00e1n Cort\u00e9s y que fue vendida. Es una mujer con una historia controvertida, muy resistente. Una historia que hoy con la lucha de las mujeres se resignifica\u201d.<\/p>\n<p>Maia hija de Antonio M\u00f3naco, uno de los creadores del Teatro Picadero que fue incendiado durante la dictadura c\u00edvico militar, reconoci\u00f3 que ante el nuevo escenario social en el que algunos artistas y conocidos son amenazados se le<strong> \u201cdespiertan viejos fantasmas\u201d<\/strong> por lo que llam\u00f3 a \u201c<strong>apelar a la conciencia profunda para sostener una vibraci\u00f3n alta, que ser\u00eda no entrar en la desesperaci\u00f3n ni el enojo. Como una especie de amor versus odio, el odio es una pel\u00edcula en la que no tenemos que entrar<\/strong>\u201d. \u201cTengo mucha experiencia en haber atravesado \u00e9pocas oscuras. Hoy vivo en una especie de estado de emoci\u00f3n permanente y tengo que trabajar mucho sobre m\u00ed para que las emociones que navegando no se desborden. Es un momento de estar con mis hijos, de acompa\u00f1arnos para sortear las barbaridades que se dicen\u201d, dijo la madre de Manuel y Valent\u00edn Oliva (Wos). <\/p>\n","protected":false},"excerpt":{"rendered":"<p>Foto: Lara Sartor. La cantora argentina Maia M\u00f3naco visit\u00f3 T\u00e9lam Radio para hablar sobre su tercer \u00e1lbum: \u201cGrito\u201d, de texturas digitales y ancentrales donde se entremezclan el down tempo y trip hop, que se presenta este jueves 14 de diciembre en el espacio porte\u00f1o Dune Park a las 21 horas. M\u00f3naco explic\u00f3 que \u201ccada vez [&hellip;]<\/p>\n","protected":false},"author":1,"featured_media":39841,"comment_status":"closed","ping_status":"closed","sticky":false,"template":"","format":"standard","meta":[],"categories":[9],"tags":[],"_links":{"self":[{"href":"http:\/\/nuevacordoba.net\/index.php\/wp-json\/wp\/v2\/posts\/39840"}],"collection":[{"href":"http:\/\/nuevacordoba.net\/index.php\/wp-json\/wp\/v2\/posts"}],"about":[{"href":"http:\/\/nuevacordoba.net\/index.php\/wp-json\/wp\/v2\/types\/post"}],"author":[{"embeddable":true,"href":"http:\/\/nuevacordoba.net\/index.php\/wp-json\/wp\/v2\/users\/1"}],"replies":[{"embeddable":true,"href":"http:\/\/nuevacordoba.net\/index.php\/wp-json\/wp\/v2\/comments?post=39840"}],"version-history":[{"count":0,"href":"http:\/\/nuevacordoba.net\/index.php\/wp-json\/wp\/v2\/posts\/39840\/revisions"}],"wp:featuredmedia":[{"embeddable":true,"href":"http:\/\/nuevacordoba.net\/index.php\/wp-json\/wp\/v2\/media\/39841"}],"wp:attachment":[{"href":"http:\/\/nuevacordoba.net\/index.php\/wp-json\/wp\/v2\/media?parent=39840"}],"wp:term":[{"taxonomy":"category","embeddable":true,"href":"http:\/\/nuevacordoba.net\/index.php\/wp-json\/wp\/v2\/categories?post=39840"},{"taxonomy":"post_tag","embeddable":true,"href":"http:\/\/nuevacordoba.net\/index.php\/wp-json\/wp\/v2\/tags?post=39840"}],"curies":[{"name":"wp","href":"https:\/\/api.w.org\/{rel}","templated":true}]}}