{"id":39860,"date":"2023-12-14T21:51:26","date_gmt":"2023-12-14T21:51:26","guid":{"rendered":"http:\/\/nuevacordoba.net\/index.php\/2023\/12\/14\/rata-blanca-las-pelotas-los-decadentes-y-fabiana-cantilo-en-baradero-rock-2024\/"},"modified":"2023-12-14T21:51:26","modified_gmt":"2023-12-14T21:51:26","slug":"rata-blanca-las-pelotas-los-decadentes-y-fabiana-cantilo-en-baradero-rock-2024","status":"publish","type":"post","link":"http:\/\/nuevacordoba.net\/index.php\/2023\/12\/14\/rata-blanca-las-pelotas-los-decadentes-y-fabiana-cantilo-en-baradero-rock-2024\/","title":{"rendered":"Rata Blanca, Las Pelotas, Los Decadentes y Fabiana Cantilo en Baradero Rock 2024"},"content":{"rendered":"<figure class=\"mb-3\"><img loading=\"lazy\" data-src=\"http:\/\/nuevacordoba.net\/wp-content\/uploads\/2023\/12\/rata-blanca-las-pelotas-los-decadentes-y-fabiana-cantilo-en-baradero-rock-2024.jpg\" src=\"https:\/\/www.telam.com.ar\/assets\/img\/not_image.png\" class=\" lazy \" width=\"100%\" height=\"100%\" alt=\"El festival ser en el Anfiteatro Municipal de Baradero Foto Eliana Obregn\"><figcaption> El festival ser\u00e1 en el Anfiteatro Municipal de Baradero \/ Foto: Eliana Obreg\u00f3n. <\/figcaption><\/figure>\n<p>Rata Blanca, Las Pelotas, Los Aut\u00e9nticos Decadentes, Fabiana Cantilo, Catupecu Machu, Estelares, Turf y Dante Spinetta son algunos de los grupos y m\u00fasicos que tomar\u00e1n parte de la novena edici\u00f3n del <strong>festival Rock en Baradero<\/strong>, que se desarrollar\u00e1 <strong>el 29 y 30 de marzo pr\u00f3ximos <\/strong>en el Anfiteatro Municipal de esa ciudad de la provincia de Buenos Aires.<\/p>\n<p>Considerado uno de los festivales m\u00e1s convocantes del calendario de eventos musicales masivos del pa\u00eds, el encuentro propone tres escenarios alternativos, por los que pasar\u00e1n m\u00e1s de 40 bandas en dos jornadas a puro rock and roll.<\/p>\n<blockquote class=\"instagram-media\" data-instgrm-permalink=\"https:\/\/www.instagram.com\/p\/C01nidtrCoU\/?utm_source=ig_embed&amp;utm_campaign=loading\" data-instgrm-version=\"14\" readability=\"-0.21\"><\/blockquote>\n<p>Los organizadores dieron este jueves a conocer la grilla de espect\u00e1culos (rebautizada \u00abline up\u00bb) de los dos d\u00edas, que contar\u00e1 con grupos como Guasones, La H No Muri\u00f3, Usted Se\u00f1\u00e1lemelo, Nafta, El Kuelgue, Kapanga, El Plan de la Mariposa y Los Pericos, entre otros.<\/p>\n<p>Tambi\u00e9n tomar\u00e1n parte del festival de rock m\u00e1s importante de la provincia de Buenos Aires Emmanuel Horvileur, Nonpalidece, Benjam\u00edn Amadeo, El Bordo, Massacre, Piti Fern\u00e1ndez, Nina Su\u00e1rez y Camionero, entre otras propuestas. <\/p>\n","protected":false},"excerpt":{"rendered":"<p>El festival ser\u00e1 en el Anfiteatro Municipal de Baradero \/ Foto: Eliana Obreg\u00f3n. Rata Blanca, Las Pelotas, Los Aut\u00e9nticos Decadentes, Fabiana Cantilo, Catupecu Machu, Estelares, Turf y Dante Spinetta son algunos de los grupos y m\u00fasicos que tomar\u00e1n parte de la novena edici\u00f3n del festival Rock en Baradero, que se desarrollar\u00e1 el 29 y 30 [&hellip;]<\/p>\n","protected":false},"author":1,"featured_media":39861,"comment_status":"closed","ping_status":"closed","sticky":false,"template":"","format":"standard","meta":[],"categories":[9],"tags":[],"_links":{"self":[{"href":"http:\/\/nuevacordoba.net\/index.php\/wp-json\/wp\/v2\/posts\/39860"}],"collection":[{"href":"http:\/\/nuevacordoba.net\/index.php\/wp-json\/wp\/v2\/posts"}],"about":[{"href":"http:\/\/nuevacordoba.net\/index.php\/wp-json\/wp\/v2\/types\/post"}],"author":[{"embeddable":true,"href":"http:\/\/nuevacordoba.net\/index.php\/wp-json\/wp\/v2\/users\/1"}],"replies":[{"embeddable":true,"href":"http:\/\/nuevacordoba.net\/index.php\/wp-json\/wp\/v2\/comments?post=39860"}],"version-history":[{"count":0,"href":"http:\/\/nuevacordoba.net\/index.php\/wp-json\/wp\/v2\/posts\/39860\/revisions"}],"wp:featuredmedia":[{"embeddable":true,"href":"http:\/\/nuevacordoba.net\/index.php\/wp-json\/wp\/v2\/media\/39861"}],"wp:attachment":[{"href":"http:\/\/nuevacordoba.net\/index.php\/wp-json\/wp\/v2\/media?parent=39860"}],"wp:term":[{"taxonomy":"category","embeddable":true,"href":"http:\/\/nuevacordoba.net\/index.php\/wp-json\/wp\/v2\/categories?post=39860"},{"taxonomy":"post_tag","embeddable":true,"href":"http:\/\/nuevacordoba.net\/index.php\/wp-json\/wp\/v2\/tags?post=39860"}],"curies":[{"name":"wp","href":"https:\/\/api.w.org\/{rel}","templated":true}]}}