{"id":39862,"date":"2023-12-14T21:54:09","date_gmt":"2023-12-14T21:54:09","guid":{"rendered":"https:\/\/cordoba.gob.ar\/?p=54038"},"modified":"2023-12-14T21:54:09","modified_gmt":"2023-12-14T21:54:09","slug":"passerini-se-reunio-con-autoridades-de-adec-esta-es-la-primera-articulacion-publico-privada-que-dio-resultados-en-cordoba","status":"publish","type":"post","link":"http:\/\/nuevacordoba.net\/index.php\/2023\/12\/14\/passerini-se-reunio-con-autoridades-de-adec-esta-es-la-primera-articulacion-publico-privada-que-dio-resultados-en-cordoba\/","title":{"rendered":"Passerini se reuni\u00f3 con autoridades de ADEC: \u201cEsta es la primera articulaci\u00f3n p\u00fablico privada que dio resultados en C\u00f3rdoba\u201d"},"content":{"rendered":"<div><img src=\"http:\/\/nuevacordoba.net\/wp-content\/uploads\/2023\/12\/passerini-se-reunio-con-autoridades-de-adec-esta-es-la-primera-articulacion-publico-privada-que-dio-resultados-en-cordoba.jpg\" class=\"ff-og-image-inserted\"><\/div>\n<ul>\n<li><strong><strong>Agradeci\u00f3 el acompa\u00f1amiento de la entidad y anticip\u00f3 un fortalecimiento del trabajo conjunto para el desarrollo de la ciudad con un eje metropolitano.<\/strong><\/strong><br \/>\n<hr>\n<\/li>\n<\/ul>\n<p>El intendente de la Capital y presidente de la Agencia para el Desarrollo Econ\u00f3mico de la Ciudad de C\u00f3rdoba (ADEC), Daniel Passerini, ofici\u00f3 un encuentro con autoridades y referentes de la instituci\u00f3n que congrega c\u00e1maras empresariales, colegios profesionales y universidades locales.<\/p>\n<p>En c\u00f3nclave, Passerini resalt\u00f3 el valor de ADEC, en especial <em>\u201cen estos tiempos dif\u00edciles y complejos que nos exigen ideas de avanzada para afrontarlos. Quiero que funcione con m\u00e1s potencia y fluidez\u201d<\/em>, asever\u00f3.<\/p>\n<p>Con una mirada integral sobre cada una de las partes que conforman el ente, remarc\u00f3 que las pol\u00edticas necesitan \u201cde la ciencia, del conocimiento y de la academia para que se le pueda dar a las personas las respuestas que a\u00fan hoy no se han brindado\u201d.<\/p>\n<p><em>\u201cAc\u00e1 reunidos hay entidades que representan diversos intereses, pero que coinciden en un mismo objetivo. Tenemos un desaf\u00edo conjunto: el desarrollo de la ciudad como el eje de un proyecto metropolitano\u201d<\/em>, destac\u00f3 Passerini.<\/p>\n<p>La Agencia creada en 1997 por Rub\u00e9n Am\u00e9rico Mart\u00ed, tiene como objetivo la articulaci\u00f3n p\u00fablico privada a trav\u00e9s de la promoci\u00f3n de pol\u00edticas p\u00fablicas estrat\u00e9gicas que fomenten el desarrollo de la ciudad y su \u00e1rea metropolitana.<\/p>\n<p>Desde su fundaci\u00f3n, los intendentes de C\u00f3rdoba cumplen funci\u00f3n como presidentes de ADEC, cargo que desde el 10 de diciembre desempe\u00f1a Daniel Passerini<\/p>\n","protected":false},"excerpt":{"rendered":"<p>Agradeci\u00f3 el acompa\u00f1amiento de la entidad y anticip\u00f3 un fortalecimiento del trabajo conjunto para el desarrollo de la ciudad con un eje metropolitano. El intendente de la Capital y presidente de la Agencia para el Desarrollo Econ\u00f3mico de la Ciudad de C\u00f3rdoba (ADEC), Daniel Passerini, ofici\u00f3 un encuentro con autoridades y referentes de la instituci\u00f3n [&hellip;]<\/p>\n","protected":false},"author":1,"featured_media":39863,"comment_status":"closed","ping_status":"closed","sticky":false,"template":"","format":"standard","meta":[],"categories":[14],"tags":[],"_links":{"self":[{"href":"http:\/\/nuevacordoba.net\/index.php\/wp-json\/wp\/v2\/posts\/39862"}],"collection":[{"href":"http:\/\/nuevacordoba.net\/index.php\/wp-json\/wp\/v2\/posts"}],"about":[{"href":"http:\/\/nuevacordoba.net\/index.php\/wp-json\/wp\/v2\/types\/post"}],"author":[{"embeddable":true,"href":"http:\/\/nuevacordoba.net\/index.php\/wp-json\/wp\/v2\/users\/1"}],"replies":[{"embeddable":true,"href":"http:\/\/nuevacordoba.net\/index.php\/wp-json\/wp\/v2\/comments?post=39862"}],"version-history":[{"count":0,"href":"http:\/\/nuevacordoba.net\/index.php\/wp-json\/wp\/v2\/posts\/39862\/revisions"}],"wp:featuredmedia":[{"embeddable":true,"href":"http:\/\/nuevacordoba.net\/index.php\/wp-json\/wp\/v2\/media\/39863"}],"wp:attachment":[{"href":"http:\/\/nuevacordoba.net\/index.php\/wp-json\/wp\/v2\/media?parent=39862"}],"wp:term":[{"taxonomy":"category","embeddable":true,"href":"http:\/\/nuevacordoba.net\/index.php\/wp-json\/wp\/v2\/categories?post=39862"},{"taxonomy":"post_tag","embeddable":true,"href":"http:\/\/nuevacordoba.net\/index.php\/wp-json\/wp\/v2\/tags?post=39862"}],"curies":[{"name":"wp","href":"https:\/\/api.w.org\/{rel}","templated":true}]}}