{"id":39866,"date":"2023-12-15T09:04:01","date_gmt":"2023-12-15T09:04:01","guid":{"rendered":"http:\/\/nuevacordoba.net\/index.php\/2023\/12\/15\/teresa-parodi-lanza-retrato-de-familia-la-musica-como-refugio\/"},"modified":"2023-12-15T09:04:01","modified_gmt":"2023-12-15T09:04:01","slug":"teresa-parodi-lanza-retrato-de-familia-la-musica-como-refugio","status":"publish","type":"post","link":"http:\/\/nuevacordoba.net\/index.php\/2023\/12\/15\/teresa-parodi-lanza-retrato-de-familia-la-musica-como-refugio\/","title":{"rendered":"Teresa Parodi lanza \u00abRetrato de familia\u00bb: la m\u00fasica como refugio"},"content":{"rendered":"<figure class=\"mb-3\"><img loading=\"lazy\" data-src=\"http:\/\/nuevacordoba.net\/wp-content\/uploads\/2023\/12\/teresa-parodi-lanza-retrato-de-familia-la-musica-como-refugio.jpg\" src=\"https:\/\/www.telam.com.ar\/assets\/img\/not_image.png\" class=\" lazy \" width=\"100%\" height=\"100%\" alt=\"Este es ms que un disco para m es un encuentro circular entre mis canciones y todas las personas amorosas que hacen posible mi msica Foto Prensa \"><figcaption> \u00abEste es m\u00e1s que un disco para m\u00ed: es un encuentro circular entre mis canciones y todas las personas amorosas que hacen posible mi m\u00fasica\u00bb \/ Foto: Prensa. <\/figcaption><\/figure>\n<p>La correntina Teresa Parodi refrend\u00f3 su probado oficio de compositora en su nuevo \u00e1lbum, \u00abRetrato de familia\u00bb, disponible desde este viernes en todas las plataformas digitales, que incluye una docena de creaciones de diferente temperamento, pero que demandan una escucha con \u00e1nimo de concentraci\u00f3n y preparaci\u00f3n para el goce ajeno a las estridencias que suelen ayudar a la circulaci\u00f3n de la m\u00fasica.<\/p>\n<p>\u00abLa m\u00fasica, y el arte todo, siempre puede ser un refugio. Un espacio para la creaci\u00f3n de comunidad. Creo que la m\u00fasica es protagonista de la vida y eso est\u00e1 presente siempre en mis discos\u00bb, explic\u00f3 Parodi a T\u00e9lam en un encuentro previo al lanzamiento del material.<\/p>\n<p>Parodi, de 75 a\u00f1os, ha construido una extensa trayectoria como int\u00e9rprete y compositora y, en lo que da cuenta de su dimensi\u00f3n, su obra fue replicada y multiplicada por otras voces de la canci\u00f3n latinoamericana. En \u00abRetrato de familia\u00bb la artista revela que su caligraf\u00eda no se ha oxidado y que, despu\u00e9s ya de una cantidad incontable de discos, tiene todav\u00eda qu\u00e9 decir.<\/p>\n<p>\u00abEl material naci\u00f3 de las reuniones familiares, donde advert\u00ed que los m\u00fasicos de mi familia conoc\u00edan mi repertorio y all\u00ed naci\u00f3 en sentimiento de comunidad para trabajar con ellos. La m\u00fasica es el retrato de nuestra familia; atraves\u00f3 generaciones, se volc\u00f3 hacia distintas formas, pero es sin duda nuestro lenguaje com\u00fan, el idioma en el que hacemos pie. Por eso este es m\u00e1s que un disco para m\u00ed: es un encuentro circular entre mis canciones, mis hijos, nietas, nietos y todas las personas amorosas que hacen posible mi m\u00fasica y que por eso tambi\u00e9n son mi familia\u00bb, dijo la cantautora.<\/p>\n<figure class=\"mb-3\"><img loading=\"lazy\" data-src=\"http:\/\/nuevacordoba.net\/wp-content\/uploads\/2023\/12\/teresa-parodi-lanza-retrato-de-familia-la-musica-como-refugio-1.jpg\" src=\"https:\/\/www.telam.com.ar\/assets\/img\/not_image.png\" class=\" lazy \" width=\"100%\" height=\"100%\" alt=\"Foto Germn Pomar \"><figcaption> Foto: Germ\u00e1n Pomar. <\/figcaption><\/figure>\n<p><\/p>\n<figure class=\"right mb-3\"><img loading=\"lazy\" data-src=\"http:\/\/nuevacordoba.net\/wp-content\/uploads\/2023\/12\/teresa-parodi-lanza-retrato-de-familia-la-musica-como-refugio-2.jpg\" src=\"https:\/\/www.telam.com.ar\/assets\/img\/not_image.png\" class=\" lazy \" width=\"100%\" height=\"100%\" alt=\"Foto Prensa \"><figcaption> Foto: Prensa. <\/figcaption><\/figure>\n<p>En el \u00e1lbum, adem\u00e1s de los m\u00fasicos estables que acompa\u00f1an a la correntina, aparecen las colaboraciones de sus familiares: Camilo Parodi (bajo), Emilia Parodi (piano, teclados, sintetizador y arreglos), Ezequiel Parodi (guitarra) y Lautaro Parodi (guitarra, ronroco y charango). La producci\u00f3n musical estuvo a cargo de Manu Sija.<\/p>\n<p>\u00abRetrato de familia\u00bb ya hab\u00eda tenido un <strong>anticipo con la difusi\u00f3n de un simple, \u00abDonde quiera que van\u00bb<\/strong>, una canci\u00f3n que refleja la insurrecci\u00f3n de los feminismos con una mirada que no est\u00e1 en la coyuntura sino en las primeras luchadoras que, \u00abde forma m\u00e1s individual\u00bb, prepararon las condiciones para las conquistas sociales de este tiempo.<\/p>\n<p>A modo coral <strong>se sumaron a la canci\u00f3n las voces de Lula Bertoldi, Ivonne Guzm\u00e1n, Nadia Larcher, Ana Prada y el grupo Otra Ronda.<\/strong><\/p>\n<p>\u00abRetrato de familia\u00bb comienza con \u00abFlor abierta\u00bb, una composici\u00f3n de escucha sencilla, de melod\u00eda clara, sin los componentes artificiales que a veces contiene un tema de apertura.<\/p>\n<p>Parodi exhibe, como tantas veces, su destreza para llevar a la canci\u00f3n experiencias e historias concretas: aqu\u00ed lo hace en <strong>\u00abCantiga para Dominga\u00bb<\/strong>, inspirada en una mujer que luchaba contra sus penas\u00bb, pero hay letras m\u00e1s espont\u00e1neas, como <strong>\u00abPaisaje\u00bb<\/strong>. \u00abA veces la letra y melod\u00eda simplemente irrumpen y s\u00f3lo hay que dejar hacer\u00bb, explic\u00f3 la autora.<\/p>\n<p>La inflexi\u00f3n del disco aparece a mitad de recorrido cuando la gracia litorale\u00f1a cede paso a una canci\u00f3n morosa, heterodoxa, que construye su potencia por acumulaci\u00f3n, y que rinde homenaje a un poema del chileno Pablo Neruda. Es \u00abLa Mamadre\u00bb. Podr\u00eda imaginarse todo el recorrido previo del disco como una construcci\u00f3n de ese momento de atenci\u00f3n, tensi\u00f3n y ternura.<\/p>\n<p>Pero \u00abRetrato de familia\u00bb por suerte no se agota all\u00ed: la guitarra (y la composici\u00f3n musical) de Juan Fal\u00fa aparecen en \u00abZamba por la Natalia\u00bb, la voz de Fernando Barrientos en la \u00abVidala para el amor sincero\u00bb, la de Marta G\u00f3mez en \u00abLa canci\u00f3n con luna\u00bb y las de V\u00edctor Heredia y Le\u00f3n Gieco en \u00abSiempre viva\u00bb.<\/p>\n<blockquote class><p>La guitarra (y la composici\u00f3n musical) de Juan Fal\u00fa aparecen en&nbsp;\u00abZamba por la Natalia\u00bb, la voz de Fernando Barrientos en la&nbsp;\u00abVidala para el amor sincero\u00bb, la de Marta G\u00f3mez en \u00abLa canci\u00f3n con luna\u00bb y las de V\u00edctor Heredia y Le\u00f3n Gieco en \u00abSiempre viva\u00bb<\/p><\/blockquote>\n<p>En \u00abLos dos solitos\u00bb, en sociedad con Popi Spatocco, aparece un recuerdo a Mercedes Sosa, Fabi\u00e1n Matus, inspirado en un texto del periodista Mariano Del Mazo.<\/p>\n<p>El final, en un registro esperanzador, la correntina lo cierra con<strong> \u00abQuiero la vuelta\u00bb<\/strong>, porque la existencia, parece decirnos, es una forma de persistencia y, en esa condici\u00f3n, dice Parodi \u00abhay tambi\u00e9n una vuelta m\u00e1s para m\u00ed\u00bb.<\/p>\n<p>\u00abPara hacer m\u00fasica popular -propuso a\u00f1os atr\u00e1s Parodi- no hay moldes y eso es justamente lo que la salva; aunque s\u00e9 que hay gente que cree que se debe tocar de una sola manera, pero yo, y lo digo sin sentenciar, en eso no creo\u00bb.<\/p>\n<p>En \u00abRetrato de familia\u00bb Parodi es fiel a ese postulado.<\/p>\n<div class=\"card col-md-10 offset-md-1 mb-4\">\n<h3 class=\"pt-2\">Relacionadas<\/h3>\n<\/p><\/div>\n","protected":false},"excerpt":{"rendered":"<p>\u00abEste es m\u00e1s que un disco para m\u00ed: es un encuentro circular entre mis canciones y todas las personas amorosas que hacen posible mi m\u00fasica\u00bb \/ Foto: Prensa. La correntina Teresa Parodi refrend\u00f3 su probado oficio de compositora en su nuevo \u00e1lbum, \u00abRetrato de familia\u00bb, disponible desde este viernes en todas las plataformas digitales, que [&hellip;]<\/p>\n","protected":false},"author":1,"featured_media":39867,"comment_status":"closed","ping_status":"closed","sticky":false,"template":"","format":"standard","meta":[],"categories":[9],"tags":[],"_links":{"self":[{"href":"http:\/\/nuevacordoba.net\/index.php\/wp-json\/wp\/v2\/posts\/39866"}],"collection":[{"href":"http:\/\/nuevacordoba.net\/index.php\/wp-json\/wp\/v2\/posts"}],"about":[{"href":"http:\/\/nuevacordoba.net\/index.php\/wp-json\/wp\/v2\/types\/post"}],"author":[{"embeddable":true,"href":"http:\/\/nuevacordoba.net\/index.php\/wp-json\/wp\/v2\/users\/1"}],"replies":[{"embeddable":true,"href":"http:\/\/nuevacordoba.net\/index.php\/wp-json\/wp\/v2\/comments?post=39866"}],"version-history":[{"count":0,"href":"http:\/\/nuevacordoba.net\/index.php\/wp-json\/wp\/v2\/posts\/39866\/revisions"}],"wp:featuredmedia":[{"embeddable":true,"href":"http:\/\/nuevacordoba.net\/index.php\/wp-json\/wp\/v2\/media\/39867"}],"wp:attachment":[{"href":"http:\/\/nuevacordoba.net\/index.php\/wp-json\/wp\/v2\/media?parent=39866"}],"wp:term":[{"taxonomy":"category","embeddable":true,"href":"http:\/\/nuevacordoba.net\/index.php\/wp-json\/wp\/v2\/categories?post=39866"},{"taxonomy":"post_tag","embeddable":true,"href":"http:\/\/nuevacordoba.net\/index.php\/wp-json\/wp\/v2\/tags?post=39866"}],"curies":[{"name":"wp","href":"https:\/\/api.w.org\/{rel}","templated":true}]}}