{"id":39874,"date":"2023-12-15T15:07:28","date_gmt":"2023-12-15T15:07:28","guid":{"rendered":"http:\/\/nuevacordoba.net\/index.php\/2023\/12\/15\/rosario-central-y-platense-por-la-gloria-de-la-copa-de-la-liga\/"},"modified":"2023-12-15T15:07:28","modified_gmt":"2023-12-15T15:07:28","slug":"rosario-central-y-platense-por-la-gloria-de-la-copa-de-la-liga","status":"publish","type":"post","link":"http:\/\/nuevacordoba.net\/index.php\/2023\/12\/15\/rosario-central-y-platense-por-la-gloria-de-la-copa-de-la-liga\/","title":{"rendered":"Rosario Central y Platense, por la gloria de la Copa de la Liga"},"content":{"rendered":"<figure class=\"mb-3\"><img loading=\"lazy\" data-src=\"http:\/\/nuevacordoba.net\/wp-content\/uploads\/2023\/12\/rosario-central-y-platense-por-la-gloria-de-la-copa-de-la-liga.jpg\" src=\"https:\/\/www.telam.com.ar\/assets\/img\/not_image.png\" class=\" lazy \" width=\"100%\" height=\"100%\" alt=\"Foto Sebastin Granata\"><figcaption> Foto: Sebasti\u00e1n Granata <\/figcaption><\/figure>\n<p>Rosario Central, uno de los mejores equipos del segundo semestre del a\u00f1o, y Platense, una grata revelaci\u00f3n, jugar\u00e1n este s\u00e1bado la final de la Copa de la Liga Profesional en Santiago del Estero.<\/p>\n<p>El encuentro que consagrar\u00e1 a un nuevo campe\u00f3n del f\u00fatbol argentino, que en caso de ser Platense ser\u00eda algo in\u00e9dito, se jugar\u00e1 este s\u00e1bado a partir de las 21 en el estadio \u00danico Madre de Ciudades, en la capital santiague\u00f1a, que en la jornada previa recibi\u00f3 a los planteles con una temperatura de 31 grados.<\/p>\n<p>El \u00e1rbitro de la final ser\u00e1 Nicol\u00e1s Ram\u00edrez y la televisaci\u00f3n estar\u00e1 a cargo de ESPN Premium y TNT Sports.<\/p>\n<p>Central, dirigido por Miguel \u00c1ngel Russo, se instal\u00f3 en la final luego de haber eliminado sucesivamente a dos grandes, Racing Club y River Plate, y est\u00e1 muy cerca de dar una vuelta ol\u00edmpica despu\u00e9s de un lustro, cuando gan\u00f3 la Copa Argentina en 2018.<\/p>\n<p>El \u00abCalamar\u00bb, por su parte, apel\u00f3 a la enorme figura de su arquero Ramiro Macagno para eliminar sucesivamente en series de penales a Hurac\u00e1n y Godoy Cruz de Mendoza.<\/p>\n<p>Central y Platense tienen una caracter\u00edstica en com\u00fan, ya que comenzaron la temporada preocupados por alejarse de los puestos de descenso, y con campa\u00f1as muy buenas dejaron atr\u00e1s ese tema y se clasificaron a los cuartos de final, como cuartos de las Zonas A y B, respectivamente.<\/p>\n<p>\u00abHay que ver de d\u00f3nde venimos. Cuando empezamos con Gonzalo (el presidente Belloso) est\u00e1bamos a cinco puntos del descenso, con el club fundido. Perdimos partidos y sufrimos golpes dur\u00edsimos pero siempre nos levantamos. Es importante saber de d\u00f3nde venimos para valorar d\u00f3nde estamos parados ahora\u00bb, record\u00f3 Russo, el gran mentor del equipo \u00abCanalla\u00bb.<\/p>\n<p>El equipo rosarino comenz\u00f3 una remontada en el cl\u00e1sico rosarino, al que lleg\u00f3 cuando estaba \u00faltimo en su zona, pero ese gol de tiro libre de Ignacio \u00abNacho\u00bb Malcorra en el descuento le dio el triunfo por 1-0 y un envi\u00f3n muy importante, puesto que no par\u00f3 de sumar y ganar.<\/p>\n<figure class=\"mb-3\"><img loading=\"lazy\" data-src=\"http:\/\/nuevacordoba.net\/wp-content\/uploads\/2023\/12\/rosario-central-y-platense-por-la-gloria-de-la-copa-de-la-liga-1.jpg\" src=\"https:\/\/www.telam.com.ar\/assets\/img\/not_image.png\" class=\" lazy \" width=\"100%\" height=\"100%\" alt=\"Foto Javier Corbaln \"><figcaption> Foto Javier Corbal\u00e1n. <\/figcaption><\/figure>\n<p>El triunfo m\u00e1s trascendente fue en Rosario sobre River (3-1) en la pen\u00faltima fecha, as\u00ed estir\u00f3 a 28 partidos su invicto en el estadio Gigante de Arroyito, y luego cerr\u00f3 con otra victoria m\u00e1s que le asegur\u00f3 a trav\u00e9s de la tabla general de puntos acumulados durante el a\u00f1o un lugar en la Copa Libertadores de 2024.<\/p>\n<p>En los mano a mano, Central pas\u00f3 a dos grandes en series de penales, apoyado en su arquero, capit\u00e1n y referente Jorge \u00abFatura\u00bb Broun.<\/p>\n<p>Broun aport\u00f3 sus \u00abmanos m\u00e1gicas\u00bb para atajar los penales ejecutados por Enzo D\u00edaz, Agust\u00edn Palavecino y el \u00abPity\u00bb Mart\u00ednez, mientras que Manuel Lanzini tir\u00f3 el suyo a la tribuna del estadio cordob\u00e9s Mario Kempes.<\/p>\n<p>Enfrente estar\u00e1 Platense, quien en su \u00e9poca de jugador fue dirigido por Russo en Estudiantes de La Plata y en Boca Juniors, y que pretende conquistar un t\u00edtulo que ser\u00eda hist\u00f3rico por tratarse del primero en la historia del club originario del barrio porte\u00f1o de Saavedra.<\/p>\n<p>\u00abEl hecho de haber empezado la temporada peleando el descenso llev\u00f3 a jugar de igual a igual contra todos los rivales, y haber pasado dos eliminatorias (ante Hurac\u00e1n y Godoy Cruz) fortalecieron al grupo porque lograron jugar sin importar el contexto, eso es algo muy bueno\u00bb, analiz\u00f3 el exdelantero y DT \u00abCalamar\u00bb Claudio Spont\u00f3n en di\u00e1logo con T\u00e9lam, destacando que se nota la impronta de Palermo.<\/p>\n<p>En cuanto a las formaciones para la final, tanto Russo como Palermo planean repetir las formaciones que jugaron las semifinales de la Copa de la Liga.<\/p>\n<p>No obstante, Russo duda entre mantener en el mediocampo a Agust\u00edn Toledo o bien incluir un delantero como Maximiliano Lovera para que el mexicano Luca Mart\u00ednez Dupuy tenga mayor compa\u00f1\u00eda arriba.<\/p>\n<p>Por el lado de Platense, ante una posibilidad \u00fanica y quiz\u00e1 irrepetible de ser campe\u00f3n y adem\u00e1s ingresar a jugar la pr\u00f3xima Libertadores, el \u00abTit\u00e1n\u00bb Palermo no tocar\u00e1 nada, muy conforme con lo que mostr\u00f3 el equipo en las series anteriores.<\/p>\n<p>\u00abNadie llega a la final porque s\u00ed. Tanto Platense como nosotros hicimos m\u00e9ritos para estar en este lugar, nadie nos regal\u00f3 nada\u00bb, record\u00f3 Russo.<\/p>\n<p>&#8211; Posibles Formaciones &#8211;<\/p>\n<p>Rosario Central: Jorge Broun; Dami\u00e1n Mart\u00ednez, Facundo Mallo, Carlos Quintana y Agust\u00edn S\u00e1ndez; Agust\u00edn Toledo o Maximiliano Lovera, Kevin Ortiz, Tom\u00e1s O&#8217;Connor, Ignacio Malcorra y Jaminton Campaz; Luca Mart\u00ednez Dupuy. DT: Miguel \u00c1ngel Russo.<\/p>\n<p>Platense: Ramiro Macagno; Nicol\u00e1s Morgantini, Ignacio V\u00e1zquez, Gast\u00f3n Suso y Ra\u00fal Lozano; Facundo Russo, Franco D\u00edaz, Nicol\u00e1s Castro y Lucas Ocampo; Mateo Pellegrino y Ronaldo Mart\u00ednez. DT: Mart\u00edn Palermo.<\/p>\n<p>Arbitro: Nicol\u00e1s Ram\u00edrez.<\/p>\n<p>VAR: Mauro Vigliano.<\/p>\n<p>Cancha: Estadio \u00danico Madre de Ciudades, en Santiago del Estero.<\/p>\n<p>Hora de inicio: 21.<\/p>\n<p>TV: TNT Sports y ESPN.<\/p>\n","protected":false},"excerpt":{"rendered":"<p>Foto: Sebasti\u00e1n Granata Rosario Central, uno de los mejores equipos del segundo semestre del a\u00f1o, y Platense, una grata revelaci\u00f3n, jugar\u00e1n este s\u00e1bado la final de la Copa de la Liga Profesional en Santiago del Estero. El encuentro que consagrar\u00e1 a un nuevo campe\u00f3n del f\u00fatbol argentino, que en caso de ser Platense ser\u00eda algo [&hellip;]<\/p>\n","protected":false},"author":1,"featured_media":39875,"comment_status":"closed","ping_status":"closed","sticky":false,"template":"","format":"standard","meta":[],"categories":[10],"tags":[],"_links":{"self":[{"href":"http:\/\/nuevacordoba.net\/index.php\/wp-json\/wp\/v2\/posts\/39874"}],"collection":[{"href":"http:\/\/nuevacordoba.net\/index.php\/wp-json\/wp\/v2\/posts"}],"about":[{"href":"http:\/\/nuevacordoba.net\/index.php\/wp-json\/wp\/v2\/types\/post"}],"author":[{"embeddable":true,"href":"http:\/\/nuevacordoba.net\/index.php\/wp-json\/wp\/v2\/users\/1"}],"replies":[{"embeddable":true,"href":"http:\/\/nuevacordoba.net\/index.php\/wp-json\/wp\/v2\/comments?post=39874"}],"version-history":[{"count":0,"href":"http:\/\/nuevacordoba.net\/index.php\/wp-json\/wp\/v2\/posts\/39874\/revisions"}],"wp:featuredmedia":[{"embeddable":true,"href":"http:\/\/nuevacordoba.net\/index.php\/wp-json\/wp\/v2\/media\/39875"}],"wp:attachment":[{"href":"http:\/\/nuevacordoba.net\/index.php\/wp-json\/wp\/v2\/media?parent=39874"}],"wp:term":[{"taxonomy":"category","embeddable":true,"href":"http:\/\/nuevacordoba.net\/index.php\/wp-json\/wp\/v2\/categories?post=39874"},{"taxonomy":"post_tag","embeddable":true,"href":"http:\/\/nuevacordoba.net\/index.php\/wp-json\/wp\/v2\/tags?post=39874"}],"curies":[{"name":"wp","href":"https:\/\/api.w.org\/{rel}","templated":true}]}}