{"id":39876,"date":"2023-12-15T15:07:34","date_gmt":"2023-12-15T15:07:34","guid":{"rendered":"http:\/\/nuevacordoba.net\/index.php\/2023\/12\/15\/xavi-quiere-al-diablito-echeverri-y-lo-lleno-de-elogios\/"},"modified":"2023-12-15T15:07:34","modified_gmt":"2023-12-15T15:07:34","slug":"xavi-quiere-al-diablito-echeverri-y-lo-lleno-de-elogios","status":"publish","type":"post","link":"http:\/\/nuevacordoba.net\/index.php\/2023\/12\/15\/xavi-quiere-al-diablito-echeverri-y-lo-lleno-de-elogios\/","title":{"rendered":"Xavi quiere al \u00abDiablito\u00bb Echeverri y lo llen\u00f3 de elogios"},"content":{"rendered":"<figure class=\"mb-3\"><img loading=\"lazy\" data-src=\"http:\/\/nuevacordoba.net\/wp-content\/uploads\/2023\/12\/xavi-quiere-al-diablito-echeverri-y-lo-lleno-de-elogios.jpg\" src=\"https:\/\/www.telam.com.ar\/assets\/img\/not_image.png\" class=\" lazy \" width=\"100%\" height=\"100%\" alt=\"Echeverri una de las grandes figuras del ltimo Mundial Sub17 de Indonesia 2023 para Argentina Foto XArgentina\"><figcaption> Echeverri, una de las grandes figuras del \u00faltimo Mundial Sub17 de Indonesia 2023 para Argentina | Foto: X@Argentina. <\/figcaption><\/figure>\n<p>El director t\u00e9cnico de Barcelona, Xavi Hern\u00e1ndez, admiti\u00f3 hoy el inter\u00e9s del club por fichar al joven delantero de River Plate y del seleccionado argentino sub 17 Claudio \u00abDiablito\u00bb Echeverri, a quien defini\u00f3 como \u00abun futbolista diferencial\u00bb.<\/p>\n<p>En la conferencia de prensa previa al juego de ma\u00f1ana ante Valencia, el entrenador catal\u00e1n fue consultado por el argentino ante la inminencia de la apertura del mercado de invierno en Europa: \u00abS\u00ed que lo conozco, es un talento\u00bb.<\/p>\n<p>Xavi calific\u00f3 al chaque\u00f1o como \u00abun futbolista diferencial\u00bb pero deslig\u00f3 las posibilidades de su arribo al \u00ab\u00e1rea de scouting, que est\u00e1 en ello\u00bb.<\/p>\n<p>Echeverri, de 17 a\u00f1os, deslumbr\u00f3 al f\u00fatbol europeo con su reciente actuaci\u00f3n en el Mundial Sub 17 en Indonesia, donde anot\u00f3 cinco goles en siete partidos con presentaciones brillantes como la del triplete a Brasil en cuartos de final.<\/p>\n<blockquote class=\"twitter-tweet\" data-media-max-width=\"560\" readability=\"6.6762295081967\">\n<p lang=\"es\" dir=\"ltr\">\ud83d\udde3\ufe0f \u00abES UN TALENTO, UN FUTBOLISTA DIFERENCIAL\u00bb<\/p>\n<p>Xavi Hern\u00e1ndez confirm\u00f3 los rumores que vinculan al Diablito <a href=\"https:\/\/twitter.com\/hashtag\/Echeverri?src=hash&amp;ref_src=twsrc%5Etfw\">#Echeverri<\/a> \ud83d\ude08 con su <a href=\"https:\/\/twitter.com\/hashtag\/Barcelona?src=hash&amp;ref_src=twsrc%5Etfw\">#Barcelona<\/a> \ud83d\udd35\ud83d\udd34. <a href=\"https:\/\/t.co\/dxlLjjGnM4\">pic.twitter.com\/dxlLjjGnM4<\/a><\/p>\n<p>\u2014 ESPN F\u00fatbol Argentina (@ESPNFutbolArg) <a href=\"https:\/\/twitter.com\/ESPNFutbolArg\/status\/1735651220289622062?ref_src=twsrc%5Etfw\">December 15, 2023<\/a><\/p><\/blockquote>\n<p>En primera divisi\u00f3n, el \u00abDiablito\u00bb lleva jugados cinco encuentros con River -ninguno como titular-, todav\u00eda no marc\u00f3 tantos pero s\u00ed entreg\u00f3 una asistencia.<\/p>\n<p>La prensa catalana public\u00f3 esta semana que Barcelona inici\u00f3 los primeros contactos con River para asegurarse a la joya argentina, por la que estar\u00eda dispuesto a pagar unos 30 millones de euros, por encima de la cl\u00e1usula de rescisi\u00f3n de su contrato en N\u00fa\u00f1ez, fijada en 25 millones.<\/p>\n<p>El chaque\u00f1o tiene contrato firmado con River hasta el 31 de diciembre de 2024. <\/p>\n","protected":false},"excerpt":{"rendered":"<p>Echeverri, una de las grandes figuras del \u00faltimo Mundial Sub17 de Indonesia 2023 para Argentina | Foto: X@Argentina. El director t\u00e9cnico de Barcelona, Xavi Hern\u00e1ndez, admiti\u00f3 hoy el inter\u00e9s del club por fichar al joven delantero de River Plate y del seleccionado argentino sub 17 Claudio \u00abDiablito\u00bb Echeverri, a quien defini\u00f3 como \u00abun futbolista diferencial\u00bb. [&hellip;]<\/p>\n","protected":false},"author":1,"featured_media":39877,"comment_status":"closed","ping_status":"closed","sticky":false,"template":"","format":"standard","meta":[],"categories":[10],"tags":[],"_links":{"self":[{"href":"http:\/\/nuevacordoba.net\/index.php\/wp-json\/wp\/v2\/posts\/39876"}],"collection":[{"href":"http:\/\/nuevacordoba.net\/index.php\/wp-json\/wp\/v2\/posts"}],"about":[{"href":"http:\/\/nuevacordoba.net\/index.php\/wp-json\/wp\/v2\/types\/post"}],"author":[{"embeddable":true,"href":"http:\/\/nuevacordoba.net\/index.php\/wp-json\/wp\/v2\/users\/1"}],"replies":[{"embeddable":true,"href":"http:\/\/nuevacordoba.net\/index.php\/wp-json\/wp\/v2\/comments?post=39876"}],"version-history":[{"count":0,"href":"http:\/\/nuevacordoba.net\/index.php\/wp-json\/wp\/v2\/posts\/39876\/revisions"}],"wp:featuredmedia":[{"embeddable":true,"href":"http:\/\/nuevacordoba.net\/index.php\/wp-json\/wp\/v2\/media\/39877"}],"wp:attachment":[{"href":"http:\/\/nuevacordoba.net\/index.php\/wp-json\/wp\/v2\/media?parent=39876"}],"wp:term":[{"taxonomy":"category","embeddable":true,"href":"http:\/\/nuevacordoba.net\/index.php\/wp-json\/wp\/v2\/categories?post=39876"},{"taxonomy":"post_tag","embeddable":true,"href":"http:\/\/nuevacordoba.net\/index.php\/wp-json\/wp\/v2\/tags?post=39876"}],"curies":[{"name":"wp","href":"https:\/\/api.w.org\/{rel}","templated":true}]}}