{"id":39890,"date":"2023-12-15T10:54:01","date_gmt":"2023-12-15T10:54:01","guid":{"rendered":"https:\/\/www.ole.com.ar\/futbol-primera\/afa-tratara-reclamo-colon-anular-descenso_0_Ef8TuSlN88.html"},"modified":"2023-12-15T10:54:01","modified_gmt":"2023-12-15T10:54:01","slug":"la-afa-tratara-el-reclamo-de-colon-para-anular-el-descenso","status":"publish","type":"post","link":"http:\/\/nuevacordoba.net\/index.php\/2023\/12\/15\/la-afa-tratara-el-reclamo-de-colon-para-anular-el-descenso\/","title":{"rendered":"La AFA tratar\u00e1 el reclamo de Col\u00f3n para anular el descenso"},"content":{"rendered":"<p><time class=\"createDate\" datetime=\"2023-12-15T07:54:001-03:00\">15\/12\/2023 07:54hs.<\/time><time class=\"modificatedDate\" datetime=\"2023-12-15T14:44:18-03:00\"> Actualizado al 15\/12\/2023 14:44hs.<\/time><\/p>\n<div id=\"storyBody\">\n<div class=\"custom-text \" readability=\"39\">\n<p><strong>Col\u00f3n <\/strong>perdi\u00f3 la categor\u00eda luego de caer en un partido de desempate ante <strong>Gimnasia<\/strong>. Sin embargo, el Sabalero present\u00f3 una<strong> denuncia ante la Justicia para anular el descenso porque considera que hubo \u00abuna situaci\u00f3n de desventaja<\/strong>\u00ab. Y la Asociaci\u00f3n del F\u00fatbol Argentino acept\u00f3 tratar el reclamo. En esa l\u00ednea, Jos\u00e9 Vignatti, presidente del club, avis\u00f3 que todav\u00eda \u00abno descendi\u00f3\u00bb.<\/p>\n<\/div>\n<div class=\"custom-text \" readability=\"36\">\n<p>\u00abHay posibilidades de encontrar un recurso favorable, pero lo tiene que decidir el Tribunal de Disciplina la semana entrante\u00bb, asegur\u00f3 el titular de la instituci\u00f3n en di\u00e1logo con la radio LT9 de Santa Fe.<\/p>\n<\/div>\n<div class=\"custom-text \" readability=\"36\">\n<p>\u00bfQu\u00e9 pasa con Gimnasia? En este contexto, <strong>el club platense fue citado para dar su versi\u00f3n de los hechos<\/strong>. \u00abEl plazo improrrogable para tomar conocimiento de la denuncia o requerir su copia y presentar la defensa ser\u00e1 de cinco d\u00edas corridos\u00bb, asegur\u00f3 el <strong>Tribunal de Disciplina de la AFA<\/strong><em>.<\/em><\/p>\n<\/div>\n<p><h2><strong>La denuncia de Col\u00f3n<\/strong><\/h2>\n<\/p>\n<div class=\"custom-text \" readability=\"37\">\n<p><strong>Col\u00f3n<\/strong>, representado por el abogado <strong>Ariel Reck<\/strong>, present\u00f3 una denuncia formal ante la AFA para anular el descenso. Seg\u00fan la instituci\u00f3n, las reglas fueron cambiadas con el campeonato en marcha y perjudicaron al equipo. <\/p>\n<\/div>\n<div class=\"custom-text \" readability=\"36\">\n<p>\u00abEl hecho de que se modifique el sistema de descenso sobre la base de competencias que ya se jugaron, <strong>coloc\u00f3 a nuestro club en una situaci\u00f3n de absoluta desventaja deportiva sobre sus pares y viola el principio de irretroactividad de la ley<\/strong>\u00ab, asegura el escrito.<\/p>\n<\/div>\n<div class=\"custom-text \" readability=\"37\">\n<p>Siguiendo la misma l\u00ednea, refuerza: \u00ab<strong>Un partido desempate disputado sobre la base de un reglamento alterado en medio de la competencia sin la aprobaci\u00f3n de todos los miembros del Comit\u00e9 Ejecutivo no puede admitirse<\/strong>. Las modificaciones de la Asamblea de Junio 2023 sin la aprobaci\u00f3n de la totalidad de los miembros del Comit\u00e9, debieron en todo caso regir para la temporada 2024&#8243;.<\/p>\n<\/div>\n<div class=\"sc-e7b891c4-0 jPbnQF\"><img alt=\"Col\u00f3n descendi\u00f3 a la Primera B. Foto: Juanjo Garcia\" src=\"http:\/\/nuevacordoba.net\/wp-content\/uploads\/2023\/12\/la-afa-tratara-el-reclamo-de-colon-para-anular-el-descenso.jpg\" width=\"720\" height=\"100\" decoding=\"async\" data-nimg=\"future\" loading=\"lazy\"><span class=\"epigraphe\">Col\u00f3n descendi\u00f3 a la Primera B. Foto: Juanjo Garcia<\/span><\/div>\n<p><h2><strong>Gimnasia vs Col\u00f3n: el resumen del partido<\/strong><\/h2>\n<\/p>\n<div class=\"custom-text \" readability=\"34\">\n<p><strong>Gimnasia <\/strong>y <strong>Col\u00f3n <\/strong>llegaron a la fecha 14 de la Copa de la Liga con la misma cantidad de puntos. Por lo tanto, se vieron en la obligaci\u00f3n de dirimir el segundo descenso con un partido de desempate. <\/p>\n<\/div>\n<div class=\"custom-text \" readability=\"37\">\n<p>El encuentro -que se disput\u00f3 dentro del Coloso el pasado 1 de diciembre- termin\u00f3 con el marcador en favor del Lobo, equipo que, gracias a un gol de <strong>Nicol\u00e1s Colazo<\/strong>, logr\u00f3 la permanencia en Primera Divisi\u00f3n.<\/p>\n<\/div>\n<div type=\"embed\" class=\"sc-7ce6049-0 dwIKul\">\n<div class=\"sc-7ce6049-1 bdcBBS videoText\" id=\"contentTitleembedWknkCYu2\" type=\"embed\"><svg fill=\"#ffffff\"><symbol id=\"play\" viewBox=\"0 0 512 512\"><path d=\"M512 256C512 397.4 397.4 512 256 512C114.6 512 0 397.4 0 256C0 114.6 114.6 0 256 0C397.4 0 512 114.6 512 256zM176 168V344C176 352.7 180.7 360.7 188.3 364.9C195.8 369.2 205.1 369 212.5 364.5L356.5 276.5C363.6 272.1 368 264.4 368 256C368 247.6 363.6 239.9 356.5 235.5L212.5 147.5C205.1 142.1 195.8 142.8 188.3 147.1C180.7 151.3 176 159.3 176 168V168z\" \/><\/symbol><use xlink:href=\"#play\" \/><\/svg><\/p>\n<div class=\"right\">\n<p>Col\u00f3n<!-- --> &#8211;<!-- --> <span>15-12-2023<\/span><\/p>\n<h2 class=\"title-vid\">Gimnasia se queda en Primera<\/h2>\n<\/div>\n<\/div>\n<p><span class=\"back\" id=\"spanBackembedWknkCYu2\"><\/span><\/div>\n<div class=\"sc-a7166897-0 exHLBh\" readability=\"6\">\n<section readability=\"2\"><picture><img alt=\"Encuesta Ol\u00e9: \u00bfQu\u00e9 har\u00edas ante la inminente salida de Rond\u00f3n?\" src=\"http:\/\/nuevacordoba.net\/wp-content\/uploads\/2023\/12\/la-afa-tratara-el-reclamo-de-colon-para-anular-el-descenso-1.jpg\" width=\"290\" height=\"290\" decoding=\"async\" data-nimg=\"future\" loading=\"lazy\"><\/picture>\n<p><span>Mir\u00e1 tambi\u00e9n<\/span><\/p>\n<hr>\n<h3>Encuesta Ol\u00e9: \u00bfQu\u00e9 har\u00edas ante la inminente salida de Rond\u00f3n?<\/h3>\n<\/p>\n<\/section>\n<\/div>\n<div class=\"sc-a7166897-0 exHLBh\" readability=\"8\">\n<section readability=\"6\"><picture><img alt=\"Elecciones en el f\u00fatbol argentino: Boca, San Lorenzo, Tigre, Col\u00f3n y Chicago votar\u00e1n el mismo d\u00eda\" src=\"http:\/\/nuevacordoba.net\/wp-content\/uploads\/2023\/12\/la-afa-tratara-el-reclamo-de-colon-para-anular-el-descenso-2.jpg\" width=\"290\" height=\"290\" decoding=\"async\" data-nimg=\"future\" loading=\"lazy\"><\/picture>\n<p><span>Mir\u00e1 tambi\u00e9n<\/span><\/p>\n<hr>\n<h3>Elecciones en el f\u00fatbol argentino: Boca, San Lorenzo, Tigre, Col\u00f3n y Chicago votar\u00e1n el mismo d\u00eda<\/h3>\n<\/p>\n<\/section>\n<\/div>\n<div class=\"sc-a7166897-0 exHLBh\" readability=\"7\">\n<section readability=\"4\"><picture><img alt=\"Nicol\u00e1s Larcam\u00f3n con Ol\u00e9: \u201cSi voy a regalar mi anonimato, que sea por una buena causa\u201d\" src=\"http:\/\/nuevacordoba.net\/wp-content\/uploads\/2023\/12\/la-afa-tratara-el-reclamo-de-colon-para-anular-el-descenso-3.jpg\" width=\"290\" height=\"290\" decoding=\"async\" data-nimg=\"future\" loading=\"lazy\"><\/picture>\n<p><span>Mir\u00e1 tambi\u00e9n<\/span><\/p>\n<hr>\n<h3>Nicol\u00e1s Larcam\u00f3n con Ol\u00e9: \u201cSi voy a regalar mi anonimato, que sea por una buena causa\u201d<\/h3>\n<\/p>\n<\/section>\n<\/div>\n<\/div>\n","protected":false},"excerpt":{"rendered":"<p>15\/12\/2023 07:54hs. Actualizado al 15\/12\/2023 14:44hs. Col\u00f3n perdi\u00f3 la categor\u00eda luego de caer en un partido de desempate ante Gimnasia. Sin embargo, el Sabalero present\u00f3 una denuncia ante la Justicia para anular el descenso porque considera que hubo \u00abuna situaci\u00f3n de desventaja\u00ab. Y la Asociaci\u00f3n del F\u00fatbol Argentino acept\u00f3 tratar el reclamo. En esa l\u00ednea, [&hellip;]<\/p>\n","protected":false},"author":1,"featured_media":39891,"comment_status":"closed","ping_status":"closed","sticky":false,"template":"","format":"standard","meta":[],"categories":[10],"tags":[],"_links":{"self":[{"href":"http:\/\/nuevacordoba.net\/index.php\/wp-json\/wp\/v2\/posts\/39890"}],"collection":[{"href":"http:\/\/nuevacordoba.net\/index.php\/wp-json\/wp\/v2\/posts"}],"about":[{"href":"http:\/\/nuevacordoba.net\/index.php\/wp-json\/wp\/v2\/types\/post"}],"author":[{"embeddable":true,"href":"http:\/\/nuevacordoba.net\/index.php\/wp-json\/wp\/v2\/users\/1"}],"replies":[{"embeddable":true,"href":"http:\/\/nuevacordoba.net\/index.php\/wp-json\/wp\/v2\/comments?post=39890"}],"version-history":[{"count":0,"href":"http:\/\/nuevacordoba.net\/index.php\/wp-json\/wp\/v2\/posts\/39890\/revisions"}],"wp:featuredmedia":[{"embeddable":true,"href":"http:\/\/nuevacordoba.net\/index.php\/wp-json\/wp\/v2\/media\/39891"}],"wp:attachment":[{"href":"http:\/\/nuevacordoba.net\/index.php\/wp-json\/wp\/v2\/media?parent=39890"}],"wp:term":[{"taxonomy":"category","embeddable":true,"href":"http:\/\/nuevacordoba.net\/index.php\/wp-json\/wp\/v2\/categories?post=39890"},{"taxonomy":"post_tag","embeddable":true,"href":"http:\/\/nuevacordoba.net\/index.php\/wp-json\/wp\/v2\/tags?post=39890"}],"curies":[{"name":"wp","href":"https:\/\/api.w.org\/{rel}","templated":true}]}}