{"id":39896,"date":"2023-12-15T12:16:39","date_gmt":"2023-12-15T12:16:39","guid":{"rendered":"http:\/\/cordobanewsnet.wordpress.com\/?p=8611"},"modified":"2023-12-15T12:16:39","modified_gmt":"2023-12-15T12:16:39","slug":"bullrich-presento-un-protocolo-para-asegurar-el-orden-y-la-circulacion-en-piquetes","status":"publish","type":"post","link":"http:\/\/nuevacordoba.net\/index.php\/2023\/12\/15\/bullrich-presento-un-protocolo-para-asegurar-el-orden-y-la-circulacion-en-piquetes\/","title":{"rendered":"Bullrich present\u00f3 un protocolo para asegurar el orden y la circulaci\u00f3n en piquetes"},"content":{"rendered":"<div><img src=\"http:\/\/nuevacordoba.net\/wp-content\/uploads\/2023\/12\/bullrich-presento-un-protocolo-para-asegurar-el-orden-y-la-circulacion-en-piquetes.jpg\" class=\"ff-og-image-inserted\"><\/div>\n<p>La ministra de Seguridad,&nbsp;Patricia Bullrich, present\u00f3 este jueves un \u00ab<strong>protocolo para el mantenimiento del orden p\u00fablico<\/strong>\u00bb con el objetivo de asegurar la libre circulaci\u00f3n en rutas y calles ante protestas que puedan derivar en piquetes o bloqueos.<\/p>\n<p>Bullrich anunci\u00f3 en una presentaci\u00f3n p\u00fablica que todas las fuerzas federales van a intervenir para garantizar la aplicaci\u00f3n del protocolo.<\/p>\n<figure class=\"wp-block-embed is-type-rich is-provider-embed-handler wp-block-embed-embed-handler wp-embed-aspect-16-9 wp-has-aspect-ratio\">\n<div class=\"wp-block-embed__wrapper\">\n<p><span class=\"embed-youtube\"><iframe class=\"youtube-player\" width=\"736\" height=\"414\" src=\"https:\/\/www.youtube.com\/embed\/nS5fIJJUrVY?si=PNmMkwbmIH0VXg3x&amp;start=150&amp;version=3&amp;rel=1&amp;showsearch=0&amp;showinfo=1&amp;iv_load_policy=1&amp;fs=1&amp;hl=es&amp;autohide=2&amp;wmode=transparent\" allowfullscreen=\"true\" sandbox=\"allow-scripts allow-same-origin allow-popups allow-presentation allow-popups-to-escape-sandbox\">[embedded content]<\/iframe><\/span><\/p>\n<\/div>\n<\/figure>\n<p><strong>La funcionaria enumer\u00f3 las siguientes medidas:<\/strong><\/p>\n<p>\u2013 Las cuatro fuerzas federales y el Servicio Penitenciario Federal van a intervenir frente a cortes, piquetes y bloqueos, sean parciales o totales. \u201cLa ley no se cumple a medias, se cumple o no se cumple. Nosotros la vamos a cumplir\u201d, sostuvo.<\/p>\n<p>\u2013 Las fuerzas podr\u00e1n intervenir de acuerdo a los c\u00f3digos procesales vigentes. \u201cSi hay un delito en flagrancia van a poder intervenir\u201d, aclar\u00f3.&nbsp;<\/p>\n<p>Y agreg\u00f3: \u00abSer\u00e1n determinados los delitos hasta una nueva ley que se va a presentar a corto plazo de acuerdo al art\u00edculo 194 del C\u00f3digo Penal\u00bb.<\/p>\n<p>Ese art\u00edculo establece que \u00abel que, sin crear una situaci\u00f3n de peligro com\u00fan, impidiere, estorbare o entorpeciere el normal funcionamiento de los transportes por tierra, agua o aire o los servicios p\u00fablicos de comunicaci\u00f3n, de provisi\u00f3n de agua, de electricidad o de sustancias energ\u00e9ticas, ser\u00e1 reprimido con prisi\u00f3n de tres meses a dos a\u00f1os\u00bb.<\/p>\n<p>\u2013 Las fuerzas federales actuar\u00e1n en las zonas federales. Eso llevar\u00e1 a que las fuerzas provinciales deben actuar en las zonas de sus competencias y tener un trabajo en com\u00fan.&nbsp;<\/p>\n<p>\u2013 No se tomar\u00e1 en cuenta la existencia de v\u00edas alternativas al tr\u00e1nsito y circulaci\u00f3n. \u201cEsto quiere decir que si se corta la v\u00eda principal, se libera la v\u00eda principal\u201d, precis\u00f3.&nbsp;<\/p>\n<p>\u2013 Las fuerzas actuar\u00e1n hasta dejar totalmente liberado el espacio de circulaci\u00f3n; para llevar a cabo estas medidas, las fuerzas emplear\u00e1n la m\u00ednima fuerza necesaria y suficiente, que ser\u00e1 graduada en proporci\u00f3n a la resistencia.<\/p>\n<p>\u2013&nbsp;<strong>Ser\u00e1n identificados los autores, instigadores y c\u00f3mplices de estos delitos y los veh\u00edculos utilizados<\/strong>.&nbsp;<\/p>\n<p>La funcionaria agreg\u00f3 que \u00abse va a trabajar\u00bb en las estaciones de tren y ante aquellas personas que \u00abvayan con palos, caras tapadas o formas de participar de una manifestaci\u00f3n intentando no ser reconocidos por las fuerzas de seguridad\u00bb.<\/p>\n<p>\u2013&nbsp;<strong>No se permitir\u00e1 que haya menores de edad en estas manifestaciones<\/strong>.&nbsp;\u00abEn el caso de participaci\u00f3n de ni\u00f1os y adolescentes se va a dar aviso a la autoridad competente de la protecci\u00f3n de los mismos y se proceder\u00e1 a tener sanciones a aquellos que lleven ni\u00f1os y que no est\u00e9n los ni\u00f1os \u2014cuando tienen que estar en sus escuelas\u2014 en una manifestaci\u00f3n\u00bb, puntualiz\u00f3.<\/p>\n<p>\u00abEn el caos de participaci\u00f3n de ni\u00f1os y adolescentes se le va a dar aviso a la autoridad competente y se proceder\u00e1 a dar sanciones aquellos que lleven ni\u00f1os para que no est\u00e9n en las manifestaciones cuando tienen que estar en la escuela\u00bb, destac\u00f3.<\/p>\n<p>\u2013&nbsp;<strong>Los costos de los operativos los pagar\u00e1n las organizaciones sociales o los individuos<\/strong>. \u201cLes enviaremos la factura\u201d, dijo la ministra.<\/p>\n<p>\u2013 \u201cSe deroga el protocolo garantista de Nilda Garr\u00e9 (ministra de Seguridad del kirchnerismo)\u201d, cerr\u00f3 Bullrich.<\/p>\n<div id=\"jp-post-flair\" class=\"sharedaddy sd-like-enabled sd-sharing-enabled\">\n<div class=\"sharedaddy sd-sharing-enabled\">\n<div class=\"robots-nocontent sd-block sd-social sd-social-icon-text sd-sharing\">\n<h3 class=\"sd-title\">Share this:<\/h3>\n<\/div>\n<\/div>\n<div class=\"sharedaddy sd-block sd-like jetpack-likes-widget-wrapper jetpack-likes-widget-unloaded\" id=\"like-post-wrapper-143108178-8611-657cedc1cd578\" data-src=\"\/\/widgets.wp.com\/likes\/index.html?ver=20231208#blog_id=143108178&amp;post_id=8611&amp;origin=cordobanewsnet.wordpress.com&amp;obj_id=143108178-8611-657cedc1cd578&amp;n=1\" data-name=\"like-post-frame-143108178-8611-657cedc1cd578\" data-title=\"Me gusta o Compartir\">\n<p><span class=\"button\"><span>Me gusta<\/span><\/span> <span class=\"loading\">Cargando&#8230;<\/span><\/p>\n<p><span class=\"sd-text-color\"><\/span><\/div>\n<p><h3 class=\"jp-relatedposts-headline\"><em>Relacionado<\/em><\/h3>\n<\/p>\n<\/div>\n","protected":false},"excerpt":{"rendered":"<p>La ministra de Seguridad,&nbsp;Patricia Bullrich, present\u00f3 este jueves un \u00abprotocolo para el mantenimiento del orden p\u00fablico\u00bb con el objetivo de asegurar la libre circulaci\u00f3n en rutas y calles ante protestas que puedan derivar en piquetes o bloqueos. Bullrich anunci\u00f3 en una presentaci\u00f3n p\u00fablica que todas las fuerzas federales van a intervenir para garantizar la aplicaci\u00f3n [&hellip;]<\/p>\n","protected":false},"author":1,"featured_media":39897,"comment_status":"closed","ping_status":"closed","sticky":false,"template":"","format":"standard","meta":[],"categories":[14],"tags":[],"_links":{"self":[{"href":"http:\/\/nuevacordoba.net\/index.php\/wp-json\/wp\/v2\/posts\/39896"}],"collection":[{"href":"http:\/\/nuevacordoba.net\/index.php\/wp-json\/wp\/v2\/posts"}],"about":[{"href":"http:\/\/nuevacordoba.net\/index.php\/wp-json\/wp\/v2\/types\/post"}],"author":[{"embeddable":true,"href":"http:\/\/nuevacordoba.net\/index.php\/wp-json\/wp\/v2\/users\/1"}],"replies":[{"embeddable":true,"href":"http:\/\/nuevacordoba.net\/index.php\/wp-json\/wp\/v2\/comments?post=39896"}],"version-history":[{"count":0,"href":"http:\/\/nuevacordoba.net\/index.php\/wp-json\/wp\/v2\/posts\/39896\/revisions"}],"wp:featuredmedia":[{"embeddable":true,"href":"http:\/\/nuevacordoba.net\/index.php\/wp-json\/wp\/v2\/media\/39897"}],"wp:attachment":[{"href":"http:\/\/nuevacordoba.net\/index.php\/wp-json\/wp\/v2\/media?parent=39896"}],"wp:term":[{"taxonomy":"category","embeddable":true,"href":"http:\/\/nuevacordoba.net\/index.php\/wp-json\/wp\/v2\/categories?post=39896"},{"taxonomy":"post_tag","embeddable":true,"href":"http:\/\/nuevacordoba.net\/index.php\/wp-json\/wp\/v2\/tags?post=39896"}],"curies":[{"name":"wp","href":"https:\/\/api.w.org\/{rel}","templated":true}]}}