{"id":39924,"date":"2023-12-15T17:48:56","date_gmt":"2023-12-15T17:48:56","guid":{"rendered":"https:\/\/www.ole.com.ar\/autos\/actc_0_gifoGs0ZHi.html"},"modified":"2023-12-15T17:48:56","modified_gmt":"2023-12-15T17:48:56","slug":"automovilismo-la-posicion-de-la-cda-ante-el-comunicado-de-la-actc","status":"publish","type":"post","link":"http:\/\/nuevacordoba.net\/index.php\/2023\/12\/15\/automovilismo-la-posicion-de-la-cda-ante-el-comunicado-de-la-actc\/","title":{"rendered":"Automovilismo: la posici\u00f3n de la CDA ante el comunicado de la ACTC"},"content":{"rendered":"<div><img src=\"http:\/\/nuevacordoba.net\/wp-content\/uploads\/2023\/12\/automovilismo-la-posicion-de-la-cda-ante-el-comunicado-de-la-actc.jpg\" class=\"ff-og-image-inserted\"><\/div>\n<p><time class=\"createDate\" datetime=\"2023-12-15T14:48:56-03:00\">15\/12\/2023 14:48hs.<\/time><time class=\"modificatedDate\" datetime=\"2023-12-15T14:48:56-03:00\"><\/time><\/p>\n<div id=\"storyBody\">\n<div class=\"custom-text \" readability=\"35\">\n<p>El automovilismo vive d\u00edas agitados debido a <strong>la tensi\u00f3n que se produjo entre la CDA del ACA y la ACTC<\/strong> luego de que esta \u00faltima anunciar\u00e1 el martes pasado <strong>la incorporaci\u00f3n del Turismo Nacional y el Turismo Pista a la lista de categor\u00edas que ser\u00e1n fiscalizadas por la instituci\u00f3n a partir de la temporada 2024.<\/strong><\/p>\n<\/div>\n<div class=\"custom-text \" readability=\"36\">\n<p>Ayer, la instituci\u00f3n dependiente del Autom\u00f3vil Club Argentino emiti\u00f3 un comunicado donde ratifica que es la \u00fanica en el pa\u00eds en contar con el poder deportivo conferido por la FIA y que <strong>la entidad encabezada por Hugo Mazzacane ten\u00eda que pedir autorizaci\u00f3n para poder accionar sobre las nuevas divisionales que tendr\u00e1 bajo su \u00f3rbita.<\/strong><\/p>\n<\/div>\n<div class=\"custom-text \" readability=\"38\">\n<p>El titular de la CDA del ACA, Eugenio Breard, habl\u00f3 en exclusiva con Carburando y se refiri\u00f3 a la pol\u00e9mica situaci\u00f3n. <strong>El dirigente confes\u00f3 que \u00abla decisi\u00f3n de la ACTC los sorprendi\u00f3\u00bb, aunque tambi\u00e9n le pidio al ente tece\u00edsta que \u00abcumpla con lo establecido en el RDA y lo que dispone la FIA para estas situaciones\u00bb.<\/strong><\/p>\n<\/div>\n<div class=\"custom-text \" readability=\"37\">\n<p>En cuanto al Turismo Nacional y el Turismo Pista, Breard reconoci\u00f3 que la relaci\u00f3n con las categor\u00edas no cambiar\u00e1, pero si afirm\u00f3 que <strong>si se concreta la salida, las mismas y la ACTC se \u00abperder\u00e1n la posibilidad de integrar la estructura de la FIA y contar con todos sus recursos\u00bb.<\/strong><\/p>\n<\/div>\n<div class=\"custom-text \" readability=\"36\">\n<p>Por \u00faltimo, \u00abChippy\u00bb manifest\u00f3 que <strong>la decisi\u00f3n de la ACTC es de \u00abuna ligereza muy grande\u00bb y asever\u00f3 que lo tiene sin cuidado el hecho de romper las relaciones entre ambas instituciones<\/strong>. Para cerrar, Breard descart\u00f3 por complet\u00f3 que \u00abla ACTC haya hecho un arreglo con Jorge Rosales\u00bb.<\/p>\n<\/div>\n<div type=\"embed\" class=\"sc-7ce6049-0 dwIKul\">\n<div class=\"sc-7ce6049-1 bdcBBS videoText\" id=\"contentTitleembedGGipkiN7\" type=\"embed\"><svg fill=\"#ffffff\"><symbol id=\"play\" viewBox=\"0 0 512 512\"><path d=\"M512 256C512 397.4 397.4 512 256 512C114.6 512 0 397.4 0 256C0 114.6 114.6 0 256 0C397.4 0 512 114.6 512 256zM176 168V344C176 352.7 180.7 360.7 188.3 364.9C195.8 369.2 205.1 369 212.5 364.5L356.5 276.5C363.6 272.1 368 264.4 368 256C368 247.6 363.6 239.9 356.5 235.5L212.5 147.5C205.1 142.1 195.8 142.8 188.3 147.1C180.7 151.3 176 159.3 176 168V168z\" \/><\/symbol><use xlink:href=\"#play\" \/><\/svg><\/p>\n<div class=\"right\">\n<p>ACTC<!-- --> &#8211;<!-- --> <span>15-12-2023<\/span><\/p>\n<h2 class=\"title-vid\">Automovilismo: la posici\u00f3n de la CDA ante el comunicado de la ACTC<\/h2>\n<\/div>\n<\/div>\n<p><span class=\"back\" id=\"spanBackembedGGipkiN7\"><\/span><\/div>\n<\/div>\n","protected":false},"excerpt":{"rendered":"<p>15\/12\/2023 14:48hs. El automovilismo vive d\u00edas agitados debido a la tensi\u00f3n que se produjo entre la CDA del ACA y la ACTC luego de que esta \u00faltima anunciar\u00e1 el martes pasado la incorporaci\u00f3n del Turismo Nacional y el Turismo Pista a la lista de categor\u00edas que ser\u00e1n fiscalizadas por la instituci\u00f3n a partir de la [&hellip;]<\/p>\n","protected":false},"author":1,"featured_media":39925,"comment_status":"closed","ping_status":"closed","sticky":false,"template":"","format":"standard","meta":[],"categories":[10],"tags":[],"_links":{"self":[{"href":"http:\/\/nuevacordoba.net\/index.php\/wp-json\/wp\/v2\/posts\/39924"}],"collection":[{"href":"http:\/\/nuevacordoba.net\/index.php\/wp-json\/wp\/v2\/posts"}],"about":[{"href":"http:\/\/nuevacordoba.net\/index.php\/wp-json\/wp\/v2\/types\/post"}],"author":[{"embeddable":true,"href":"http:\/\/nuevacordoba.net\/index.php\/wp-json\/wp\/v2\/users\/1"}],"replies":[{"embeddable":true,"href":"http:\/\/nuevacordoba.net\/index.php\/wp-json\/wp\/v2\/comments?post=39924"}],"version-history":[{"count":0,"href":"http:\/\/nuevacordoba.net\/index.php\/wp-json\/wp\/v2\/posts\/39924\/revisions"}],"wp:featuredmedia":[{"embeddable":true,"href":"http:\/\/nuevacordoba.net\/index.php\/wp-json\/wp\/v2\/media\/39925"}],"wp:attachment":[{"href":"http:\/\/nuevacordoba.net\/index.php\/wp-json\/wp\/v2\/media?parent=39924"}],"wp:term":[{"taxonomy":"category","embeddable":true,"href":"http:\/\/nuevacordoba.net\/index.php\/wp-json\/wp\/v2\/categories?post=39924"},{"taxonomy":"post_tag","embeddable":true,"href":"http:\/\/nuevacordoba.net\/index.php\/wp-json\/wp\/v2\/tags?post=39924"}],"curies":[{"name":"wp","href":"https:\/\/api.w.org\/{rel}","templated":true}]}}