{"id":39943,"date":"2023-12-15T15:05:21","date_gmt":"2023-12-15T15:05:21","guid":{"rendered":"https:\/\/puntoapunto.com.ar\/?p=354739"},"modified":"2023-12-15T15:05:21","modified_gmt":"2023-12-15T15:05:21","slug":"conoce-a-los-jovenes-emprendedores-premiados-por-la-bolsa-de-comercio","status":"publish","type":"post","link":"http:\/\/nuevacordoba.net\/index.php\/2023\/12\/15\/conoce-a-los-jovenes-emprendedores-premiados-por-la-bolsa-de-comercio\/","title":{"rendered":"Conoc\u00e9 a los j\u00f3venes emprendedores premiados por la Bolsa de Comercio"},"content":{"rendered":"<div class=\"g g-36\">\n<div class=\"g-dyn a-29 c-1\"><a class=\"gofollow\" data-track=\"MjksMzYsMSw2MA==\" href=\"https:\/\/www.harmoniechateau.com.ar\/\" target=\"_blank\" rel=\"noopener\"><img class=\"lazyload\" src=\"http:\/\/nuevacordoba.net\/wp-content\/uploads\/2023\/12\/conoce-a-los-jovenes-emprendedores-premiados-por-la-bolsa-de-comercio.jpg\"><\/a><\/div>\n<\/div>\n<p>&nbsp;\n<\/p>\n<p><span>Como cada a\u00f1o, se llev\u00f3 a cabo la premiaci\u00f3n de la <strong>37\u00ba edici\u00f3n del Certamen<i> \u201cDiez J\u00f3venes Sobresalientes de C\u00f3rdoba\u201d<\/i><\/strong> organizado por la Bolsa de Comercio de C\u00f3rdoba en el sal\u00f3n auditorio de OSDE.&nbsp;<\/span>\n<\/p>\n<p><strong>Los j\u00f3venes fueron seleccionados <\/strong><span><strong>por un calificado jurado de diversas entidades e instituciones<\/strong> emblem\u00e1ticas de la Provincia. De esta manera, la Instituci\u00f3n premia a j\u00f3venes entre 18 y 35 a\u00f1os que, a trav\u00e9s de sus acciones, se destacan en la sociedad.&nbsp;<\/span>\n<\/p>\n<p><span>El presidente de la instituci\u00f3n se refiri\u00f3 a la compleja tarea que significo seleccionar a cada uno de las personalidades destacadas: <em>\u201cComo uno de los miembros del jurado de este Certamen, s\u00e9 lo dif\u00edcil que es definir a los ganadores. El sistema de nuestro jurado es perfecto, es un grupo de prestigiosos cordobeses que le da consistencia y nivel a este certamen. Es una tarea admirable la que hacen cada a\u00f1o\u201d.&nbsp;<\/em><\/span>\n<\/p>\n<figure id=\"attachment_354747\" aria-describedby=\"caption-attachment-354747\" class=\"wp-caption aligncenter\"><img loading=\"lazy\" decoding=\"async\" alt=\"El jurado de diversas entidades e instituciones que seleccionaron los diez j\u00f3venes sobresalientes en la edici\u00f3n 2023. Ph. \u00darsula Astondoa\" width=\"1024\" height=\"778\" data-sizes=\"(max-width: 1024px) 100vw, 1024px\" class=\"wp-image-354747 size-large lazyload\" src=\"http:\/\/nuevacordoba.net\/wp-content\/uploads\/2023\/12\/conoce-a-los-jovenes-emprendedores-premiados-por-la-bolsa-de-comercio-1.jpg\" srcset=\"http:\/\/nuevacordoba.net\/wp-content\/uploads\/2023\/12\/conoce-a-los-jovenes-emprendedores-premiados-por-la-bolsa-de-comercio-1.jpg 1024w, http:\/\/nuevacordoba.net\/wp-content\/uploads\/2023\/12\/conoce-a-los-jovenes-emprendedores-premiados-por-la-bolsa-de-comercio-4.jpg 300w, http:\/\/nuevacordoba.net\/wp-content\/uploads\/2023\/12\/conoce-a-los-jovenes-emprendedores-premiados-por-la-bolsa-de-comercio-5.jpg 768w, http:\/\/nuevacordoba.net\/wp-content\/uploads\/2023\/12\/conoce-a-los-jovenes-emprendedores-premiados-por-la-bolsa-de-comercio-6.jpg 1536w, http:\/\/nuevacordoba.net\/wp-content\/uploads\/2023\/12\/conoce-a-los-jovenes-emprendedores-premiados-por-la-bolsa-de-comercio-7.jpg 750w, http:\/\/nuevacordoba.net\/wp-content\/uploads\/2023\/12\/conoce-a-los-jovenes-emprendedores-premiados-por-la-bolsa-de-comercio-8.jpg 1140w, http:\/\/nuevacordoba.net\/wp-content\/uploads\/2023\/12\/conoce-a-los-jovenes-emprendedores-premiados-por-la-bolsa-de-comercio-9.jpg 1600w\"><figcaption id=\"caption-attachment-354747\" class=\"wp-caption-text\">El jurado de diversas entidades e instituciones que seleccionaron los diez j\u00f3venes sobresalientes en la edici\u00f3n 2023. Ph. \u00darsula Astondoa<\/figcaption><\/figure>\n<p><span><strong>El certamen naci\u00f3 en 1978<\/strong> con el objetivo de reconocer los casos de esfuerzo y dedicaci\u00f3n de la juventud cordobesa pero tambi\u00e9n de impulsar, inspirar y motivar a otros j\u00f3venes.<\/span><\/p>\n<p><span>Las<strong> categor\u00edas premiadas<\/strong> fueron: <\/span><span>labor social, labor pol\u00edtica, desempe\u00f1o acad\u00e9mico, desempe\u00f1o profesional, deportes, arte y cultural, emprendedurismo, ejemplo de vida y en esta edici\u00f3n se incorpor\u00f3 <\/span><i><span>cordobeses en el exterior<\/span><\/i><span>, una nueva categor\u00eda cuyo objetivo es reconocer a aquellos j\u00f3venes cordobeses que se est\u00e1n destacando en el exterior del pa\u00eds, y que est\u00e1n mostrando su talento al resto del mundo.&nbsp;&nbsp;<\/span>\n<\/p>\n<p><strong>En la edici\u00f3n 2023, el Certamen concluy\u00f3 con m\u00e1s de 300 postulaciones entre j\u00f3venes de toda la Provincia, superando las cifras obtenidas en la edici\u00f3n anterior.<\/strong>\n<\/p>\n<figure id=\"attachment_354775\" aria-describedby=\"caption-attachment-354775\" class=\"wp-caption alignnone\"><img loading=\"lazy\" decoding=\"async\" alt=\"Los premios para los diez j\u00f3venes sobresalientes de C\u00f3rdoba. Ph. \u00darsula Astondoa\" width=\"1024\" height=\"1024\" data-sizes=\"(max-width: 1024px) 100vw, 1024px\" class=\"wp-image-354775 size-large lazyload\" src=\"http:\/\/nuevacordoba.net\/wp-content\/uploads\/2023\/12\/conoce-a-los-jovenes-emprendedores-premiados-por-la-bolsa-de-comercio-2.jpg\" srcset=\"http:\/\/nuevacordoba.net\/wp-content\/uploads\/2023\/12\/conoce-a-los-jovenes-emprendedores-premiados-por-la-bolsa-de-comercio-2.jpg 1024w, http:\/\/nuevacordoba.net\/wp-content\/uploads\/2023\/12\/conoce-a-los-jovenes-emprendedores-premiados-por-la-bolsa-de-comercio-10.jpg 300w, http:\/\/nuevacordoba.net\/wp-content\/uploads\/2023\/12\/conoce-a-los-jovenes-emprendedores-premiados-por-la-bolsa-de-comercio-11.jpg 150w, http:\/\/nuevacordoba.net\/wp-content\/uploads\/2023\/12\/conoce-a-los-jovenes-emprendedores-premiados-por-la-bolsa-de-comercio-12.jpg 768w, http:\/\/nuevacordoba.net\/wp-content\/uploads\/2023\/12\/conoce-a-los-jovenes-emprendedores-premiados-por-la-bolsa-de-comercio-13.jpg 75w, http:\/\/nuevacordoba.net\/wp-content\/uploads\/2023\/12\/conoce-a-los-jovenes-emprendedores-premiados-por-la-bolsa-de-comercio-14.jpg 350w, http:\/\/nuevacordoba.net\/wp-content\/uploads\/2023\/12\/conoce-a-los-jovenes-emprendedores-premiados-por-la-bolsa-de-comercio-15.jpg 750w, http:\/\/nuevacordoba.net\/wp-content\/uploads\/2023\/12\/conoce-a-los-jovenes-emprendedores-premiados-por-la-bolsa-de-comercio-16.jpg 1140w, http:\/\/nuevacordoba.net\/wp-content\/uploads\/2023\/12\/conoce-a-los-jovenes-emprendedores-premiados-por-la-bolsa-de-comercio-17.jpg 1496w\"><figcaption id=\"caption-attachment-354775\" class=\"wp-caption-text\">Los premios para los diez j\u00f3venes sobresalientes de C\u00f3rdoba. Ph. \u00darsula Astondoa<\/figcaption><\/figure>\n<p><strong>Entre los j\u00f3venes cordobeses que la <a href=\"https:\/\/www.bolsacba.com.ar\/\">Bolsa de Comercio de C\u00f3rdoba<\/a> galardon\u00f3 se encuentran:&nbsp;<\/strong>\n<\/p>\n<p>Uretti, Lisandro, Ullua Marcelo Dami\u00e1n, Nortanfrancesco Santiago, Banszczyk Brian, Rodr\u00edguez Gonzalo Gabriel, Sosabarreneche Gracia, Cardozo Emma Anah\u00ed y Giglio Wilma Haydee.\n<\/p>\n<p><b>En la categor\u00eda emprendedor, se premi\u00f3 a:<\/b>\n<\/p>\n<p><b>-Mariano Saenz, CEO de <\/b><a href=\"https:\/\/www.linkedin.com\/company\/winclap\/\">Winclap<\/a>,&nbsp;<i>startup<\/i>&nbsp;enfocada a escalar&nbsp;<i>apps&nbsp;<\/i>m\u00f3viles a trav\u00e9s de soluciones&nbsp;integrales de&nbsp;<i>growth marketing<\/i>&nbsp;y que recientemente inici\u00f3 operaciones en el mercado mexicano,&nbsp;fue seleccionada por la organizaci\u00f3n global&nbsp;<b>Endeavor<\/b>, para ingresar al programa&nbsp;<b>ScaleUp<\/b><i>&nbsp;2022<\/i>, conformado por empresas que promueven la aceleraci\u00f3n del emprendimiento en todo el mundo.\n<\/p>\n<p><strong>-Agust\u00edn Novillo, emprendedor, fundador y CEO de <a href=\"https:\/\/clicoh.com\/\">ClicOh<\/a>,<\/strong> empresa de log\u00edstica para ecommerce con operaciones M\u00e9xico, Colombia Argentina y Chile. En tan s\u00f3lo cuatro a\u00f1os la compa\u00f1\u00eda es l\u00edder en la regi\u00f3n y crece a\u00f1o a a\u00f1o. Desde su fundaci\u00f3n, logr\u00f3 capturar 33 millones de d\u00f3lares en rondas de inversi\u00f3n, la mayor en la historia de una startup cordobesa,\n<\/p>\n<p><span>Durante el evento, el presidente de la Instituci\u00f3n, <\/span><b>Cr. Manuel Tagle,<\/b><span> expres\u00f3:&nbsp;<\/span><em><span>\u201cEs un honor presentar la edici\u00f3n n\u00famero 37 del Certamen J\u00f3venes Sobresalientes del a\u00f1o. Han pasado m\u00e1s de 3 d\u00e9cadas premiando a j\u00f3venes que han tenido condiciones sobresalientes y han sido capaces de consolidar sus conocimientos y habilidades en sus trabajos. Todos los a\u00f1os es un gran desaf\u00edo y una verdadera satisfacci\u00f3n celebrar este certamen\u201d.&nbsp;<\/span><\/em>\n<\/p>\n<p><span>Adem\u00e1s, el presidente de la C\u00e1mara manifest\u00f3: <em>\u00ab<\/em><\/span><em>En el pa\u00eds se ha producido un cambio muy fuerte. Venimos de un pa\u00eds aplastado, de un Gobierno y un Estado cada vez m\u00e1s grande y asfixiante que imped\u00eda que el sector privado se potenciara y generara la riqueza que necesitamos que produzca. Este sistema colaps\u00f3,&nbsp; ahora estamos ante un cambio fuerte que genera esperanzas\u201d. Asimismo, agreg\u00f3: \u00abEsperemos que Argentina vuelva a ser un pa\u00eds pr\u00f3spero y respetado por todo el mundo, tenemos todos los recursos para hacerlo. Es una tierra admirable, tiene riqueza pero aun as\u00ed tenemos el 45% de la poblaci\u00f3n pobre\u201d.<\/em>\n<\/p>\n<figure id=\"attachment_354749\" aria-describedby=\"caption-attachment-354749\" class=\"wp-caption alignnone\"><img loading=\"lazy\" decoding=\"async\" alt=\"Manuel Tagle, Presidente de Bolsa de Comercio de C\u00f3rdoba. Ph. \u00darsula Astondoa \" width=\"2560\" height=\"1707\" data-sizes=\"(max-width: 2560px) 100vw, 2560px\" class=\"wp-image-354749 size-full lazyload\" src=\"http:\/\/nuevacordoba.net\/wp-content\/uploads\/2023\/12\/conoce-a-los-jovenes-emprendedores-premiados-por-la-bolsa-de-comercio-3.jpg\" srcset=\"http:\/\/nuevacordoba.net\/wp-content\/uploads\/2023\/12\/conoce-a-los-jovenes-emprendedores-premiados-por-la-bolsa-de-comercio-3.jpg 2560w, http:\/\/nuevacordoba.net\/wp-content\/uploads\/2023\/12\/conoce-a-los-jovenes-emprendedores-premiados-por-la-bolsa-de-comercio-18.jpg 300w, http:\/\/nuevacordoba.net\/wp-content\/uploads\/2023\/12\/conoce-a-los-jovenes-emprendedores-premiados-por-la-bolsa-de-comercio-19.jpg 1024w, http:\/\/nuevacordoba.net\/wp-content\/uploads\/2023\/12\/conoce-a-los-jovenes-emprendedores-premiados-por-la-bolsa-de-comercio-20.jpg 768w, http:\/\/nuevacordoba.net\/wp-content\/uploads\/2023\/12\/conoce-a-los-jovenes-emprendedores-premiados-por-la-bolsa-de-comercio-21.jpg 1536w, http:\/\/nuevacordoba.net\/wp-content\/uploads\/2023\/12\/conoce-a-los-jovenes-emprendedores-premiados-por-la-bolsa-de-comercio-22.jpg 2048w, http:\/\/nuevacordoba.net\/wp-content\/uploads\/2023\/12\/conoce-a-los-jovenes-emprendedores-premiados-por-la-bolsa-de-comercio-23.jpg 750w, http:\/\/nuevacordoba.net\/wp-content\/uploads\/2023\/12\/conoce-a-los-jovenes-emprendedores-premiados-por-la-bolsa-de-comercio-24.jpg 1140w\"><figcaption id=\"caption-attachment-354749\" class=\"wp-caption-text\">Manuel Tagle, Presidente de Bolsa de Comercio de C\u00f3rdoba. Ph. \u00darsula Astondoa<\/figcaption><\/figure>\n<div class=\"g g-38\">\n<div class=\"g-dyn a-12 c-1\"><a class=\"gofollow\" data-track=\"MTIsMzgsMSw2MA==\" href=\"https:\/\/hospitalprivado.com.ar\/landing-trasplante.html\" target=\"_blank\" rel=\"noopener\"><img class=\"lazyload\" src=\"http:\/\/nuevacordoba.net\/wp-content\/uploads\/2023\/12\/conoce-a-los-jovenes-emprendedores-premiados-por-la-bolsa-de-comercio.gif\"><\/a><\/div>\n<\/div>\n","protected":false},"excerpt":{"rendered":"<p>&nbsp; Como cada a\u00f1o, se llev\u00f3 a cabo la premiaci\u00f3n de la 37\u00ba edici\u00f3n del Certamen \u201cDiez J\u00f3venes Sobresalientes de C\u00f3rdoba\u201d organizado por la Bolsa de Comercio de C\u00f3rdoba en el sal\u00f3n auditorio de OSDE.&nbsp; Los j\u00f3venes fueron seleccionados por un calificado jurado de diversas entidades e instituciones emblem\u00e1ticas de la Provincia. De esta manera, [&hellip;]<\/p>\n","protected":false},"author":1,"featured_media":39944,"comment_status":"open","ping_status":"closed","sticky":false,"template":"","format":"standard","meta":[],"categories":[14],"tags":[],"_links":{"self":[{"href":"http:\/\/nuevacordoba.net\/index.php\/wp-json\/wp\/v2\/posts\/39943"}],"collection":[{"href":"http:\/\/nuevacordoba.net\/index.php\/wp-json\/wp\/v2\/posts"}],"about":[{"href":"http:\/\/nuevacordoba.net\/index.php\/wp-json\/wp\/v2\/types\/post"}],"author":[{"embeddable":true,"href":"http:\/\/nuevacordoba.net\/index.php\/wp-json\/wp\/v2\/users\/1"}],"replies":[{"embeddable":true,"href":"http:\/\/nuevacordoba.net\/index.php\/wp-json\/wp\/v2\/comments?post=39943"}],"version-history":[{"count":0,"href":"http:\/\/nuevacordoba.net\/index.php\/wp-json\/wp\/v2\/posts\/39943\/revisions"}],"wp:featuredmedia":[{"embeddable":true,"href":"http:\/\/nuevacordoba.net\/index.php\/wp-json\/wp\/v2\/media\/39944"}],"wp:attachment":[{"href":"http:\/\/nuevacordoba.net\/index.php\/wp-json\/wp\/v2\/media?parent=39943"}],"wp:term":[{"taxonomy":"category","embeddable":true,"href":"http:\/\/nuevacordoba.net\/index.php\/wp-json\/wp\/v2\/categories?post=39943"},{"taxonomy":"post_tag","embeddable":true,"href":"http:\/\/nuevacordoba.net\/index.php\/wp-json\/wp\/v2\/tags?post=39943"}],"curies":[{"name":"wp","href":"https:\/\/api.w.org\/{rel}","templated":true}]}}