{"id":39980,"date":"2023-12-18T03:35:08","date_gmt":"2023-12-18T03:35:08","guid":{"rendered":"http:\/\/nuevacordoba.net\/index.php\/2023\/12\/18\/dos-obras-de-suspenso-encabezadas-por-silvia-kutika-en-mar-del-plata-y-buenos-aires\/"},"modified":"2023-12-18T03:35:08","modified_gmt":"2023-12-18T03:35:08","slug":"dos-obras-de-suspenso-encabezadas-por-silvia-kutika-en-mar-del-plata-y-buenos-aires","status":"publish","type":"post","link":"http:\/\/nuevacordoba.net\/index.php\/2023\/12\/18\/dos-obras-de-suspenso-encabezadas-por-silvia-kutika-en-mar-del-plata-y-buenos-aires\/","title":{"rendered":"Dos obras de suspenso encabezadas por Silvia Kutika en Mar del Plata y Buenos Aires"},"content":{"rendered":"<figure class=\"mb-3\"><img loading=\"lazy\" data-src=\"http:\/\/nuevacordoba.net\/wp-content\/uploads\/2023\/12\/dos-obras-de-suspenso-encabezadas-por-silvia-kutika-en-mar-del-plata-y-buenos-aires.jpg\" src=\"https:\/\/www.telam.com.ar\/assets\/img\/not_image.png\" class=\" lazy \" width=\"100%\" height=\"100%\" alt=\"Silvia Kutika en simultaneas de verano Foto Diego Izquierdo\"><figcaption> Silvia Kutika en simultaneas de verano. \/ Foto: Diego Izquierdo <\/figcaption><\/figure>\n<p>La actriz <strong>Silvia Kutika<\/strong> encabezar\u00e1 en la cartelera teatral de verano de Mar del Plata y Buenos Aires la reposici\u00f3n de dos obras de suspenso con las puestas, respectivamente, de <strong>\u201cEl cuarto de Ver\u00f3nica\u201d <\/strong>y<strong> \u201cTe espero en la oscuridad\u201d<\/strong>.<\/p>\n<p>A partir del 3 de enero, los mi\u00e9rcoles a las 21 volver\u00e1 a la sala Melany del complejo teatral Radio City Roxy Melany de la ciudad balnearia, \u201cEl cuarto de Ver\u00f3nica\u201d que este a\u00f1o mereci\u00f3 el Premio Estrella de Mar a la Mejor Obra Dram\u00e1tica y tambi\u00e9n para su protagonista femenina.<\/p>\n<p>Escrita por <strong>Ira Levin<\/strong>, maestro del suspenso y el terror que cre\u00f3 \u00abEl beb\u00e9 de Rosemary\u201d, la versi\u00f3n local de la pieza que desde 2021 recorre salas nacionales completa su elenco con Fabio Aste, Tania Moroni y Adri\u00e1n Lazare.<\/p>\n<p>Con la misma protagonista e id\u00e9ntico staff masculino pero sumando, adem\u00e1s, a <strong>Fernando Cuellar, Camila Barberis y Jorge Almada<\/strong> bajo la direcci\u00f3n general de <strong>Nicol\u00e1s Scarpino<\/strong>, desde el 7 de enero y cada domingo desde las 21 en el Metropolitan porte\u00f1o regresar\u00e1 a escena \u201cTe espero en la oscuridad\u201d.<\/p>\n<p>La propuesta que fuera un suceso en Broadway en enero de 1966 para saltar r\u00e1pidamente al cine como \u201cEspera en la oscuridad\u201d (1967, con rol central a cargo de Audrey Hepburn), tuvo exitosas versiones m\u00e1s actuales como la que en Broadway asumi\u00f3 la dupla Marisa Tomei-Quentin Tarantino.&nbsp; <\/p>\n","protected":false},"excerpt":{"rendered":"<p>Silvia Kutika en simultaneas de verano. \/ Foto: Diego Izquierdo La actriz Silvia Kutika encabezar\u00e1 en la cartelera teatral de verano de Mar del Plata y Buenos Aires la reposici\u00f3n de dos obras de suspenso con las puestas, respectivamente, de \u201cEl cuarto de Ver\u00f3nica\u201d y \u201cTe espero en la oscuridad\u201d. A partir del 3 de [&hellip;]<\/p>\n","protected":false},"author":1,"featured_media":39981,"comment_status":"closed","ping_status":"closed","sticky":false,"template":"","format":"standard","meta":[],"categories":[9],"tags":[],"_links":{"self":[{"href":"http:\/\/nuevacordoba.net\/index.php\/wp-json\/wp\/v2\/posts\/39980"}],"collection":[{"href":"http:\/\/nuevacordoba.net\/index.php\/wp-json\/wp\/v2\/posts"}],"about":[{"href":"http:\/\/nuevacordoba.net\/index.php\/wp-json\/wp\/v2\/types\/post"}],"author":[{"embeddable":true,"href":"http:\/\/nuevacordoba.net\/index.php\/wp-json\/wp\/v2\/users\/1"}],"replies":[{"embeddable":true,"href":"http:\/\/nuevacordoba.net\/index.php\/wp-json\/wp\/v2\/comments?post=39980"}],"version-history":[{"count":0,"href":"http:\/\/nuevacordoba.net\/index.php\/wp-json\/wp\/v2\/posts\/39980\/revisions"}],"wp:featuredmedia":[{"embeddable":true,"href":"http:\/\/nuevacordoba.net\/index.php\/wp-json\/wp\/v2\/media\/39981"}],"wp:attachment":[{"href":"http:\/\/nuevacordoba.net\/index.php\/wp-json\/wp\/v2\/media?parent=39980"}],"wp:term":[{"taxonomy":"category","embeddable":true,"href":"http:\/\/nuevacordoba.net\/index.php\/wp-json\/wp\/v2\/categories?post=39980"},{"taxonomy":"post_tag","embeddable":true,"href":"http:\/\/nuevacordoba.net\/index.php\/wp-json\/wp\/v2\/tags?post=39980"}],"curies":[{"name":"wp","href":"https:\/\/api.w.org\/{rel}","templated":true}]}}