{"id":39986,"date":"2023-12-18T12:36:49","date_gmt":"2023-12-18T12:36:49","guid":{"rendered":"https:\/\/www.bbc.com\/mundo\/articles\/cner24k0j9lo"},"modified":"2023-12-18T12:36:49","modified_gmt":"2023-12-18T12:36:49","slug":"3-claves-que-explican-por-que-chile-rechazo-la-segunda-propuesta-para-cambiar-la-constitucion-y-que-pasa-ahora","status":"publish","type":"post","link":"http:\/\/nuevacordoba.net\/index.php\/2023\/12\/18\/3-claves-que-explican-por-que-chile-rechazo-la-segunda-propuesta-para-cambiar-la-constitucion-y-que-pasa-ahora\/","title":{"rendered":"3 claves que explican por qu\u00e9 Chile rechaz\u00f3 la segunda propuesta para cambiar la Constituci\u00f3n (y qu\u00e9 pasa ahora)"},"content":{"rendered":"<figure class=\"bbc-1qn0xuy\" readability=\"1.5\">\n<div class=\"bbc-sni631\" readability=\"8\"><picture><img loading=\"lazy\" src=\"http:\/\/nuevacordoba.net\/wp-content\/uploads\/2023\/12\/3-claves-que-explican-por-que-chile-rechazo-la-segunda-propuesta-para-cambiar-la-constitucion-y-que-pasa-ahora.jpg\" srcset=\"http:\/\/nuevacordoba.net\/wp-content\/uploads\/2023\/12\/3-claves-que-explican-por-que-chile-rechazo-la-segunda-propuesta-para-cambiar-la-constitucion-y-que-pasa-ahora-6.jpg 240w, http:\/\/nuevacordoba.net\/wp-content\/uploads\/2023\/12\/3-claves-que-explican-por-que-chile-rechazo-la-segunda-propuesta-para-cambiar-la-constitucion-y-que-pasa-ahora-7.jpg 320w, http:\/\/nuevacordoba.net\/wp-content\/uploads\/2023\/12\/3-claves-que-explican-por-que-chile-rechazo-la-segunda-propuesta-para-cambiar-la-constitucion-y-que-pasa-ahora-8.jpg 480w, http:\/\/nuevacordoba.net\/wp-content\/uploads\/2023\/12\/3-claves-que-explican-por-que-chile-rechazo-la-segunda-propuesta-para-cambiar-la-constitucion-y-que-pasa-ahora-9.jpg 624w, http:\/\/nuevacordoba.net\/wp-content\/uploads\/2023\/12\/3-claves-que-explican-por-que-chile-rechazo-la-segunda-propuesta-para-cambiar-la-constitucion-y-que-pasa-ahora-10.jpg 800w\" sizes=\"(min-width: 1008px) 760px, 100vw\" alt=\"Mujer sostiene voto marcado con &quot;en contra&quot;\" width=\"819\" height=\"461\" class=\"bbc-1uwua2r\"><\/picture>\n<p class=\"bbc-kaivkm\" role=\"text\"><span class=\"bbc-m04vo2\">Fuente de la imagen, <\/span><span lang=\"en-GB\">Getty Images<\/span><\/p>\n<\/div><figcaption dir=\"ltr\" class=\"bbc-1jsyunq e6i104o0\" readability=\"1\"><span role=\"text\" readability=\"2\"><span class=\"bbc-m04vo2\">Pie de foto, <\/span><\/p>\n<p>La opci\u00f3n \u00aben contra\u00bb se impuso con el 55% de apoyo.<\/p>\n<p><\/span><\/figcaption><\/figure>\n<section role=\"region\" aria-labelledby=\"article-byline\" class=\"bbc-1vjaf6b\"><strong id=\"article-byline\" aria-hidden=\"true\" class=\"bbc-m04vo2\">Article information<\/strong><\/section>\n<div dir=\"ltr\" class=\"bbc-19j92fr ebmt73l0\" readability=\"10\">\n<p dir=\"ltr\" class=\"bbc-hhl7in e17g058b0\"><b>Chile decidi\u00f3 rechazar, por segunda vez, una propuesta que buscaba reemplazar su Constituci\u00f3n actual. <\/b><\/p>\n<\/div>\n<div dir=\"ltr\" class=\"bbc-19j92fr ebmt73l0\" readability=\"10\">\n<p dir=\"ltr\" class=\"bbc-hhl7in e17g058b0\">Con m\u00e1s del 55% de respaldo, la opci\u00f3n \u00aben contra\u00bb se impuso al \u00aba favor\u00bb, que consigui\u00f3 un 44% de apoyo en el plebiscito realizado este domingo 17 de diciembre. <\/p>\n<\/div>\n<div dir=\"ltr\" class=\"bbc-19j92fr ebmt73l0\" readability=\"10\">\n<p dir=\"ltr\" class=\"bbc-hhl7in e17g058b0\">El pa\u00eds sudamericano ha pasado los \u00faltimos 4 a\u00f1os intentando cambiar su Carta Magna, desde que se present\u00f3 como una alternativa para resolver las fuertes tensiones del <b>estallido social que comenz\u00f3 en octubre de 2019.<\/b><\/p>\n<\/div>\n<div dir=\"ltr\" class=\"bbc-19j92fr ebmt73l0\" readability=\"9\">\n<p dir=\"ltr\" class=\"bbc-hhl7in e17g058b0\">El proceso fue seguido de cerca por el mundo, como un posible ejemplo de esperanza sobre c\u00f3mo atender los reclamos sociales a trav\u00e9s de mecanismos democr\u00e1ticos. <\/p>\n<\/div>\n<div dir=\"ltr\" class=\"bbc-19j92fr ebmt73l0\" readability=\"9\">\n<p dir=\"ltr\" class=\"bbc-hhl7in e17g058b0\">Pero el primer intento fracas\u00f3 en septiembre de 2022, cuando un <b>62% vot\u00f3 \u00abrechazo\u00bb<\/b> a una propuesta que fue calificada por algunos como \u00abrefundacional\u00bb. <\/p>\n<\/div>\n<div dir=\"ltr\" class=\"bbc-19j92fr ebmt73l0\" readability=\"13\">\n<p dir=\"ltr\" class=\"bbc-hhl7in e17g058b0\">Un a\u00f1o y tres meses despu\u00e9s, los chilenos volvieron a decir que no a un documento que, para muchos, era <b>m\u00e1s conservador<\/b> que la Constituci\u00f3n actual, heredada del r\u00e9gimen de Augusto Pinochet (pero reformada varias veces en democracia). <\/p>\n<\/div>\n<div dir=\"ltr\" class=\"bbc-19j92fr ebmt73l0\" readability=\"9\">\n<p dir=\"ltr\" class=\"bbc-hhl7in e17g058b0\">El resultado de los comicios significa una derrota para la extrema derecha liderada por el excandidato presidencial <b>Jos\u00e9 Antonio Kast<\/b>, que comand\u00f3 esta segunda propuesta. <\/p>\n<\/div>\n<div dir=\"ltr\" class=\"bbc-19j92fr ebmt73l0\" readability=\"11\">\n<p dir=\"ltr\" class=\"bbc-hhl7in e17g058b0\">Y una victoria amarga para los sectores mayoritariamente de izquierda que estaban detr\u00e1s de la opci\u00f3n \u00aben contra\u00bb pero que, por segunda vez, <b>perdieron en su anhelo hist\u00f3rico de cambiar la Constituci\u00f3n actual<\/b>. <\/p>\n<\/div>\n<div dir=\"ltr\" class=\"bbc-19j92fr ebmt73l0\" readability=\"8\">\n<p dir=\"ltr\" class=\"bbc-hhl7in e17g058b0\">\u00bfC\u00f3mo se explica que Chile haya tropezado dos veces en este proceso a pesar de que inicialmente un <b>80% de los chilenos<\/b> vot\u00f3 a favor de reemplazar su Carta Magna vigente? <\/p>\n<\/div>\n<div dir=\"ltr\" class=\"bbc-19j92fr ebmt73l0\">\n<p dir=\"ltr\" class=\"bbc-hhl7in e17g058b0\">Aqu\u00ed te explicamos. <\/p>\n<\/div>\n<p><h2 id=\"1-Cr\u00edticas-a-los-contenidos-de-la-propuesta-y-al-consejo\" tabindex=\"-1\" class=\"bbc-1f03ibc eglt09e0\">1. Cr\u00edticas a los contenidos de la propuesta y al consejo<\/h2>\n<\/p>\n<div dir=\"ltr\" class=\"bbc-19j92fr ebmt73l0\" readability=\"9\">\n<p dir=\"ltr\" class=\"bbc-hhl7in e17g058b0\">De acuerdo con los analistas consultados por BBC Mundo, una de las razones que explica el triunfo del \u00aben contra\u00bb es que los principales contenidos de la propuesta no reun\u00edan acuerdo transversal. <\/p>\n<\/div>\n<div dir=\"ltr\" class=\"bbc-19j92fr ebmt73l0\" readability=\"11\">\n<p dir=\"ltr\" class=\"bbc-hhl7in e17g058b0\">Los cr\u00edticos del documento lo calificaron de <b>\u201cprofundamente neoliberal\u201d<\/b> y afirmaron que no respond\u00eda a las principales demandas que surgieron con fuerza en las masivas manifestaciones en 2019, como reformas a los sistemas de salud, educaci\u00f3n y pensiones. <\/p>\n<\/div>\n<figure class=\"bbc-1qn0xuy\" readability=\"1.5\">\n<div class=\"bbc-sni631\" readability=\"8\"><picture><img src=\"http:\/\/nuevacordoba.net\/wp-content\/uploads\/2023\/12\/3-claves-que-explican-por-que-chile-rechazo-la-segunda-propuesta-para-cambiar-la-constitucion-y-que-pasa-ahora-1.jpg\" srcset=\"http:\/\/nuevacordoba.net\/wp-content\/uploads\/2023\/12\/3-claves-que-explican-por-que-chile-rechazo-la-segunda-propuesta-para-cambiar-la-constitucion-y-que-pasa-ahora-11.jpg 240w, http:\/\/nuevacordoba.net\/wp-content\/uploads\/2023\/12\/3-claves-que-explican-por-que-chile-rechazo-la-segunda-propuesta-para-cambiar-la-constitucion-y-que-pasa-ahora-12.jpg 320w, http:\/\/nuevacordoba.net\/wp-content\/uploads\/2023\/12\/3-claves-que-explican-por-que-chile-rechazo-la-segunda-propuesta-para-cambiar-la-constitucion-y-que-pasa-ahora-13.jpg 480w, http:\/\/nuevacordoba.net\/wp-content\/uploads\/2023\/12\/3-claves-que-explican-por-que-chile-rechazo-la-segunda-propuesta-para-cambiar-la-constitucion-y-que-pasa-ahora-14.jpg 624w, http:\/\/nuevacordoba.net\/wp-content\/uploads\/2023\/12\/3-claves-que-explican-por-que-chile-rechazo-la-segunda-propuesta-para-cambiar-la-constitucion-y-que-pasa-ahora-15.jpg 800w\" sizes=\"(min-width: 1008px) 760px, 100vw\" alt=\"Manifestante sostiene un cartel pidiendo salud digna para todos.\" loading=\"lazy\" width=\"966\" height=\"543\" class=\"bbc-1uwua2r\"><\/picture>\n<p class=\"bbc-kaivkm\" role=\"text\"><span class=\"bbc-m04vo2\">Fuente de la imagen, <\/span><span lang=\"en-GB\">Getty Images<\/span><\/p>\n<\/div><figcaption dir=\"ltr\" class=\"bbc-1jsyunq e6i104o0\" readability=\"2\"><span role=\"text\" readability=\"4\"><span class=\"bbc-m04vo2\">Pie de foto, <\/span><\/p>\n<p>El cambio a los sistemas de salud, educaci\u00f3n y pensiones fue tal vez el principal reclamo hecho por los millones de chilenos que participaron en las masivas manifestaciones de 2019.<\/p>\n<p><\/span><\/figcaption><\/figure>\n<div dir=\"ltr\" class=\"bbc-19j92fr ebmt73l0\" readability=\"11\">\n<p dir=\"ltr\" class=\"bbc-hhl7in e17g058b0\">La propuesta privilegiaba un<b> sistema mixto<\/b> en la provisi\u00f3n de estos servicios. En salud, dec\u00eda que la ley deb\u00eda establecer un plan de salud universal, el cual pod\u00eda ser ofrecido por instituciones estatales y privadas. <\/p>\n<\/div>\n<div dir=\"ltr\" class=\"bbc-19j92fr ebmt73l0\" readability=\"10\">\n<p dir=\"ltr\" class=\"bbc-hhl7in e17g058b0\">Algo similar planteaba en el caso de las pensiones, donde el Estado deb\u00eda garantizar el acceso a prestaciones b\u00e1sicas y universales que pod\u00edan ser otorgadas a trav\u00e9s de <b>\u00abinstituciones p\u00fablicas o privadas\u00bb.<\/b><\/p>\n<\/div>\n<div dir=\"ltr\" class=\"bbc-19j92fr ebmt73l0\" readability=\"9\">\n<p dir=\"ltr\" class=\"bbc-hhl7in e17g058b0\">Y en educaci\u00f3n, se acentuaba la <b>\u00ablibertad de ense\u00f1anza\u00bb <\/b>y el derecho preferente de los padres sobre la educaci\u00f3n de sus hijos. <\/p>\n<\/div>\n<div dir=\"ltr\" class=\"bbc-19j92fr ebmt73l0\" readability=\"14\">\n<p dir=\"ltr\" class=\"bbc-hhl7in e17g058b0\">Seg\u00fan sus cr\u00edticos, con lo anterior el texto no aseguraba una mayor participaci\u00f3n e implicaci\u00f3n del Estado en la provisi\u00f3n de estos servicios, sino todo lo contrario: consolidaba el modelo del <b>\u00abEstado subsidiario\u00bb<\/b> que existe actualmente y que, para muchos, es el responsable de la desigualdad estructural en el pa\u00eds. <\/p>\n<\/div>\n<div dir=\"ltr\" class=\"bbc-19j92fr ebmt73l0\" readability=\"13\">\n<p dir=\"ltr\" class=\"bbc-hhl7in e17g058b0\">Tambi\u00e9n se cuestionaron art\u00edculos como el que dec\u00eda <b>\u00abla ley protege la vida de quien est\u00e1 por nacer\u00bb<\/b> o el que establec\u00eda la <b>\u00abobjeci\u00f3n de conciencia\u00bb <\/b>pues, para algunos, se pod\u00edan poner en peligro derechos de las mujeres como la ley de aborto bajo tres causales que rige en Chile desde 2017, o el acceso a la p\u00edldora del d\u00eda despu\u00e9s. <\/p>\n<\/div>\n<div dir=\"ltr\" class=\"bbc-19j92fr ebmt73l0\" readability=\"13\">\n<p dir=\"ltr\" class=\"bbc-hhl7in e17g058b0\">Incluso, l\u00edderes de la propia derecha, como la alcaldesa <b>Evelyn Matthei<\/b>, que apoy\u00f3 la opci\u00f3n \u201ca favor\u201d, cuestionaron el texto se\u00f1alando que se parec\u00eda m\u00e1s a un \u201cprograma de gobierno\u201d del excandidato presidencial Jos\u00e9 Antonio Kast. <\/p>\n<\/div>\n<figure class=\"bbc-1qn0xuy\" readability=\"1.5\">\n<div class=\"bbc-sni631\" readability=\"8\"><picture><img src=\"http:\/\/nuevacordoba.net\/wp-content\/uploads\/2023\/12\/3-claves-que-explican-por-que-chile-rechazo-la-segunda-propuesta-para-cambiar-la-constitucion-y-que-pasa-ahora-2.jpg\" srcset=\"http:\/\/nuevacordoba.net\/wp-content\/uploads\/2023\/12\/3-claves-que-explican-por-que-chile-rechazo-la-segunda-propuesta-para-cambiar-la-constitucion-y-que-pasa-ahora-16.jpg 240w, http:\/\/nuevacordoba.net\/wp-content\/uploads\/2023\/12\/3-claves-que-explican-por-que-chile-rechazo-la-segunda-propuesta-para-cambiar-la-constitucion-y-que-pasa-ahora-17.jpg 320w, http:\/\/nuevacordoba.net\/wp-content\/uploads\/2023\/12\/3-claves-que-explican-por-que-chile-rechazo-la-segunda-propuesta-para-cambiar-la-constitucion-y-que-pasa-ahora-18.jpg 480w, http:\/\/nuevacordoba.net\/wp-content\/uploads\/2023\/12\/3-claves-que-explican-por-que-chile-rechazo-la-segunda-propuesta-para-cambiar-la-constitucion-y-que-pasa-ahora-19.jpg 624w, http:\/\/nuevacordoba.net\/wp-content\/uploads\/2023\/12\/3-claves-que-explican-por-que-chile-rechazo-la-segunda-propuesta-para-cambiar-la-constitucion-y-que-pasa-ahora-20.jpg 800w\" sizes=\"(min-width: 1008px) 760px, 100vw\" alt=\"Propuesta constitucional Chile\" loading=\"lazy\" width=\"1023\" height=\"575\" class=\"bbc-1uwua2r\"><\/picture>\n<p class=\"bbc-kaivkm\" role=\"text\"><span class=\"bbc-m04vo2\">Fuente de la imagen, <\/span><span lang=\"en-GB\">Getty Images<\/span><\/p>\n<\/div><figcaption dir=\"ltr\" class=\"bbc-1jsyunq e6i104o0\" readability=\"2\"><span role=\"text\" readability=\"4\"><span class=\"bbc-m04vo2\">Pie de foto, <\/span><\/p>\n<p>La segunda propuesta constitucional fue elaborada por un consejo liderado por el Partido Republicano, de extrema derecha. <\/p>\n<p><\/span><\/figcaption><\/figure>\n<div dir=\"ltr\" class=\"bbc-19j92fr ebmt73l0\" readability=\"11\">\n<p dir=\"ltr\" class=\"bbc-hhl7in e17g058b0\">\u00abHab\u00eda normas que ideol\u00f3gicamente llevaron a que la izquierda se alineara en contra de una propuesta que era evidentemente cargada a la derecha\u00bb, le explica a BBC Mundo <b>Isabel Castillo<\/b>, investigadora del Centro de Estudios de Conflicto y Cohesi\u00f3n Social (COES). <\/p>\n<\/div>\n<div dir=\"ltr\" class=\"bbc-19j92fr ebmt73l0\" readability=\"10\">\n<p dir=\"ltr\" class=\"bbc-hhl7in e17g058b0\">\u00abEn algunos sectores hubo la noci\u00f3n de que se exager\u00f3 en el contenido\u00bb, agrega por su parte<b> Javier Sajuria<\/b>, polit\u00f3logo chileno y profesor de la Universidad Queen Mary de Londres. <\/p>\n<\/div>\n<div dir=\"ltr\" class=\"bbc-19j92fr ebmt73l0\" readability=\"7\">\n<p dir=\"ltr\" class=\"bbc-hhl7in e17g058b0\"><b>La labor del consejo<\/b> tampoco fue bien evaluada por la ciudadan\u00eda. <\/p>\n<\/div>\n<div dir=\"ltr\" class=\"bbc-19j92fr ebmt73l0\" readability=\"12\">\n<p dir=\"ltr\" class=\"bbc-hhl7in e17g058b0\">Seg\u00fan una encuesta del Centro de Estudios P\u00fablicos (CEP), realizada en julio, en medio del proceso, casi un <b>40% de las personas<\/b> consideraba que lo hizo \u00abmal o muy mal\u00bb y s\u00f3lo un 19% que lo hizo \u00abbien o muy bien\u00bb. <\/p>\n<\/div>\n<div dir=\"ltr\" class=\"bbc-19j92fr ebmt73l0\" readability=\"12\">\n<p dir=\"ltr\" class=\"bbc-hhl7in e17g058b0\">\u00abEstamos frente a un hecho bastante an\u00f3malo, donde en ambos intentos por cambiar la Constituci\u00f3n fallaron <b>tanto el mecanismo como el contenido<\/b>\u00ab, le dice a BBC Mundo Octavio Avenda\u00f1o, doctor en ciencias pol\u00edticas y acad\u00e9mico de la Universidad de Chile. <\/p>\n<\/div>\n<p><h2 id=\"2-Hast\u00edo-constitucional-y-otras-prioridades\" tabindex=\"-1\" class=\"bbc-1f03ibc eglt09e0\">2. \u00abHast\u00edo\u00bb constitucional y otras prioridades<\/h2>\n<\/p>\n<div dir=\"ltr\" class=\"bbc-19j92fr ebmt73l0\" readability=\"8\">\n<p dir=\"ltr\" class=\"bbc-hhl7in e17g058b0\">Chile est\u00e1 cansado del debate constitucional y pr\u00e1cticamente todos los estudios de opini\u00f3n as\u00ed lo demuestran.<\/p>\n<\/div>\n<div dir=\"ltr\" class=\"bbc-19j92fr ebmt73l0\" readability=\"9\">\n<p dir=\"ltr\" class=\"bbc-hhl7in e17g058b0\">A solo un mes de la elecci\u00f3n, la encuesta Cadem (una de las m\u00e1s reputadas del pa\u00eds) mostr\u00f3 que <b>un tercio de los votantes (32%) estaba \u00abpoco o nada\u00bb<\/b> <b>interesado en el proceso. <\/b> <\/p>\n<\/div>\n<div dir=\"ltr\" class=\"bbc-19j92fr ebmt73l0\" readability=\"8\">\n<p dir=\"ltr\" class=\"bbc-hhl7in e17g058b0\">Se habla de \u00abfatiga\u00bb o \u00abhast\u00edo\u00bb constitucional tras estos cuatro a\u00f1os de esfuerzos por cambiar la Carta Magna.<\/p>\n<\/div>\n<div dir=\"ltr\" class=\"bbc-19j92fr ebmt73l0\" readability=\"9\">\n<p dir=\"ltr\" class=\"bbc-hhl7in e17g058b0\">Entre tanto, han pasado cinco elecciones (entre plebiscitos y comicios para elegir a los consejeros a cargo de redactar las propuestas) y el resultado son dos intentos fallidos.<\/p>\n<\/div>\n<div dir=\"ltr\" class=\"bbc-19j92fr ebmt73l0\" readability=\"12\">\n<p dir=\"ltr\" class=\"bbc-hhl7in e17g058b0\">\u00ab<b>Ya llevamos demasiado tiempo alargando este proceso<\/b>, perdiendo tiempo en elecciones y con una clase pol\u00edtica inepta e incapaz de ponerse de acuerdo\u00bb, le dice a BBC Mundo Gabriela, una chilena que este domingo vot\u00f3 en contra. <\/p>\n<\/div>\n<div dir=\"ltr\" class=\"bbc-19j92fr ebmt73l0\" readability=\"9\">\n<p dir=\"ltr\" class=\"bbc-hhl7in e17g058b0\">Para Octavio Avenda\u00f1o, una de las razones de esta falta de inter\u00e9s tiene que ver con el fracaso del primer intento en el cual los chilenos ten\u00edan depositadas sus esperanzas. <\/p>\n<\/div>\n<div dir=\"ltr\" class=\"bbc-19j92fr ebmt73l0\" readability=\"8\">\n<p dir=\"ltr\" class=\"bbc-hhl7in e17g058b0\">\u00abEl proceso sufri\u00f3 un enorme descr\u00e9dito y eso gener\u00f3 un efecto nocivo\u00bb, indica.<\/p>\n<\/div>\n<div dir=\"ltr\" class=\"bbc-19j92fr ebmt73l0\" readability=\"10\">\n<p dir=\"ltr\" class=\"bbc-hhl7in e17g058b0\">Hoy, dicen los expertos, el cambio constitucional ya ni siquiera se ve como una herramienta para salir de la crisis. <\/p>\n<\/div>\n<div dir=\"ltr\" class=\"bbc-19j92fr ebmt73l0\" readability=\"9\">\n<p dir=\"ltr\" class=\"bbc-hhl7in e17g058b0\">\u00abHay decepci\u00f3n y hay poca fe en que las \u00e9lites actuales pueden ser capaces de resolver el problema\u00bb, se\u00f1ala Javier Sajuria a BBC Mundo. <\/p>\n<\/div>\n<div dir=\"ltr\" class=\"bbc-19j92fr ebmt73l0\" readability=\"9\">\n<p dir=\"ltr\" class=\"bbc-hhl7in e17g058b0\">Adem\u00e1s, seg\u00fan varios investigadores, las prioridades de los chilenos cambiaron. <\/p>\n<\/div>\n<div dir=\"ltr\" class=\"bbc-19j92fr ebmt73l0\" readability=\"11\">\n<p dir=\"ltr\" class=\"bbc-hhl7in e17g058b0\">As\u00ed tambi\u00e9n lo demuestran estudios de opini\u00f3n, donde la <b>seguridad, la delincuencia y el narcotr\u00e1fico<\/b> son la primera preocupaci\u00f3n de los chilenos, seguido por la econom\u00eda. <\/p>\n<\/div>\n<div dir=\"ltr\" class=\"bbc-19j92fr ebmt73l0\" readability=\"8\">\n<p dir=\"ltr\" class=\"bbc-hhl7in e17g058b0\">Y es que el pa\u00eds sudamericano est\u00e1 atravesando por una de las peores crisis en seguridad de su historia reciente. <\/p>\n<\/div>\n<figure class=\"bbc-1qn0xuy\" readability=\"1.5\">\n<div class=\"bbc-sni631\" readability=\"8\"><picture><img src=\"http:\/\/nuevacordoba.net\/wp-content\/uploads\/2023\/12\/3-claves-que-explican-por-que-chile-rechazo-la-segunda-propuesta-para-cambiar-la-constitucion-y-que-pasa-ahora-3.jpg\" srcset=\"http:\/\/nuevacordoba.net\/wp-content\/uploads\/2023\/12\/3-claves-que-explican-por-que-chile-rechazo-la-segunda-propuesta-para-cambiar-la-constitucion-y-que-pasa-ahora-21.jpg 240w, http:\/\/nuevacordoba.net\/wp-content\/uploads\/2023\/12\/3-claves-que-explican-por-que-chile-rechazo-la-segunda-propuesta-para-cambiar-la-constitucion-y-que-pasa-ahora-22.jpg 320w, http:\/\/nuevacordoba.net\/wp-content\/uploads\/2023\/12\/3-claves-que-explican-por-que-chile-rechazo-la-segunda-propuesta-para-cambiar-la-constitucion-y-que-pasa-ahora-23.jpg 480w, http:\/\/nuevacordoba.net\/wp-content\/uploads\/2023\/12\/3-claves-que-explican-por-que-chile-rechazo-la-segunda-propuesta-para-cambiar-la-constitucion-y-que-pasa-ahora-24.jpg 624w, http:\/\/nuevacordoba.net\/wp-content\/uploads\/2023\/12\/3-claves-que-explican-por-que-chile-rechazo-la-segunda-propuesta-para-cambiar-la-constitucion-y-que-pasa-ahora-25.jpg 800w\" sizes=\"(min-width: 1008px) 760px, 100vw\" alt=\"Carabineros de Chile\" loading=\"lazy\" width=\"1024\" height=\"576\" class=\"bbc-1uwua2r\"><\/picture>\n<p class=\"bbc-kaivkm\" role=\"text\"><span class=\"bbc-m04vo2\">Fuente de la imagen, <\/span><span lang=\"en-GB\">Getty Images<\/span><\/p>\n<\/div><figcaption dir=\"ltr\" class=\"bbc-1jsyunq e6i104o0\" readability=\"1\"><span role=\"text\" readability=\"2\"><span class=\"bbc-m04vo2\">Pie de foto, <\/span><\/p>\n<p>Chile est\u00e1 atravesando por una crisis de seguridad.<\/p>\n<p><\/span><\/figcaption><\/figure>\n<div dir=\"ltr\" class=\"bbc-19j92fr ebmt73l0\" readability=\"10\">\n<p dir=\"ltr\" class=\"bbc-hhl7in e17g058b0\">El miedo a sufrir un delito alcanz\u00f3 su m\u00e1ximo registro hist\u00f3rico hace dos meses, <b>con m\u00e1s de un 30% de las personas<\/b> que declararon tener ese temor, seg\u00fan la fundaci\u00f3n Paz Ciudadana. <\/p>\n<\/div>\n<div dir=\"ltr\" class=\"bbc-19j92fr ebmt73l0\" readability=\"12\">\n<p dir=\"ltr\" class=\"bbc-hhl7in e17g058b0\">Para Isabel Castillo, \u00abhubo un importante porcentaje de gente que simplemente no quer\u00eda un nuevo proceso constitucional porque desv\u00eda la discusi\u00f3n pol\u00edtica de cuestiones que, para ellos, son urgentes\u00bb. <\/p>\n<\/div>\n<p><h2 id=\"3-Castigo-a-la-clase-pol\u00edtica\" tabindex=\"-1\" class=\"bbc-1f03ibc eglt09e0\">3. \u00abCastigo\u00bb a la clase pol\u00edtica<\/h2>\n<\/p>\n<div dir=\"ltr\" class=\"bbc-19j92fr ebmt73l0\" readability=\"8\">\n<p dir=\"ltr\" class=\"bbc-hhl7in e17g058b0\">Otra de las razones que explica el fracaso de este proceso es que no logr\u00f3 unir a los distintos sectores pol\u00edticos del pa\u00eds. <\/p>\n<\/div>\n<div dir=\"ltr\" class=\"bbc-19j92fr ebmt73l0\" readability=\"11\">\n<p dir=\"ltr\" class=\"bbc-hhl7in e17g058b0\">Lo mismo sucedi\u00f3 con el primer intento, cuando grupos de centro y de derecha insistieron en que se les hab\u00eda marginado. Esta vez, fueron los sectores mayoritariamente de izquierda los que dijeron sentirse excluidos. <\/p>\n<\/div>\n<div dir=\"ltr\" class=\"bbc-19j92fr ebmt73l0\" readability=\"9\">\n<p dir=\"ltr\" class=\"bbc-hhl7in e17g058b0\">Seg\u00fan los analistas, esto llev\u00f3 a que un alto porcentaje de los votantes marcara la opci\u00f3n \u00aben contra\u00bb como un <b>\u00abvoto de castigo\u00bb<\/b> hacia la clase pol\u00edtica chilena. <\/p>\n<\/div>\n<div dir=\"ltr\" class=\"bbc-19j92fr ebmt73l0\" readability=\"11\">\n<p dir=\"ltr\" class=\"bbc-hhl7in e17g058b0\">\u00abUn escenario donde todos hubiesen estado de acuerdo, defendiendo la misma propuesta, evidentemente hubiese sido distinto. Esto fue un castigo por la falta de transversalidad\u00bb, dice Isabel Castillo. <\/p>\n<\/div>\n<div dir=\"ltr\" class=\"bbc-19j92fr ebmt73l0\" readability=\"14\">\n<p dir=\"ltr\" class=\"bbc-hhl7in e17g058b0\">En esa l\u00ednea, este domingo, tras conocerse los resultados, la presidenta del partido socialista, <b>Paulina Vodanovic<\/b>, indic\u00f3 que deben ser capaces de reflexionar las razones de por qu\u00e9 no se logr\u00f3 la \u00abtan ansiada unidad\u00bb. <\/p>\n<\/div>\n<div dir=\"ltr\" class=\"bbc-19j92fr ebmt73l0\" readability=\"8\">\n<p dir=\"ltr\" class=\"bbc-hhl7in e17g058b0\"><b>\u00abEl pa\u00eds perdi\u00f3 la oportunidad de haber hecho una Constituci\u00f3n en democracia\u00bb, <\/b>agreg\u00f3.<\/p>\n<\/div>\n<div dir=\"ltr\" class=\"bbc-19j92fr ebmt73l0\" readability=\"9\">\n<p dir=\"ltr\" class=\"bbc-hhl7in e17g058b0\">Adem\u00e1s, se debe considerar que en Chile -y buena parte del mundo- la aprobaci\u00f3n hacia los pol\u00edticos ha ido disminuyendo considerablemente en los \u00faltimos a\u00f1os. <\/p>\n<\/div>\n<div dir=\"ltr\" class=\"bbc-19j92fr ebmt73l0\" readability=\"11\">\n<p dir=\"ltr\" class=\"bbc-hhl7in e17g058b0\">Hoy, de hecho, los partidos y el parlamento son las instituciones que m\u00e1s alto porcentaje tienen respecto a la \u00abpercepci\u00f3n de corrupci\u00f3n\u00bb, seg\u00fan las encuestas de opini\u00f3n. <\/p>\n<\/div>\n<div dir=\"ltr\" class=\"bbc-19j92fr ebmt73l0\" readability=\"10\">\n<p dir=\"ltr\" class=\"bbc-hhl7in e17g058b0\">Y en este proceso constitucional, a diferencia del anterior, los partidos pol\u00edticos tuvieron un rol protag\u00f3nico. <\/p>\n<\/div>\n<div dir=\"ltr\" class=\"bbc-19j92fr ebmt73l0\" readability=\"9\">\n<p dir=\"ltr\" class=\"bbc-hhl7in e17g058b0\">As\u00ed, los analistas coinciden en que un alto porcentaje del voto \u00aben contra\u00bb tiene que ver con un repudio hacia la clase dirigente.<\/p>\n<\/div>\n<div dir=\"ltr\" class=\"bbc-19j92fr ebmt73l0\" readability=\"8\">\n<p dir=\"ltr\" class=\"bbc-hhl7in e17g058b0\">\u00abEs la consecuencia de un discurso antipol\u00edtico que ha ido arraigando en Chile\u00bb, dice Avenda\u00f1o. <\/p>\n<\/div>\n<div dir=\"ltr\" class=\"bbc-19j92fr ebmt73l0\" readability=\"9\">\n<p dir=\"ltr\" class=\"bbc-hhl7in e17g058b0\">\u00ab<b>Es muy parecido al fen\u00f3meno que prendi\u00f3 en Argentina con Javier Milei <\/b>y la casta pol\u00edtica que es percibida como una clase privilegiada y que se beneficia de los recursos del Estado\u00bb, a\u00f1ade. <\/p>\n<\/div>\n<p><h2 id=\"Qu\u00e9-pasar\u00e1-ahora\" tabindex=\"-1\" class=\"bbc-1f03ibc eglt09e0\">\u00bfQu\u00e9 pasar\u00e1 ahora?<\/h2>\n<\/p>\n<div dir=\"ltr\" class=\"bbc-19j92fr ebmt73l0\" readability=\"9\">\n<p dir=\"ltr\" class=\"bbc-hhl7in e17g058b0\">Tras conocerse los resultados del plebiscito, el presidente <b>Gabriel Boric<\/b> se\u00f1al\u00f3 que durante su mandato (al cual le quedan dos a\u00f1os) no se llevar\u00e1 a cabo un nuevo proceso constitucional. <\/p>\n<\/div>\n<div dir=\"ltr\" class=\"bbc-19j92fr ebmt73l0\" readability=\"8\">\n<p dir=\"ltr\" class=\"bbc-hhl7in e17g058b0\">\u00abLas urgencias son otras\u00bb, dijo. <\/p>\n<\/div>\n<div dir=\"ltr\" class=\"bbc-19j92fr ebmt73l0\" readability=\"9\">\n<p dir=\"ltr\" class=\"bbc-hhl7in e17g058b0\">\u201cEl proceso constituyente estaba destinado a traer esperanza y finalmente <b>ha generado frustraci\u00f3n y hasta hast\u00edo en una parte relevante de la ciudadan\u00eda<\/b> y eso no podemos ignorarlo\u201d, a\u00f1adi\u00f3. <\/p>\n<\/div>\n<figure class=\"bbc-1qn0xuy\" readability=\"1.5\">\n<div class=\"bbc-sni631\" readability=\"8\"><picture><img src=\"http:\/\/nuevacordoba.net\/wp-content\/uploads\/2023\/12\/3-claves-que-explican-por-que-chile-rechazo-la-segunda-propuesta-para-cambiar-la-constitucion-y-que-pasa-ahora-4.jpg\" srcset=\"http:\/\/nuevacordoba.net\/wp-content\/uploads\/2023\/12\/3-claves-que-explican-por-que-chile-rechazo-la-segunda-propuesta-para-cambiar-la-constitucion-y-que-pasa-ahora-26.jpg 240w, http:\/\/nuevacordoba.net\/wp-content\/uploads\/2023\/12\/3-claves-que-explican-por-que-chile-rechazo-la-segunda-propuesta-para-cambiar-la-constitucion-y-que-pasa-ahora-27.jpg 320w, http:\/\/nuevacordoba.net\/wp-content\/uploads\/2023\/12\/3-claves-que-explican-por-que-chile-rechazo-la-segunda-propuesta-para-cambiar-la-constitucion-y-que-pasa-ahora-28.jpg 480w, http:\/\/nuevacordoba.net\/wp-content\/uploads\/2023\/12\/3-claves-que-explican-por-que-chile-rechazo-la-segunda-propuesta-para-cambiar-la-constitucion-y-que-pasa-ahora-29.jpg 624w, http:\/\/nuevacordoba.net\/wp-content\/uploads\/2023\/12\/3-claves-que-explican-por-que-chile-rechazo-la-segunda-propuesta-para-cambiar-la-constitucion-y-que-pasa-ahora-30.jpg 800w\" sizes=\"(min-width: 1008px) 760px, 100vw\" alt=\"Gabriel Boric dando un discurso tras el plebiscito\" loading=\"lazy\" width=\"1024\" height=\"576\" class=\"bbc-1uwua2r\"><\/picture>\n<p class=\"bbc-kaivkm\" role=\"text\"><span class=\"bbc-m04vo2\">Fuente de la imagen, <\/span><span lang=\"en-GB\">Getty Images<\/span><\/p>\n<\/div><figcaption dir=\"ltr\" class=\"bbc-1jsyunq e6i104o0\" readability=\"3\"><span role=\"text\" readability=\"6\"><span class=\"bbc-m04vo2\">Pie de foto, <\/span><\/p>\n<p>Tras los resultados del plebiscito, el presidente de Chile, Gabriel Boric, dijo que durante su mandato no habr\u00e1 otro intento de cambiar la Constituci\u00f3n.<\/p>\n<p><\/span><\/figcaption><\/figure>\n<div dir=\"ltr\" class=\"bbc-19j92fr ebmt73l0\" readability=\"9\">\n<p dir=\"ltr\" class=\"bbc-hhl7in e17g058b0\">Lo mismo han argumentado otros l\u00edderes del oficialismo que han afirmado que Chile debe enfocarse en intentar solucionar<b> otros problemas que aquejan a la ciudadan\u00eda, como la seguridad p\u00fablica<\/b>. <\/p>\n<\/div>\n<div dir=\"ltr\" class=\"bbc-19j92fr ebmt73l0\" readability=\"10\">\n<p dir=\"ltr\" class=\"bbc-hhl7in e17g058b0\">Adem\u00e1s, hay convencimiento de que, en t\u00e9rminos econ\u00f3micos, lo mejor es cerrar la discusi\u00f3n. <\/p>\n<\/div>\n<div dir=\"ltr\" class=\"bbc-19j92fr ebmt73l0\" readability=\"14\">\n<p dir=\"ltr\" class=\"bbc-hhl7in e17g058b0\">Al momento de emitir su voto este domingo, el ministro de Hacienda, <b>Mario Marcel,<\/b> dijo que abrir otra proceso \u00abgenera incertidumbre para la ciudadan\u00eda en general y, por supuesto, tambi\u00e9n para las empresas\u00bb. <\/p>\n<\/div>\n<div dir=\"ltr\" class=\"bbc-19j92fr ebmt73l0\" readability=\"8\">\n<p dir=\"ltr\" class=\"bbc-hhl7in e17g058b0\">\u201cConcluirlo ser\u00e1 un paso importante para la <b>normalizaci\u00f3n de la econom\u00eda<\/b>\u201d, indic\u00f3. <\/p>\n<\/div>\n<div dir=\"ltr\" class=\"bbc-19j92fr ebmt73l0\" readability=\"7\">\n<p dir=\"ltr\" class=\"bbc-hhl7in e17g058b0\">Es una postura que comparten en la oposici\u00f3n. <\/p>\n<\/div>\n<div dir=\"ltr\" class=\"bbc-19j92fr ebmt73l0\" readability=\"12\">\n<p dir=\"ltr\" class=\"bbc-hhl7in e17g058b0\">\u00abEsta es la \u00faltima oportunidad de un proceso constituyente. Nosotros no vamos a validar un nuevo proceso, no va a haber otro\u00bb, se\u00f1al\u00f3 en una radio local el senador del partido de derecha Renovaci\u00f3n Nacional (RN), Francisco Chahu\u00e1n.<\/p>\n<\/div>\n<div dir=\"ltr\" class=\"bbc-19j92fr ebmt73l0\" readability=\"9\">\n<p dir=\"ltr\" class=\"bbc-hhl7in e17g058b0\">De acuerdo con varios estudios de opini\u00f3n, <b>m\u00e1s de un 60% de los chilenos tampoco est\u00e1n de acuerdo con que se inicie un tercer debate.<\/b><\/p>\n<\/div>\n<div dir=\"ltr\" class=\"bbc-19j92fr ebmt73l0\" readability=\"10\">\n<p dir=\"ltr\" class=\"bbc-hhl7in e17g058b0\">\u00abSer\u00eda completamente absurdo apostar por algo que ya no result\u00f3. Muchos de la \u00e9lite pol\u00edtica se convencieron de que hacer estas asambleas no es una buena idea porque puede pasar cualquier cosa\u00bb, se\u00f1ala Isabel Castillo. <\/p>\n<\/div>\n<div dir=\"ltr\" class=\"bbc-19j92fr ebmt73l0\" readability=\"9\">\n<p dir=\"ltr\" class=\"bbc-hhl7in e17g058b0\">Seg\u00fan Javier Sajuria, algo que s\u00ed podr\u00eda suceder en el corto plazo es que algunos parlamentarios quieran hacer <b>reformas a la actual Constituci\u00f3n.<\/b><\/p>\n<\/div>\n<div dir=\"ltr\" class=\"bbc-19j92fr ebmt73l0\" readability=\"13\">\n<p dir=\"ltr\" class=\"bbc-hhl7in e17g058b0\">\u00abDesde la derecha, se podr\u00eda intentar hacer cambios que les interesaban de la segunda propuesta constitucional, y lo mismo podr\u00eda hacer la izquierda, impulsando iniciativas que le acomodaban del primer texto\u00bb, indica Javier Sajuria. <\/p>\n<\/div>\n<div dir=\"ltr\" class=\"bbc-19j92fr ebmt73l0\" readability=\"9\">\n<p dir=\"ltr\" class=\"bbc-hhl7in e17g058b0\">De esta forma, la posibilidad de que Chile deje atr\u00e1s su actual -y controvertida- Carta Magna se ve cada vez m\u00e1s lejana. <\/p>\n<\/div>\n<div dir=\"ltr\" class=\"bbc-19j92fr ebmt73l0\" readability=\"7\">\n<p dir=\"ltr\" class=\"bbc-hhl7in e17g058b0\">Dos oportunidades perdidas que los chilenos -y el mundo- observan con perplejidad. <\/p>\n<\/div>\n<figure class=\"bbc-1qn0xuy\">\n<div class=\"bbc-sni631\"><picture><img src=\"http:\/\/nuevacordoba.net\/wp-content\/uploads\/2023\/12\/3-claves-que-explican-por-que-chile-rechazo-la-segunda-propuesta-para-cambiar-la-constitucion-y-que-pasa-ahora-5.jpg\" srcset=\"http:\/\/nuevacordoba.net\/wp-content\/uploads\/2023\/12\/3-claves-que-explican-por-que-chile-rechazo-la-segunda-propuesta-para-cambiar-la-constitucion-y-que-pasa-ahora-31.jpg 240w, http:\/\/nuevacordoba.net\/wp-content\/uploads\/2023\/12\/3-claves-que-explican-por-que-chile-rechazo-la-segunda-propuesta-para-cambiar-la-constitucion-y-que-pasa-ahora-32.jpg 320w, http:\/\/nuevacordoba.net\/wp-content\/uploads\/2023\/12\/3-claves-que-explican-por-que-chile-rechazo-la-segunda-propuesta-para-cambiar-la-constitucion-y-que-pasa-ahora-33.jpg 480w, http:\/\/nuevacordoba.net\/wp-content\/uploads\/2023\/12\/3-claves-que-explican-por-que-chile-rechazo-la-segunda-propuesta-para-cambiar-la-constitucion-y-que-pasa-ahora-34.jpg 624w, http:\/\/nuevacordoba.net\/wp-content\/uploads\/2023\/12\/3-claves-que-explican-por-que-chile-rechazo-la-segunda-propuesta-para-cambiar-la-constitucion-y-que-pasa-ahora-35.jpg 800w\" sizes=\"(min-width: 1008px) 760px, 100vw\" alt=\"linea gris\" loading=\"lazy\" width=\"800\" height=\"100\" class=\"bbc-1uwua2r\"><\/picture><\/div>\n<\/figure>\n<div dir=\"ltr\" class=\"bbc-19j92fr ebmt73l0\" readability=\"8\">\n<p dir=\"ltr\" class=\"bbc-hhl7in e17g058b0\"><i class=\"bbc-h1y5j7 eih42320\">Y recuerda que puedes recibir notificaciones. Descarga la \u00faltima versi\u00f3n de nuestra app y act\u00edvalas para no perderte nuestro mejor contenido.<\/i><\/p>\n<\/div>\n","protected":false},"excerpt":{"rendered":"<p>Fuente de la imagen, Getty Images Pie de foto, La opci\u00f3n \u00aben contra\u00bb se impuso con el 55% de apoyo. Article information Chile decidi\u00f3 rechazar, por segunda vez, una propuesta que buscaba reemplazar su Constituci\u00f3n actual. Con m\u00e1s del 55% de respaldo, la opci\u00f3n \u00aben contra\u00bb se impuso al \u00aba favor\u00bb, que consigui\u00f3 un 44% [&hellip;]<\/p>\n","protected":false},"author":1,"featured_media":39987,"comment_status":"closed","ping_status":"closed","sticky":false,"template":"","format":"standard","meta":[],"categories":[13],"tags":[],"_links":{"self":[{"href":"http:\/\/nuevacordoba.net\/index.php\/wp-json\/wp\/v2\/posts\/39986"}],"collection":[{"href":"http:\/\/nuevacordoba.net\/index.php\/wp-json\/wp\/v2\/posts"}],"about":[{"href":"http:\/\/nuevacordoba.net\/index.php\/wp-json\/wp\/v2\/types\/post"}],"author":[{"embeddable":true,"href":"http:\/\/nuevacordoba.net\/index.php\/wp-json\/wp\/v2\/users\/1"}],"replies":[{"embeddable":true,"href":"http:\/\/nuevacordoba.net\/index.php\/wp-json\/wp\/v2\/comments?post=39986"}],"version-history":[{"count":0,"href":"http:\/\/nuevacordoba.net\/index.php\/wp-json\/wp\/v2\/posts\/39986\/revisions"}],"wp:featuredmedia":[{"embeddable":true,"href":"http:\/\/nuevacordoba.net\/index.php\/wp-json\/wp\/v2\/media\/39987"}],"wp:attachment":[{"href":"http:\/\/nuevacordoba.net\/index.php\/wp-json\/wp\/v2\/media?parent=39986"}],"wp:term":[{"taxonomy":"category","embeddable":true,"href":"http:\/\/nuevacordoba.net\/index.php\/wp-json\/wp\/v2\/categories?post=39986"},{"taxonomy":"post_tag","embeddable":true,"href":"http:\/\/nuevacordoba.net\/index.php\/wp-json\/wp\/v2\/tags?post=39986"}],"curies":[{"name":"wp","href":"https:\/\/api.w.org\/{rel}","templated":true}]}}