{"id":3999,"date":"2021-05-02T21:03:00","date_gmt":"2021-05-02T21:03:00","guid":{"rendered":"http:\/\/www.bbc.com\/mundo\/noticias-america-latina-56966451"},"modified":"2021-05-02T21:03:00","modified_gmt":"2021-05-02T21:03:00","slug":"reforma-tributaria-en-colombia-ivan-duque-pide-al-congreso-retirar-el-polemico-proyecto-que-desato-fuertes-protestas","status":"publish","type":"post","link":"http:\/\/nuevacordoba.net\/index.php\/2021\/05\/02\/reforma-tributaria-en-colombia-ivan-duque-pide-al-congreso-retirar-el-polemico-proyecto-que-desato-fuertes-protestas\/","title":{"rendered":"Reforma tributaria en Colombia: Iv\u00e1n Duque pide al Congreso retirar el pol\u00e9mico proyecto que desat\u00f3 fuertes protestas"},"content":{"rendered":"<div dir=\"ltr\" class=\"e1j2237y6 bbc-q4ibpr e57qer20\">\n<div class=\"bbc-1atl7vu e1c9i7u14\">\n<ul role=\"list\" class=\"bbc-cdrraw e1c9i7u12\">\n<li role=\"listitem\" class=\"bbc-1a3w4ok e1c9i7u11\">Redacci\u00f3n <\/li>\n<li role=\"listitem\" class=\"bbc-1p92jtu e1c9i7u10\">BBC News Mundo<\/li>\n<\/ul>\n<\/div>\n<\/div>\n<div dir=\"ltr\" class=\"e1j2237y7 bbc-q4ibpr e57qer20\"><time datetime=\"2021-05-02\" class=\"bbc-14xtggo e4zesg50\">2 mayo 2021, 17:45 GMT<\/time><\/p>\n<p><time datetime=\"2021-05-02\" class=\"bbc-14xtggo e4zesg50\">Actualizado 1 hora<\/time><\/p>\n<\/div>\n<div dir=\"ltr\" class=\"bbc-1ka88fa e57qer20\">\n<figure class=\"bbc-1qdcvv9 e6bmn90\">\n<div dir=\"ltr\" class=\"bbc-172p16q e57qer20\">\n<div dir=\"ltr\" class=\"bbc-189y18v e57qer20\" readability=\"6.5\">\n<div data-e2e=\"image-placeholder\" class=\"bbc-1k5hvrj e1whu0\" readability=\"8\"><img srcset=\"http:\/\/nuevacordoba.net\/wp-content\/uploads\/2021\/05\/reforma-tributaria-en-colombia-ivan-duque-pide-al-congreso-retirar-el-polemico-proyecto-que-desato-fuertes-protestas-4.jpg 240w, http:\/\/nuevacordoba.net\/wp-content\/uploads\/2021\/05\/reforma-tributaria-en-colombia-ivan-duque-pide-al-congreso-retirar-el-polemico-proyecto-que-desato-fuertes-protestas-5.jpg 320w, http:\/\/nuevacordoba.net\/wp-content\/uploads\/2021\/05\/reforma-tributaria-en-colombia-ivan-duque-pide-al-congreso-retirar-el-polemico-proyecto-que-desato-fuertes-protestas-6.jpg 480w, http:\/\/nuevacordoba.net\/wp-content\/uploads\/2021\/05\/reforma-tributaria-en-colombia-ivan-duque-pide-al-congreso-retirar-el-polemico-proyecto-que-desato-fuertes-protestas-7.jpg 624w, http:\/\/nuevacordoba.net\/wp-content\/uploads\/2021\/05\/reforma-tributaria-en-colombia-ivan-duque-pide-al-congreso-retirar-el-polemico-proyecto-que-desato-fuertes-protestas-8.jpg 800w\" alt=\"Iv\u00e1n Duque\" src=\"http:\/\/nuevacordoba.net\/wp-content\/uploads\/2021\/05\/reforma-tributaria-en-colombia-ivan-duque-pide-al-congreso-retirar-el-polemico-proyecto-que-desato-fuertes-protestas.jpg\" width=\"976\" class=\"bbc-fat2bc e1enwo3v0\"><\/p>\n<p role=\"text\" class=\"bbc-1s1cxbv etq3yw90\"><span class=\"bbc-1gnhmg2 e1yt7oin0\">Fuente de la imagen, <\/span><span lang=\"en-GB\">Getty Images<\/span><\/p>\n<\/div>\n<\/div>\n<div dir=\"ltr\" class=\"bbc-3edg7g e57qer20\" readability=\"6\"><figcaption dir=\"ltr\" class=\"bbc-1t9zlwf eede9f50\" readability=\"2\"><span class=\"bbc-1gnhmg2 e1yt7oin0\">Pie de foto, <\/span><\/p>\n<p>La propuesta de reforma de Iv\u00e1n Duque hab\u00eda desatado fuertes protestas en Colombia.<\/p>\n<\/figcaption><\/div>\n<\/div>\n<\/figure>\n<\/div>\n<div dir=\"ltr\" class=\"bbc-19j92fr e57qer20\" readability=\"12\">\n<p dir=\"ltr\" class=\"bbc-bm53ic e1cc2ql70\"><b>En un mensaje en vivo este domingo, el presidente de Colombia, Iv\u00e1n Duque, pidi\u00f3 al Congreso de su pa\u00eds que retire el pol\u00e9mico proyecto de reforma tributaria que hab\u00eda presentado su gobierno y que hab\u00eda desatado fuertes protestas. <\/b><\/p>\n<\/div>\n<div dir=\"ltr\" class=\"bbc-19j92fr e57qer20\" readability=\"10\">\n<p dir=\"ltr\" class=\"bbc-bm53ic e1cc2ql70\">\u00abLe solicito al Congreso de la Rep\u00fablica el retiro del proyecto radicado por el Ministerio de Hacienda y tramitar de manera urgente un nuevo proyecto fruto de los consensos y as\u00ed evitar incertidumbre financiera\u00bb, dijo Duque.<\/p>\n<\/div>\n<div dir=\"ltr\" class=\"bbc-19j92fr e57qer20\" readability=\"9\">\n<p dir=\"ltr\" class=\"bbc-bm53ic e1cc2ql70\">\u00abLa reforma no es un capricho. Es una necesidad. Retirarla o no no era la discusi\u00f3n. La verdadera discusi\u00f3n es poder garantizar la continuidad de programas sociales\u00bb, a\u00f1adi\u00f3.<\/p>\n<\/div>\n<div dir=\"ltr\" class=\"bbc-19j92fr e57qer20\" readability=\"9\">\n<p dir=\"ltr\" class=\"bbc-bm53ic e1cc2ql70\"><b>La propuesta de reforma inclu\u00eda un aumento de los impuestos sobre la renta y productos b\u00e1sicos. <\/b>Las protestas contra la misma hab\u00edan dejado hasta este domingo al menos seis muertos y cientos de heridos. Aunque algunas organizaciones sociales reportan m\u00e1s fallecidos.<\/p>\n<\/div>\n<div dir=\"ltr\" class=\"bbc-19j92fr e57qer20\" readability=\"9\">\n<p dir=\"ltr\" class=\"bbc-bm53ic e1cc2ql70\">El gobierno colombiano defend\u00eda la necesidad de la reforma tributaria a causa del enorme gasto que ha debido afrontar el pa\u00eds para sostener los programas sociales que se introdujeron durante la pandemia de covid-19.<\/p>\n<\/div>\n<div dir=\"ltr\" class=\"bbc-19j92fr e57qer20\" readability=\"9\">\n<p dir=\"ltr\" class=\"bbc-bm53ic e1cc2ql70\">La noche del viernes Duque hab\u00eda anunciado que la reforma ya no incluir\u00e1 el impuesto a las ventas de alimentos o servicios p\u00fablicos ni una expansi\u00f3n del impuesto sobre la renta. Pero las protestas contra el proyecto continuaron.<\/p>\n<\/div>\n<p><h2 id=\"En-qu\u00e9-consist\u00eda-la-reforma\" tabindex=\"-1\" class=\"bbc-l3e97o e14hemmw0\">\u00bfEn qu\u00e9 consist\u00eda la reforma?<\/h2>\n<\/p>\n<div dir=\"ltr\" class=\"bbc-19j92fr e57qer20\" readability=\"11\">\n<p dir=\"ltr\" class=\"bbc-bm53ic e1cc2ql70\">El proyecto ten\u00eda como objetivos principales ampliar la base de recaudaci\u00f3n tributaria, evitar que la deuda colombiana genere la p\u00e9rdida de m\u00e1s puntos en las calificaciones de riesgo internacionales, institucionalizar la renta b\u00e1sica y crear un fondo para la conservaci\u00f3n ambiental.<\/p>\n<\/div>\n<div dir=\"ltr\" class=\"bbc-19j92fr e57qer20\" readability=\"10\">\n<p dir=\"ltr\" class=\"bbc-bm53ic e1cc2ql70\">La reforma fiscal originalmente buscaba recaudar 23,4 billones de pesos (US$6.294 millones), equivalente a un 2% del PIB.<\/p>\n<\/div>\n<div dir=\"ltr\" class=\"bbc-19j92fr e57qer20\" readability=\"9\">\n<p dir=\"ltr\" class=\"bbc-bm53ic e1cc2ql70\">Uno de los puntos m\u00e1s pol\u00e9micos era la idea de cobrar impuesto a la renta a personas que ganen un sueldo mensual de m\u00e1s de US$663, en un pa\u00eds donde el salario m\u00ednimo es de US$234.<\/p>\n<\/div>\n<div dir=\"ltr\" class=\"bbc-19j92fr e57qer20\" readability=\"17\">\n<p dir=\"ltr\" class=\"bbc-bm53ic e1cc2ql70\">La ley propon\u00eda, adem\u00e1s, imponer el cobro del Impuesto del Valor Agregado (IVA), que en Colombia llega a un 19%, a productos de consumo b\u00e1sico como los servicios p\u00fablicos (agua, luz y gas), servicios funerarios, objetos electr\u00f3nicos como computadores, y otros servicios hasta ahora exentos.<\/p>\n<\/div>\n<div dir=\"ltr\" class=\"bbc-19j92fr e57qer20\" readability=\"9\">\n<p dir=\"ltr\" class=\"bbc-bm53ic e1cc2ql70\">Para los cr\u00edticos del proyecto, la respuesta al incremento de los gastos no deb\u00eda buscarse con m\u00e1s impuestos sobre la clase media colombiana.<\/p>\n<\/div>\n<div dir=\"ltr\" class=\"bbc-19j92fr e57qer20\" readability=\"8\">\n<p dir=\"ltr\" class=\"bbc-bm53ic e1cc2ql70\">El plan tambi\u00e9n proyectaba un aumento en los impuestos al patrimonio de las personas que m\u00e1s ganan.<\/p>\n<\/div>\n<div dir=\"ltr\" class=\"bbc-19j92fr e57qer20\" readability=\"11\">\n<p dir=\"ltr\" class=\"bbc-bm53ic e1cc2ql70\">Quienes tuvieran un patrimonio superior a los US$1,35 millones deb\u00edan cumplir con otro impuesto -diferente al que pagan de renta- del 1%, mientras que para quienes tengan un patrimonio de m\u00e1s de US$4 millones la cifra a pagar ser\u00eda del 2%.<\/p>\n<\/div>\n<div dir=\"ltr\" class=\"bbc-19j92fr e57qer20\" readability=\"12\">\n<p dir=\"ltr\" class=\"bbc-bm53ic e1cc2ql70\">El viernes, Duque anunci\u00f3 cambios al proyecto original. El mandatario dijo que hab\u00eda instru\u00eddo al Ministerio de Hacienda que redacte un nuevo proyecto \u00aben el que no se modifica el IVA en bienes, alimentos, servicios p\u00fablicos y gasolina\u00bb y que \u00abno se ampl\u00eda la base del Impuesto de Renta\u00bb. <\/p>\n<\/div>\n<p><h2 id=\"Protestas\" tabindex=\"-1\" class=\"bbc-l3e97o e14hemmw0\">Protestas<\/h2>\n<\/p>\n<div dir=\"ltr\" class=\"bbc-19j92fr e57qer20\" readability=\"10\">\n<p dir=\"ltr\" class=\"bbc-bm53ic e1cc2ql70\">Las protestas para exigir que el gobierno retire el proyecto empezaron el mi\u00e9rcoles pasado de forma pac\u00edfica. Pero luego se registraron ataques contra edificios de gobierno y el sistema de transporte en ciudades como Bogot\u00e1, Medell\u00edn y Cali. <\/p>\n<\/div>\n<div dir=\"ltr\" class=\"bbc-1ka88fa e57qer20\">\n<figure class=\"bbc-1qdcvv9 e6bmn90\">\n<div dir=\"ltr\" class=\"bbc-172p16q e57qer20\">\n<div dir=\"ltr\" class=\"bbc-189y18v e57qer20\" readability=\"6.5\">\n<div data-e2e=\"image-placeholder\" class=\"bbc-1k5hvrj e1whu0\" readability=\"8\"><noscript><img srcset=\"http:\/\/nuevacordoba.net\/wp-content\/uploads\/2021\/05\/reforma-tributaria-en-colombia-ivan-duque-pide-al-congreso-retirar-el-polemico-proyecto-que-desato-fuertes-protestas-9.jpg 240w, http:\/\/nuevacordoba.net\/wp-content\/uploads\/2021\/05\/reforma-tributaria-en-colombia-ivan-duque-pide-al-congreso-retirar-el-polemico-proyecto-que-desato-fuertes-protestas-10.jpg 320w, http:\/\/nuevacordoba.net\/wp-content\/uploads\/2021\/05\/reforma-tributaria-en-colombia-ivan-duque-pide-al-congreso-retirar-el-polemico-proyecto-que-desato-fuertes-protestas-11.jpg 480w, http:\/\/nuevacordoba.net\/wp-content\/uploads\/2021\/05\/reforma-tributaria-en-colombia-ivan-duque-pide-al-congreso-retirar-el-polemico-proyecto-que-desato-fuertes-protestas-12.jpg 624w, http:\/\/nuevacordoba.net\/wp-content\/uploads\/2021\/05\/reforma-tributaria-en-colombia-ivan-duque-pide-al-congreso-retirar-el-polemico-proyecto-que-desato-fuertes-protestas-13.jpg 800w\" alt=\"Manifestantes en Colombia\" src=\"http:\/\/nuevacordoba.net\/wp-content\/uploads\/2021\/05\/reforma-tributaria-en-colombia-ivan-duque-pide-al-congreso-retirar-el-polemico-proyecto-que-desato-fuertes-protestas-1.jpg\" width=\"976\" class=\"bbc-fat2bc e1enwo3v0\"><\/noscript><\/p>\n<p role=\"text\" class=\"bbc-1s1cxbv etq3yw90\"><span class=\"bbc-1gnhmg2 e1yt7oin0\">Fuente de la imagen, <\/span><span lang=\"en-GB\">Getty Images<\/span><\/p>\n<\/div>\n<\/div>\n<div dir=\"ltr\" class=\"bbc-3edg7g e57qer20\" readability=\"6.5\"><figcaption dir=\"ltr\" class=\"bbc-1t9zlwf eede9f50\" readability=\"3\"><span class=\"bbc-1gnhmg2 e1yt7oin0\">Pie de foto, <\/span><\/p>\n<p>Miles de colombianos salieron a protestar pese a que los contagios se encuentran en uno de los puntos m\u00e1s altos de la pandemia.<\/p>\n<\/figcaption><\/div>\n<\/div>\n<\/figure>\n<\/div>\n<div dir=\"ltr\" class=\"bbc-19j92fr e57qer20\" readability=\"8\">\n<p dir=\"ltr\" class=\"bbc-bm53ic e1cc2ql70\">La fiscal\u00eda dijo que estaba investigando 10 muertes en los \u00faltimos d\u00edas en Cali para determinar si estaban relacionadas con las manifestaciones.<\/p>\n<\/div>\n<div dir=\"ltr\" class=\"bbc-19j92fr e57qer20\" readability=\"12\">\n<p dir=\"ltr\" class=\"bbc-bm53ic e1cc2ql70\">En esta ciudad, la tercera m\u00e1s grande del pa\u00eds, se registraron quemas de autobuses y saqueos, as\u00ed como ataques a bancos, oficinas y locales comerciales.<\/p>\n<\/div>\n<div dir=\"ltr\" class=\"bbc-19j92fr e57qer20\" readability=\"9\">\n<p dir=\"ltr\" class=\"bbc-bm53ic e1cc2ql70\">Como resultado, varios gobiernos locales declararon toques de queda y se despleg\u00f3 la polic\u00eda y el ej\u00e9rcito.<\/p>\n<\/div>\n<div dir=\"ltr\" class=\"bbc-19j92fr e57qer20\" readability=\"9\">\n<p dir=\"ltr\" class=\"bbc-bm53ic e1cc2ql70\">Las protestas ocurrieron en medio de un grave repunte de casos de coronavirus en varias ciudades colombianas, que amenaza con colapsar el sistema de salud del pa\u00eds.<\/p>\n<\/div>\n<div dir=\"ltr\" class=\"bbc-19j92fr e57qer20\" readability=\"9\">\n<p dir=\"ltr\" class=\"bbc-bm53ic e1cc2ql70\">La noche del s\u00e1bado, Duque hab\u00eda anunciado que mantendr\u00eda a los militares en las ciudades donde se han reportado altercados y \u00abactos de vandalismo\u00bb asociados a las protestas.<\/p>\n<\/div>\n<p><h2 id=\"Qu\u00e9-m\u00e1s-dijo-Duque-este-domingo\" tabindex=\"-1\" class=\"bbc-l3e97o e14hemmw0\">\u00bfQu\u00e9 m\u00e1s dijo Duque este domingo?<\/h2>\n<\/p>\n<div dir=\"ltr\" class=\"bbc-19j92fr e57qer20\" readability=\"8\">\n<p dir=\"ltr\" class=\"bbc-bm53ic e1cc2ql70\">Adem\u00e1s de pedir al Congreso el retiro del proyecto, Duque pidi\u00f3 \u00abtramitar uno nuevo\u00bb.<\/p>\n<\/div>\n<div dir=\"ltr\" class=\"bbc-1ka88fa e57qer20\">\n<figure class=\"bbc-1qdcvv9 e6bmn90\">\n<div dir=\"ltr\" class=\"bbc-172p16q e57qer20\">\n<div dir=\"ltr\" class=\"bbc-189y18v e57qer20\" readability=\"6.5\">\n<div data-e2e=\"image-placeholder\" class=\"bbc-1k5hvrj e1whu0\" readability=\"8\"><noscript><img srcset=\"http:\/\/nuevacordoba.net\/wp-content\/uploads\/2021\/05\/reforma-tributaria-en-colombia-ivan-duque-pide-al-congreso-retirar-el-polemico-proyecto-que-desato-fuertes-protestas-14.jpg 240w, http:\/\/nuevacordoba.net\/wp-content\/uploads\/2021\/05\/reforma-tributaria-en-colombia-ivan-duque-pide-al-congreso-retirar-el-polemico-proyecto-que-desato-fuertes-protestas-15.jpg 320w, http:\/\/nuevacordoba.net\/wp-content\/uploads\/2021\/05\/reforma-tributaria-en-colombia-ivan-duque-pide-al-congreso-retirar-el-polemico-proyecto-que-desato-fuertes-protestas-16.jpg 480w, http:\/\/nuevacordoba.net\/wp-content\/uploads\/2021\/05\/reforma-tributaria-en-colombia-ivan-duque-pide-al-congreso-retirar-el-polemico-proyecto-que-desato-fuertes-protestas-17.jpg 624w, http:\/\/nuevacordoba.net\/wp-content\/uploads\/2021\/05\/reforma-tributaria-en-colombia-ivan-duque-pide-al-congreso-retirar-el-polemico-proyecto-que-desato-fuertes-protestas-18.jpg 800w\" alt=\"Un bus quem\u00e1ndose en Cali\" src=\"http:\/\/nuevacordoba.net\/wp-content\/uploads\/2021\/05\/reforma-tributaria-en-colombia-ivan-duque-pide-al-congreso-retirar-el-polemico-proyecto-que-desato-fuertes-protestas-2.jpg\" width=\"976\" class=\"bbc-fat2bc e1enwo3v0\"><\/noscript><\/p>\n<p role=\"text\" class=\"bbc-1s1cxbv etq3yw90\"><span class=\"bbc-1gnhmg2 e1yt7oin0\">Fuente de la imagen, <\/span><span lang=\"en-GB\">Getty Images<\/span><\/p>\n<\/div>\n<\/div>\n<div dir=\"ltr\" class=\"bbc-3edg7g e57qer20\" readability=\"6\"><figcaption dir=\"ltr\" class=\"bbc-1t9zlwf eede9f50\" readability=\"2\"><span class=\"bbc-1gnhmg2 e1yt7oin0\">Pie de foto, <\/span><\/p>\n<p>Los disturbios m\u00e1s graves se registraron en Cali.<\/p>\n<\/figcaption><\/div>\n<\/div>\n<\/figure>\n<\/div>\n<div dir=\"ltr\" class=\"bbc-19j92fr e57qer20\" readability=\"13\">\n<p dir=\"ltr\" class=\"bbc-bm53ic e1cc2ql70\">El mandatario dijo que hab\u00eda dialogado con \u00abl\u00edderes de partidos pol\u00edticos, de la sociedad civil, alcaldes y gobernadores y l\u00edderes del sector empresarial\u00bb y que estos hab\u00edan \u00abaportado valiosas ideas\u00bb para lograr la financiaci\u00f3n que busca el gobierno, \u00absin afectar a la clase media y a los m\u00e1s vulnerables\u00bb.<\/p>\n<\/div>\n<div dir=\"ltr\" class=\"bbc-19j92fr e57qer20\" readability=\"15\">\n<p dir=\"ltr\" class=\"bbc-bm53ic e1cc2ql70\">\u00abAlgunas de las l\u00edneas que se han evaluado\u00bb, dijo Duque, son \u00abuna sobretasa de renta temporal a empresas, prorrogar el impuesto al patrimonio de forma temporal, incrementar el impuesto a los dividendos transitoriamente y crear una sobretasa de renta a personas de mayores ingresos\u00bb, entre otras medidas.<\/p>\n<\/div>\n<div dir=\"ltr\" class=\"bbc-19j92fr e57qer20\" readability=\"8\">\n<p dir=\"ltr\" class=\"bbc-bm53ic e1cc2ql70\">Duque dijo tambi\u00e9n que \u00abla verdadera discusi\u00f3n es garantizar la continuidad de programas sociales\u00bb.<\/p>\n<\/div>\n<div dir=\"ltr\" class=\"bbc-19j92fr e57qer20\" readability=\"14\">\n<p dir=\"ltr\" class=\"bbc-bm53ic e1cc2ql70\">Entre estos programas mencion\u00f3 la prolongaci\u00f3n del Ingreso Solidario para m\u00e1s de 3,4 millones de hogares; de la educaci\u00f3n universitaria gratuita para j\u00f3venes de los estratos sociales m\u00e1s bajos; y el subsidio a los pagos de salarios a trav\u00e9s del Programa de Apoyo al Empleo Formal (PAEF) que, seg\u00fan Duque, \u00abha beneficiado a cerca de 3,5 millones de trabajadores\u00bb; y extender la devoluci\u00f3n del IVA a cerca de dos millones de hogares vulnerables.<\/p>\n<\/div>\n<div dir=\"ltr\" class=\"bbc-1ka88fa e57qer20\">\n<figure class=\"bbc-1qdcvv9 e6bmn90\">\n<div dir=\"ltr\" class=\"bbc-172p16q e57qer20\">\n<div dir=\"ltr\" class=\"bbc-189y18v e57qer20\">\n<div data-e2e=\"image-placeholder\" class=\"bbc-uhmmqj e1whu0\"><noscript><img srcset=\"http:\/\/nuevacordoba.net\/wp-content\/uploads\/2021\/05\/reforma-tributaria-en-colombia-ivan-duque-pide-al-congreso-retirar-el-polemico-proyecto-que-desato-fuertes-protestas-19.jpg 240w, http:\/\/nuevacordoba.net\/wp-content\/uploads\/2021\/05\/reforma-tributaria-en-colombia-ivan-duque-pide-al-congreso-retirar-el-polemico-proyecto-que-desato-fuertes-protestas-20.jpg 320w, http:\/\/nuevacordoba.net\/wp-content\/uploads\/2021\/05\/reforma-tributaria-en-colombia-ivan-duque-pide-al-congreso-retirar-el-polemico-proyecto-que-desato-fuertes-protestas-21.jpg 480w, http:\/\/nuevacordoba.net\/wp-content\/uploads\/2021\/05\/reforma-tributaria-en-colombia-ivan-duque-pide-al-congreso-retirar-el-polemico-proyecto-que-desato-fuertes-protestas-22.jpg 624w\" alt=\"raya\" src=\"http:\/\/nuevacordoba.net\/wp-content\/uploads\/2021\/05\/reforma-tributaria-en-colombia-ivan-duque-pide-al-congreso-retirar-el-polemico-proyecto-que-desato-fuertes-protestas-3.jpg\" width=\"624\" class=\"bbc-fat2bc e1enwo3v0\"><\/noscript><\/div>\n<\/div>\n<\/div>\n<\/figure>\n<\/div>\n<div dir=\"ltr\" class=\"bbc-19j92fr e57qer20\" readability=\"8\">\n<p dir=\"ltr\" class=\"bbc-bm53ic e1cc2ql70\"><i class=\"bbc-h1y5j7 ewc4zcb0\">Recuerda que puedes recibir notificaciones de BBC News Mundo. Descarga la \u00faltima versi\u00f3n de nuestra app y act\u00edvalas para no perderte nuestro mejor contenido.<\/i><\/p>\n<\/div>\n","protected":false},"excerpt":{"rendered":"<p>Redacci\u00f3n BBC News Mundo 2 mayo 2021, 17:45 GMT Actualizado 1 hora Fuente de la imagen, Getty Images Pie de foto, La propuesta de reforma de Iv\u00e1n Duque hab\u00eda desatado fuertes protestas en Colombia. En un mensaje en vivo este domingo, el presidente de Colombia, Iv\u00e1n Duque, pidi\u00f3 al Congreso de su pa\u00eds que retire [&hellip;]<\/p>\n","protected":false},"author":1,"featured_media":4000,"comment_status":"closed","ping_status":"closed","sticky":false,"template":"","format":"standard","meta":[],"categories":[13],"tags":[],"_links":{"self":[{"href":"http:\/\/nuevacordoba.net\/index.php\/wp-json\/wp\/v2\/posts\/3999"}],"collection":[{"href":"http:\/\/nuevacordoba.net\/index.php\/wp-json\/wp\/v2\/posts"}],"about":[{"href":"http:\/\/nuevacordoba.net\/index.php\/wp-json\/wp\/v2\/types\/post"}],"author":[{"embeddable":true,"href":"http:\/\/nuevacordoba.net\/index.php\/wp-json\/wp\/v2\/users\/1"}],"replies":[{"embeddable":true,"href":"http:\/\/nuevacordoba.net\/index.php\/wp-json\/wp\/v2\/comments?post=3999"}],"version-history":[{"count":0,"href":"http:\/\/nuevacordoba.net\/index.php\/wp-json\/wp\/v2\/posts\/3999\/revisions"}],"wp:featuredmedia":[{"embeddable":true,"href":"http:\/\/nuevacordoba.net\/index.php\/wp-json\/wp\/v2\/media\/4000"}],"wp:attachment":[{"href":"http:\/\/nuevacordoba.net\/index.php\/wp-json\/wp\/v2\/media?parent=3999"}],"wp:term":[{"taxonomy":"category","embeddable":true,"href":"http:\/\/nuevacordoba.net\/index.php\/wp-json\/wp\/v2\/categories?post=3999"},{"taxonomy":"post_tag","embeddable":true,"href":"http:\/\/nuevacordoba.net\/index.php\/wp-json\/wp\/v2\/tags?post=3999"}],"curies":[{"name":"wp","href":"https:\/\/api.w.org\/{rel}","templated":true}]}}