{"id":4003,"date":"2021-05-03T05:27:32","date_gmt":"2021-05-03T05:27:32","guid":{"rendered":"http:\/\/nuevacordoba.net\/index.php\/2021\/05\/03\/nuevas-demoras-en-el-traslado-de-harvey-weinstein-de-nueva-york-a-california\/"},"modified":"2021-05-03T05:27:32","modified_gmt":"2021-05-03T05:27:32","slug":"nuevas-demoras-en-el-traslado-de-harvey-weinstein-de-nueva-york-a-california","status":"publish","type":"post","link":"http:\/\/nuevacordoba.net\/index.php\/2021\/05\/03\/nuevas-demoras-en-el-traslado-de-harvey-weinstein-de-nueva-york-a-california\/","title":{"rendered":"Nuevas demoras en el traslado de Harvey Weinstein de Nueva York a California"},"content":{"rendered":"<div class=\"image\" id=\"image\" readability=\"9\"> <img src=\"http:\/\/nuevacordoba.net\/wp-content\/uploads\/2021\/05\/nuevas-demoras-en-el-traslado-de-harvey-weinstein-de-nueva-york-a-california.jpg\" alt=\"Wainstein, ya condenado, espera traslado\" title=\"Wainstein, ya condenado, espera traslado\"><\/p>\n<p>Wainstein, ya condenado, espera traslado<\/p>\n<\/div>\n<p>El exproductor de Hollywood <strong>Harvey Weinstein<\/strong>, encarcelado por cargos de violaci\u00f3n y abuso sexual, <strong>continuar\u00e1 un tiempo m\u00e1s en Nueva York ya que su traslado a California para enfrentar otros nuevos cargos<\/strong> ser\u00e1 retrasado hasta finales de mes.<\/p>\n<p>Mientras los fiscales presionan por su traslado por <strong>cargos de agredir sexualmente a cinco mujeres en Los Angeles y Beverly Hills entre el 2004 y el 2013<\/strong>, un abogado de Harvey indic\u00f3 que retrasar\u00e1 a\u00fan m\u00e1s el traslado del productor de cine encarcelado de Nueva York a California para enfrentar cargos de violaci\u00f3n y agresi\u00f3n sexual, inform\u00f3 la agencia italiana ANSA.<\/p>\n<p>El abogado <strong>Norman Effman le dijo a un juez de la corte del condado de Erie en Buffalo que presentar\u00e1 la documentaci\u00f3n dentro de los pr\u00f3ximos 30 d\u00edas, y que probablemente requerir\u00e1 otra comparecencia ante la corte<\/strong> con respecto a la extradici\u00f3n de Weinstein.<\/p>\n<p>El ex productor ha estado en el Centro Correccional de Wende desde marzo del a\u00f1o pasado luego de ser condenado en la ciudad de Nueva York por un acto sexual y violaci\u00f3n en tercer grado.<\/p>\n<p>Weinstein inicialmente fue acusado en California en una denuncia penal y luego procesado el 15 de marzo.<\/p>\n<p><strong>Si fuera condenado por todos los delitos, podr\u00eda recibir una condena de hasta 140 a\u00f1os de c\u00e1rcel<\/strong>, que se sumar\u00edan a los 23 que ya dictamin\u00f3 el juez de Nueva York por violaci\u00f3n y agresi\u00f3n sexual, condena por la cual ya se encuentra detenido.<\/p>\n<p><strong>\u00abHarvey Weinstein enfrenta un total de cuatro acusaciones por violaci\u00f3n y cuatro por copulaci\u00f3n oral forzada, dos por agresi\u00f3n sexual con retenci\u00f3n, y uno por penetraci\u00f3n sexual mediante el uso de la fuerza en relaci\u00f3n a cinco v\u00edctimas por cr\u00edmenes que van de 2004 a 2013\u00bb<\/strong>, sostuvo entonces la Fiscal\u00eda en un comunicado sobre los once nuevos cargos que caen contra el ex productor en California.<\/p>\n<p>En total, <strong>m\u00e1s de 80 mujeres acusaron al ex productor de delitos sexuales y comportamiento indebido<\/strong>.<\/p>\n<p>La condena a Harvey Weinstein en Nueva York marc\u00f3 un gran triunfo para el movimiento #MeToo en la lucha de las mujeres contra los abusos y agresiones sexuales. <\/p>\n","protected":false},"excerpt":{"rendered":"<p>Wainstein, ya condenado, espera traslado El exproductor de Hollywood Harvey Weinstein, encarcelado por cargos de violaci\u00f3n y abuso sexual, continuar\u00e1 un tiempo m\u00e1s en Nueva York ya que su traslado a California para enfrentar otros nuevos cargos ser\u00e1 retrasado hasta finales de mes. Mientras los fiscales presionan por su traslado por cargos de agredir sexualmente [&hellip;]<\/p>\n","protected":false},"author":1,"featured_media":4004,"comment_status":"closed","ping_status":"closed","sticky":false,"template":"","format":"standard","meta":[],"categories":[9],"tags":[],"_links":{"self":[{"href":"http:\/\/nuevacordoba.net\/index.php\/wp-json\/wp\/v2\/posts\/4003"}],"collection":[{"href":"http:\/\/nuevacordoba.net\/index.php\/wp-json\/wp\/v2\/posts"}],"about":[{"href":"http:\/\/nuevacordoba.net\/index.php\/wp-json\/wp\/v2\/types\/post"}],"author":[{"embeddable":true,"href":"http:\/\/nuevacordoba.net\/index.php\/wp-json\/wp\/v2\/users\/1"}],"replies":[{"embeddable":true,"href":"http:\/\/nuevacordoba.net\/index.php\/wp-json\/wp\/v2\/comments?post=4003"}],"version-history":[{"count":0,"href":"http:\/\/nuevacordoba.net\/index.php\/wp-json\/wp\/v2\/posts\/4003\/revisions"}],"wp:featuredmedia":[{"embeddable":true,"href":"http:\/\/nuevacordoba.net\/index.php\/wp-json\/wp\/v2\/media\/4004"}],"wp:attachment":[{"href":"http:\/\/nuevacordoba.net\/index.php\/wp-json\/wp\/v2\/media?parent=4003"}],"wp:term":[{"taxonomy":"category","embeddable":true,"href":"http:\/\/nuevacordoba.net\/index.php\/wp-json\/wp\/v2\/categories?post=4003"},{"taxonomy":"post_tag","embeddable":true,"href":"http:\/\/nuevacordoba.net\/index.php\/wp-json\/wp\/v2\/tags?post=4003"}],"curies":[{"name":"wp","href":"https:\/\/api.w.org\/{rel}","templated":true}]}}