{"id":4007,"date":"2021-05-02T13:53:33","date_gmt":"2021-05-02T13:53:33","guid":{"rendered":"http:\/\/cordobanewsnet.wordpress.com\/?p=5424"},"modified":"2021-05-02T13:53:33","modified_gmt":"2021-05-02T13:53:33","slug":"domingo-de-calor-en-cordoba-se-esperan-30","status":"publish","type":"post","link":"http:\/\/nuevacordoba.net\/index.php\/2021\/05\/02\/domingo-de-calor-en-cordoba-se-esperan-30\/","title":{"rendered":"Domingo de calor en C\u00f3rdoba: se esperan 30\u00b0"},"content":{"rendered":"<div><img src=\"http:\/\/nuevacordoba.net\/wp-content\/uploads\/2021\/05\/domingo-de-calor-en-cordoba-se-esperan-30.jpg\" class=\"ff-og-image-inserted\"><\/div>\n<p>El SMN (Servicio Meteorol\u00f3gico Nacional) prev\u00e9 para este domingo en C\u00f3rdoba una jornada ventosa y seca, cielo parcialmente nublado, vientos d\u00e9biles a moderados del sector norte, leve ascenso de la temperatura y m\u00e1xima de 30\u00b0.<\/p>\n<p>Extendido<\/p>\n<p>Lunes. Lluvias aisladas, m\u00ednima de 16\u00b0 y m\u00e1xima de 25\u00b0.<\/p>\n<p>Martes. Lluvias aisladas, m\u00ednima de 13\u00b0 y m\u00e1xima de 17\u00b0.<\/p>\n<p>Mi\u00e9rcoles. Lloviznas, m\u00ednima de 9\u00b0 y m\u00e1xima de 16\u00b0.<\/p>\n<p>Jueves. Mayormente nublado, m\u00ednima de 8\u00b0 y m\u00e1xima de 17\u00b0.<\/p>\n<p>Viernes. Mayormente nublado, m\u00ednima de 9\u00b0 y m\u00e1xima de 16\u00b0.<\/p>\n<div id=\"jp-post-flair\" class=\"sharedaddy sd-like-enabled sd-sharing-enabled\">\n<div class=\"sharedaddy sd-sharing-enabled\">\n<div class=\"robots-nocontent sd-block sd-social sd-social-icon-text sd-sharing\">\n<h3 class=\"sd-title\">Share this:<\/h3>\n<\/div>\n<\/div>\n<div class=\"sharedaddy sd-block sd-like jetpack-likes-widget-wrapper jetpack-likes-widget-unloaded\" id=\"like-post-wrapper-143108178-5424-608fe8ff27576\" data-src=\"\/\/widgets.wp.com\/likes\/index.html?ver=20210413#blog_id=143108178&amp;post_id=5424&amp;origin=cordobanewsnet.wordpress.com&amp;obj_id=143108178-5424-608fe8ff27576\" data-name=\"like-post-frame-143108178-5424-608fe8ff27576\">\n<h3 class=\"sd-title\">Me gusta esto:<\/h3>\n<p><span class=\"button\"><span>Me gusta<\/span><\/span> <span class=\"loading\">Cargando&#8230;<\/span><\/p>\n<p><span class=\"sd-text-color\"><\/span><\/div>\n<p><h3 class=\"jp-relatedposts-headline\"><em>Relacionado<\/em><\/h3>\n<\/p>\n<\/div>\n","protected":false},"excerpt":{"rendered":"<p>El SMN (Servicio Meteorol\u00f3gico Nacional) prev\u00e9 para este domingo en C\u00f3rdoba una jornada ventosa y seca, cielo parcialmente nublado, vientos d\u00e9biles a moderados del sector norte, leve ascenso de la temperatura y m\u00e1xima de 30\u00b0. Extendido Lunes. Lluvias aisladas, m\u00ednima de 16\u00b0 y m\u00e1xima de 25\u00b0. Martes. Lluvias aisladas, m\u00ednima de 13\u00b0 y m\u00e1xima de [&hellip;]<\/p>\n","protected":false},"author":1,"featured_media":4008,"comment_status":"closed","ping_status":"closed","sticky":false,"template":"","format":"standard","meta":[],"categories":[14],"tags":[],"_links":{"self":[{"href":"http:\/\/nuevacordoba.net\/index.php\/wp-json\/wp\/v2\/posts\/4007"}],"collection":[{"href":"http:\/\/nuevacordoba.net\/index.php\/wp-json\/wp\/v2\/posts"}],"about":[{"href":"http:\/\/nuevacordoba.net\/index.php\/wp-json\/wp\/v2\/types\/post"}],"author":[{"embeddable":true,"href":"http:\/\/nuevacordoba.net\/index.php\/wp-json\/wp\/v2\/users\/1"}],"replies":[{"embeddable":true,"href":"http:\/\/nuevacordoba.net\/index.php\/wp-json\/wp\/v2\/comments?post=4007"}],"version-history":[{"count":0,"href":"http:\/\/nuevacordoba.net\/index.php\/wp-json\/wp\/v2\/posts\/4007\/revisions"}],"wp:featuredmedia":[{"embeddable":true,"href":"http:\/\/nuevacordoba.net\/index.php\/wp-json\/wp\/v2\/media\/4008"}],"wp:attachment":[{"href":"http:\/\/nuevacordoba.net\/index.php\/wp-json\/wp\/v2\/media?parent=4007"}],"wp:term":[{"taxonomy":"category","embeddable":true,"href":"http:\/\/nuevacordoba.net\/index.php\/wp-json\/wp\/v2\/categories?post=4007"},{"taxonomy":"post_tag","embeddable":true,"href":"http:\/\/nuevacordoba.net\/index.php\/wp-json\/wp\/v2\/tags?post=4007"}],"curies":[{"name":"wp","href":"https:\/\/api.w.org\/{rel}","templated":true}]}}