{"id":40094,"date":"2023-12-21T03:04:53","date_gmt":"2023-12-21T03:04:53","guid":{"rendered":"https:\/\/puntoapunto.com.ar\/?p=355013"},"modified":"2023-12-21T03:04:53","modified_gmt":"2023-12-21T03:04:53","slug":"dnu-milei-que-dice-el-decreto-de-366-medidas-que-busca-la-desregulacion-total-de-la-economia","status":"publish","type":"post","link":"http:\/\/nuevacordoba.net\/index.php\/2023\/12\/21\/dnu-milei-que-dice-el-decreto-de-366-medidas-que-busca-la-desregulacion-total-de-la-economia\/","title":{"rendered":"DNU Milei: qu\u00e9 dice el decreto de 366 medidas que busca la desregulaci\u00f3n total de la econom\u00eda"},"content":{"rendered":"<div class=\"g g-36\">\n<div class=\"g-dyn a-29 c-1\"><a class=\"gofollow\" data-track=\"MjksMzYsMSw2MA==\" href=\"https:\/\/www.harmoniechateau.com.ar\/\" target=\"_blank\" rel=\"noopener\"><img class=\"lazyload\" src=\"http:\/\/nuevacordoba.net\/wp-content\/uploads\/2023\/12\/dnu-milei-que-dice-el-decreto-de-366-medidas-que-busca-la-desregulacion-total-de-la-economia.jpg\"><\/a><\/div>\n<\/div>\n<p>&nbsp;\n<\/p>\n<p>El presidente Javier Milei present\u00f3 este mi\u00e9rcoles&nbsp;<strong>un Decreto de Necesidad y Urgencia (DNU) de 366 art\u00edculos que implica una profunda desregulaci\u00f3n de la econom\u00eda, propone un \u00abplan de estabilizaci\u00f3n de shock\u00bb, deroga m\u00faltiples leyes y normativas y apunta a avanzar en la privatizaci\u00f3n de empresas p\u00fablicas.<\/strong>\n<\/p>\n<p>Al brindar un mensaje por cadena nacional, Milei destac\u00f3 que el DNU<strong>&nbsp;\u00abcontiene las reformas que comenzar\u00e1n a destrabar el andamiaje jur\u00eddico e institucional opresor\u00bb<\/strong>&nbsp;y de esta forma se inicia el \u00abcamino de la reconstrucci\u00f3n\u00bb del pa\u00eds despu\u00e9s de la \u00abenorme crisis\u00bb heredada.\n<\/p>\n<p>El DNU 70\/2023, al cual tuvo acceso T\u00e9lam,&nbsp;<a href=\"https:\/\/www.telam.com.ar\/notas\/202312\/650166-decreto-gobierno-nacioanl-javier-milei.html\" target=\"_blank\" rel=\"noopener\">declara en su primer art\u00edculo \u00abla emergencia p\u00fablica en materia econ\u00f3mica, financiera, fiscal, administrativa, previsional, tarifaria, sanitaria y social hasta el 31 de diciembre de 2025\u00bb<\/a>.\n<\/p>\n<p>En su segundo art\u00edculo, determina la \u00abdesregulaci\u00f3n del comercio, los servicios y la industria en todo el territorio nacional\u00bb y otorga al Estado el poder de promover \u00abun sistema econ\u00f3mico basado en decisiones libres\u00bb.<br \/>Por lo tanto<strong>, \u00abquedar\u00e1n sin efecto todas las restricciones a la oferta de bienes y servicios, as\u00ed como toda exigencia normativa que distorsione los precios de mercado, impida la libre iniciativa privada o evite la interacci\u00f3n espont\u00e1nea de la oferta y de la demanda\u00bb<\/strong>.\n<\/p>\n<p>Adem\u00e1s, con el objetivo de lograr la \u00abinserci\u00f3n en el mundo\u00bb, el poder Ejecutivo \u00abelaborar\u00e1 y\/o dictar\u00e1 todas las normas necesarias para adoptar est\u00e1ndares internacionales en materia de comercio de bienes y servicios\u00bb.\n<\/p>\n<p>El decreto, que ser\u00e1 publicado en el Bolet\u00edn Oficial, contiene tambi\u00e9n medidas como la derogaci\u00f3n de ley de Alquileres y de la ley de Abastecimiento, entre cientos de disposiciones.\n<\/p>\n<figure class=\"mb-3\"><img loading=\"lazy\" decoding=\"async\" alt=\"Foto X OPEArg\" width=\"100%\" height=\"100%\" class=\" lazy lazyload\" src=\"http:\/\/nuevacordoba.net\/wp-content\/uploads\/2023\/12\/dnu-milei-que-dice-el-decreto-de-366-medidas-que-busca-la-desregulacion-total-de-la-economia-1.jpg\"><figcaption>Asimismo, incluye la derogaci\u00f3n de leyes como la de <strong>\u00abg\u00f3ndolas, Compre Nacional, observatorio de precios, las leyes de promoci\u00f3n de industrial y promoci\u00f3n comercial\u00bb,<\/strong>&nbsp;dijo el Presidente.<\/figcaption><\/figure>\n<p>El DNU contiene tambi\u00e9n la eliminaci\u00f3n de normativas que \u00abimpiden la privatizaci\u00f3n de empresas p\u00fablicas\u00bb y del \u00abr\u00e9gimen de sociedades del Estado\u00bb, para avanzar hacia la \u00abtransformaci\u00f3n de todas las empresas del Estado para su posterior privatizaci\u00f3n\u00bb.\n<\/p>\n<p>Otras medidas anunciadas ordenan la \u00abtransformaci\u00f3n de todas las empresas del Estado en sociedades an\u00f3nimas para su posterior privatizaci\u00f3n\u00bb y la \u00abModernizaci\u00f3n del r\u00e9gimen laboral para facilitar el proceso de generaci\u00f3n de empleo genuino\u00bb.<br \/>Tambi\u00e9n se anunci\u00f3 la modificaci\u00f3n al marco regulatorio de la medicina prepaga y las obras sociales, la eliminaci\u00f3n de las restricciones de precios a la industria prepaga y la incorporaci\u00f3n de las empresas de ese rubro en el r\u00e9gimen de las obras sociales.\n<\/p>\n<p>Acompa\u00f1ado por todos los miembros de su gabinete, en un mensaje grabado que se transmiti\u00f3 desde las 21,&nbsp;<a href=\"https:\/\/www.telam.com.ar\/notas\/202312\/650165-las-30-principales-medidas-anunciadas-por-el-presidente-milei.html\" target=\"_blank\" rel=\"noopener\">el mandatario enumer\u00f3 \u00ab30 de las m\u00e1s de 300\u00bb reformas<\/a>, medidas y derogaciones que incluye el DNU para \u00abcomenzar la reconstrucci\u00f3n del pa\u00eds\u00bb.\n<\/p>\n<p>As\u00ed, ampli\u00f3 que habr\u00e1 derogaci\u00f3n de leyes que regulan el funcionamiento de las empresas de medicina prepaga y obras sociales, empresas farmac\u00e9uticas, el sector tur\u00edstico, registro automotor, clubes de f\u00fatbol, ley de tierras, modificaci\u00f3n del c\u00f3digo civil y comercial, y la secci\u00f3n total o parcial del paquete accionario de Aerol\u00edneas Argentinas.\n<\/p>\n<p>El mandatario se\u00f1al\u00f3 que su administraci\u00f3n estuvo enfocada en \u00abintentar contener la enorme crisis que heredamos\u00bb y que por eso dise\u00f1\u00f3 un&nbsp;<strong>\u00abplan de estabilizaci\u00f3n de shock que comprende un plan de ajuste fiscal, una pol\u00edtica cambiaria que sincer\u00f3 el tipo de cambio y una pol\u00edtica monetaria que incluye saneamiento del Banco Central Central\u00bb<\/strong>.\n<\/p>\n<p>Al comienzo de su discurso, el jefe de Estado se\u00f1al\u00f3 que&nbsp;<strong>\u00abhoy es un d\u00eda hist\u00f3rico para nuestro pa\u00eds<\/strong>\u00bb porque \u00abdespu\u00e9s de d\u00e9cadas de fracaso hoy empezamos el camino de la reconstrucci\u00f3n\u00bb.\n<\/p>\n<p>En ese sentido, afirm\u00f3 que desde el Gobierno nacional \u00abestamos haciendo nuestro m\u00e1ximo esfuerzo para intentar disminuir el d\u00e9ficit\u00bb y consider\u00f3 que \u00abel problema no es el chef sino la receta, esas ideas que fracasaron en la Argentina son las mismas que han fracaso a lo largo y a lo ancho del planeta\u00bb.\n<\/p>\n<p>Y expres\u00f3 que \u00abel colectivismo\u00bb es \u00abuna forma de pensamiento que diluye al individuo en favor del Estado\u00bb.\n<\/p>\n<p>El Presidente hizo un diagn\u00f3stico de \u00abel pa\u00eds que recibimos\u00bb al asumir y lo describi\u00f3 como \u00abla peor herencia de la historia\u00bb.\n<\/p>\n<p><strong>\u00abUn pa\u00eds con d\u00e9ficit consolidado del 15% del PBI. Un pa\u00eds sin reservas en el Banco Central. Un pa\u00eds que iba camino a estrellarse con una inflaci\u00f3n anual del 15 mil por ciento\u00bb,<\/strong>&nbsp;enumer\u00f3.\n<\/p>\n<p>Finalmente, anunci\u00f3 que convocar\u00e1 a sesiones extraordinarias del Congreso para tratar un paquete de leyes cuyo contenido a\u00fan se desconoce y \u00ablos diputados y senadores deber\u00e1n enfrentar la responsabilidad hist\u00f3rica de elegir entre ser parte de este cambio u obstruir el proyecto de reformas m\u00e1s ambicioso de los \u00faltimos 40 a\u00f1os\u00bb, asever\u00f3 Milei. \u00abLa crisis requiere de acci\u00f3n inmediata\u00bb, consider\u00f3 el mandatario.\n<\/p>\n<p>El decreto se conoci\u00f3 al cabo de&nbsp;<a href=\"https:\/\/www.telam.com.ar\/notas\/202312\/650067-marcha-plaza-de-mayo.html\" target=\"_blank\" rel=\"noopener\">una jornada marcada por una protesta piquetera en la Plaza de Mayo organizada por la izquierda y movimientos sociales que se oponen al programa de ajuste<\/a>\n<\/p>\n<p>Al cabo del discurso de Milei,<a href=\"https:\/\/www.telam.com.ar\/notas\/202312\/650169-cacerolazos-caba-amba-dnu-milei-pas.html\" target=\"_blank\" rel=\"noopener\">&nbsp;se escucharon cacerolazos en distintos barrios de la ciudad de Buenos Aires y el conurbano bonaerense<\/a>.\n<\/p>\n<p>El texto del DNU completo: https:\/\/drive.google.com\/file\/d\/1qv5jLMsw2Zg9zTnmppwYldA4aXhBEib5\/view\n<\/p>\n<p>&nbsp;\n<\/p>\n<footer class=\"author-bio-section\">\n<p class=\"author-name\">Punto a Punto<\/p>\n<p class=\"author-image\"><img loading=\"lazy\" alt height=\"90\" width=\"90\" class=\"avatar avatar-90 photo lazyload\" src=\"http:\/\/nuevacordoba.net\/wp-content\/uploads\/2023\/12\/dnu-milei-que-dice-el-decreto-de-366-medidas-que-busca-la-desregulacion-total-de-la-economia.png\" srcset=\"http:\/\/nuevacordoba.net\/wp-content\/uploads\/2023\/12\/dnu-milei-que-dice-el-decreto-de-366-medidas-que-busca-la-desregulacion-total-de-la-economia.png 2x\"><\/p>\n<\/footer>\n<div class=\"g g-38\">\n<div class=\"g-dyn a-12 c-1\"><a class=\"gofollow\" data-track=\"MTIsMzgsMSw2MA==\" href=\"https:\/\/hospitalprivado.com.ar\/landing-trasplante.html\" target=\"_blank\" rel=\"noopener\"><img class=\"lazyload\" src=\"http:\/\/nuevacordoba.net\/wp-content\/uploads\/2023\/12\/dnu-milei-que-dice-el-decreto-de-366-medidas-que-busca-la-desregulacion-total-de-la-economia.gif\"><\/a><\/div>\n<\/div>\n","protected":false},"excerpt":{"rendered":"<p>&nbsp; El presidente Javier Milei present\u00f3 este mi\u00e9rcoles&nbsp;un Decreto de Necesidad y Urgencia (DNU) de 366 art\u00edculos que implica una profunda desregulaci\u00f3n de la econom\u00eda, propone un \u00abplan de estabilizaci\u00f3n de shock\u00bb, deroga m\u00faltiples leyes y normativas y apunta a avanzar en la privatizaci\u00f3n de empresas p\u00fablicas. Al brindar un mensaje por cadena nacional, Milei [&hellip;]<\/p>\n","protected":false},"author":1,"featured_media":40095,"comment_status":"open","ping_status":"closed","sticky":false,"template":"","format":"standard","meta":[],"categories":[12,14],"tags":[],"_links":{"self":[{"href":"http:\/\/nuevacordoba.net\/index.php\/wp-json\/wp\/v2\/posts\/40094"}],"collection":[{"href":"http:\/\/nuevacordoba.net\/index.php\/wp-json\/wp\/v2\/posts"}],"about":[{"href":"http:\/\/nuevacordoba.net\/index.php\/wp-json\/wp\/v2\/types\/post"}],"author":[{"embeddable":true,"href":"http:\/\/nuevacordoba.net\/index.php\/wp-json\/wp\/v2\/users\/1"}],"replies":[{"embeddable":true,"href":"http:\/\/nuevacordoba.net\/index.php\/wp-json\/wp\/v2\/comments?post=40094"}],"version-history":[{"count":0,"href":"http:\/\/nuevacordoba.net\/index.php\/wp-json\/wp\/v2\/posts\/40094\/revisions"}],"wp:featuredmedia":[{"embeddable":true,"href":"http:\/\/nuevacordoba.net\/index.php\/wp-json\/wp\/v2\/media\/40095"}],"wp:attachment":[{"href":"http:\/\/nuevacordoba.net\/index.php\/wp-json\/wp\/v2\/media?parent=40094"}],"wp:term":[{"taxonomy":"category","embeddable":true,"href":"http:\/\/nuevacordoba.net\/index.php\/wp-json\/wp\/v2\/categories?post=40094"},{"taxonomy":"post_tag","embeddable":true,"href":"http:\/\/nuevacordoba.net\/index.php\/wp-json\/wp\/v2\/tags?post=40094"}],"curies":[{"name":"wp","href":"https:\/\/api.w.org\/{rel}","templated":true}]}}