{"id":40557,"date":"2024-01-03T17:20:05","date_gmt":"2024-01-03T17:20:05","guid":{"rendered":"http:\/\/nuevacordoba.net\/index.php\/2024\/01\/03\/lionel-messi-y-emiliano-martinez-estan-nominados-para-el-equipo-ideal-de-fifpro\/"},"modified":"2024-01-03T17:20:05","modified_gmt":"2024-01-03T17:20:05","slug":"lionel-messi-y-emiliano-martinez-estan-nominados-para-el-equipo-ideal-de-fifpro","status":"publish","type":"post","link":"http:\/\/nuevacordoba.net\/index.php\/2024\/01\/03\/lionel-messi-y-emiliano-martinez-estan-nominados-para-el-equipo-ideal-de-fifpro\/","title":{"rendered":"Lionel Messi y Emiliano Mart\u00ednez est\u00e1n nominados para el equipo ideal de FIFPRO"},"content":{"rendered":"<figure class=\"mb-3\"><img loading=\"lazy\" data-src=\"http:\/\/nuevacordoba.net\/wp-content\/uploads\/2024\/01\/lionel-messi-y-emiliano-martinez-estan-nominados-para-el-equipo-ideal-de-fifpro.jpg\" src=\"https:\/\/www.telam.com.ar\/assets\/img\/not_image.png\" class=\" lazy \" width=\"100%\" height=\"100%\" alt=\"Messi y Dibu Martnez Foto Maximiliano Luna \"><figcaption> Messi y Dibu Mart\u00ednez (Foto Maximiliano Luna). <\/figcaption><\/figure>\n<p>El capit\u00e1n del seleccionado argentino, Lionel Messi, y el arquero Emiliano Mart\u00ednez fueron nominados este mi\u00e9rcoles por FIFPRO, el sindicato mundial de los futbolistas, para integrar el equipo ideal de 2023.<\/p>\n<p><strong>Messi y el \u00abDibu\u00bb Mart\u00ednez integran la nomina de 23 jugadores preseleccionados para el equipo<\/strong> que forma FIFPRO, en conjunto con la FIFA.<\/p>\n<p><strong>El equipo ideal ser\u00e1 revelado el pr\u00f3ximo 15 de enero en la gala de los premios \u00abThe Best\u00bb<\/strong> de la FIFA, en Londres.<\/p>\n<p>Messi comparte la lista de delanteros con los franceses Karim Benzema y Kylian Mbapp\u00e9, el noruego Erling Haaland, el ingl\u00e9s Harry Kane, el portugu\u00e9s Cristiano Ronaldo y el brasile\u00f1o Vinicius Junior.<\/p>\n<p>El \u00abDibu\u00bb Mart\u00ednez, en tanto, compite con la belga Thibaut Courtois y el brasile\u00f1o Ederson.<\/p>\n<p>FIFPRO elige al equipo ideal de cada a\u00f1o desde 2005 y <strong>Messi es el jugador con mayor cantidad de presencias con 16. <\/strong><\/p>\n<p><strong>El FIFA FIFPRO World 11 es votado por m\u00e1s de 25.000 jugadores profesionales<\/strong> que eligen a tres arqueros, tres defensores, tres mediocampistas y tres delanteros. . . . . . <\/p>\n","protected":false},"excerpt":{"rendered":"<p>Messi y Dibu Mart\u00ednez (Foto Maximiliano Luna). El capit\u00e1n del seleccionado argentino, Lionel Messi, y el arquero Emiliano Mart\u00ednez fueron nominados este mi\u00e9rcoles por FIFPRO, el sindicato mundial de los futbolistas, para integrar el equipo ideal de 2023. Messi y el \u00abDibu\u00bb Mart\u00ednez integran la nomina de 23 jugadores preseleccionados para el equipo que forma [&hellip;]<\/p>\n","protected":false},"author":1,"featured_media":40558,"comment_status":"closed","ping_status":"closed","sticky":false,"template":"","format":"standard","meta":[],"categories":[10],"tags":[],"_links":{"self":[{"href":"http:\/\/nuevacordoba.net\/index.php\/wp-json\/wp\/v2\/posts\/40557"}],"collection":[{"href":"http:\/\/nuevacordoba.net\/index.php\/wp-json\/wp\/v2\/posts"}],"about":[{"href":"http:\/\/nuevacordoba.net\/index.php\/wp-json\/wp\/v2\/types\/post"}],"author":[{"embeddable":true,"href":"http:\/\/nuevacordoba.net\/index.php\/wp-json\/wp\/v2\/users\/1"}],"replies":[{"embeddable":true,"href":"http:\/\/nuevacordoba.net\/index.php\/wp-json\/wp\/v2\/comments?post=40557"}],"version-history":[{"count":0,"href":"http:\/\/nuevacordoba.net\/index.php\/wp-json\/wp\/v2\/posts\/40557\/revisions"}],"wp:featuredmedia":[{"embeddable":true,"href":"http:\/\/nuevacordoba.net\/index.php\/wp-json\/wp\/v2\/media\/40558"}],"wp:attachment":[{"href":"http:\/\/nuevacordoba.net\/index.php\/wp-json\/wp\/v2\/media?parent=40557"}],"wp:term":[{"taxonomy":"category","embeddable":true,"href":"http:\/\/nuevacordoba.net\/index.php\/wp-json\/wp\/v2\/categories?post=40557"},{"taxonomy":"post_tag","embeddable":true,"href":"http:\/\/nuevacordoba.net\/index.php\/wp-json\/wp\/v2\/tags?post=40557"}],"curies":[{"name":"wp","href":"https:\/\/api.w.org\/{rel}","templated":true}]}}