{"id":40588,"date":"2024-01-04T05:56:00","date_gmt":"2024-01-04T05:56:00","guid":{"rendered":"http:\/\/nuevacordoba.net\/index.php\/2024\/01\/04\/jorge-rojas-presenta-principio-y-destino-en-dos-veladas-particulares-en-anisacate\/"},"modified":"2024-01-04T05:56:00","modified_gmt":"2024-01-04T05:56:00","slug":"jorge-rojas-presenta-principio-y-destino-en-dos-veladas-particulares-en-anisacate","status":"publish","type":"post","link":"http:\/\/nuevacordoba.net\/index.php\/2024\/01\/04\/jorge-rojas-presenta-principio-y-destino-en-dos-veladas-particulares-en-anisacate\/","title":{"rendered":"Jorge Rojas presenta \u00abPrincipio y destino\u00bb en dos veladas particulares en Anisacate"},"content":{"rendered":"<figure class=\"mb-3\"><img loading=\"lazy\" data-src=\"http:\/\/nuevacordoba.net\/wp-content\/uploads\/2024\/01\/jorge-rojas-presenta-principio-y-destino-en-dos-veladas-particulares-en-anisacate.jpg\" src=\"https:\/\/www.telam.com.ar\/assets\/img\/not_image.png\" class=\" lazy \" width=\"100%\" height=\"100%\" alt=\"Jorge Rojas ahora en el patio de su casa en el valle\"><figcaption> Jorge Rojas ahora en el patio de su casa en el valle. <\/figcaption><\/figure>\n<p>El cantante y compositor salte\u00f1o de folclore y m\u00fasica rom\u00e1ntica <strong>Jorge Rojas<\/strong> presenta en enero su \u00faltimo trabajo discogr\u00e1fico, <strong>\u201cPrincipio y destino\u201d<\/strong>, en dos particulares veladas que se desarrollar\u00e1n en el patio de su casa en la localidad serrana cordobesa de Anisacate.<\/p>\n<p>El m\u00fasico que fue emblema de la banda Los Nocheros y que luego se lanz\u00f3 a una carrera solista estar\u00e1 haciendo el 26 y 27 de enero las nuevas canciones de este trabajo en La Yapa, el patio de su casa en la sierra, al aire libre, con la nueva formaci\u00f3n musical que lo acompa\u00f1a.<\/p>\n<p>\u00abPrincipio y destino\u00bb fue lanzado en plataformas en septiembre pasado y se distingui\u00f3 por una vuelta de Rojas a la canci\u00f3n de ra\u00edz folcl\u00f3rica luego de a\u00f1os de coqueteos con distintos estilos. El disco est\u00e1 integrado por 14 nuevas canciones, 13 de las cuales son de autor\u00eda o coautor\u00eda de Rojas.<\/p>\n<p>El espacio La Yapa (Ruta E56 Km 2. Anisacate, C\u00f3rdoba) ofrece distintos sectores paa apreciar el show: plateas preferenciales numeradas, Patio grande y los exclusivos Marca Borrada y El Algarrobo. <\/p>\n","protected":false},"excerpt":{"rendered":"<p>Jorge Rojas ahora en el patio de su casa en el valle. El cantante y compositor salte\u00f1o de folclore y m\u00fasica rom\u00e1ntica Jorge Rojas presenta en enero su \u00faltimo trabajo discogr\u00e1fico, \u201cPrincipio y destino\u201d, en dos particulares veladas que se desarrollar\u00e1n en el patio de su casa en la localidad serrana cordobesa de Anisacate. El [&hellip;]<\/p>\n","protected":false},"author":1,"featured_media":40589,"comment_status":"closed","ping_status":"closed","sticky":false,"template":"","format":"standard","meta":[],"categories":[9],"tags":[],"_links":{"self":[{"href":"http:\/\/nuevacordoba.net\/index.php\/wp-json\/wp\/v2\/posts\/40588"}],"collection":[{"href":"http:\/\/nuevacordoba.net\/index.php\/wp-json\/wp\/v2\/posts"}],"about":[{"href":"http:\/\/nuevacordoba.net\/index.php\/wp-json\/wp\/v2\/types\/post"}],"author":[{"embeddable":true,"href":"http:\/\/nuevacordoba.net\/index.php\/wp-json\/wp\/v2\/users\/1"}],"replies":[{"embeddable":true,"href":"http:\/\/nuevacordoba.net\/index.php\/wp-json\/wp\/v2\/comments?post=40588"}],"version-history":[{"count":0,"href":"http:\/\/nuevacordoba.net\/index.php\/wp-json\/wp\/v2\/posts\/40588\/revisions"}],"wp:featuredmedia":[{"embeddable":true,"href":"http:\/\/nuevacordoba.net\/index.php\/wp-json\/wp\/v2\/media\/40589"}],"wp:attachment":[{"href":"http:\/\/nuevacordoba.net\/index.php\/wp-json\/wp\/v2\/media?parent=40588"}],"wp:term":[{"taxonomy":"category","embeddable":true,"href":"http:\/\/nuevacordoba.net\/index.php\/wp-json\/wp\/v2\/categories?post=40588"},{"taxonomy":"post_tag","embeddable":true,"href":"http:\/\/nuevacordoba.net\/index.php\/wp-json\/wp\/v2\/tags?post=40588"}],"curies":[{"name":"wp","href":"https:\/\/api.w.org\/{rel}","templated":true}]}}