{"id":40592,"date":"2024-01-04T03:04:25","date_gmt":"2024-01-04T03:04:25","guid":{"rendered":"https:\/\/puntoapunto.com.ar\/?p=355526"},"modified":"2024-01-04T03:04:25","modified_gmt":"2024-01-04T03:04:25","slug":"edicion-semanal-un-mercado-que-cambia-de-rostro","status":"publish","type":"post","link":"http:\/\/nuevacordoba.net\/index.php\/2024\/01\/04\/edicion-semanal-un-mercado-que-cambia-de-rostro\/","title":{"rendered":"Edici\u00f3n semanal: Un mercado que cambia de rostro"},"content":{"rendered":"<p>&nbsp;\n<\/p>\n<p><strong>El 2023 cerr\u00f3 con 407 mil veh\u00edculos vendidos<\/strong> y en el sector proyectan un 2024 con n\u00fameros similares, pero con otra din\u00e1mica: por la suba de precios y<strong> la ca\u00edda del poder adquisitivo la restricci\u00f3n dejar\u00e1 de ser de la oferta y pasar\u00e1 a ser de la demanda.<\/strong> El desaf\u00edo de un primer semestre dur\u00edsimo.\n<\/p>\n<p><strong>Le\u00e9 la revista en tu dispositivo favorito<\/strong>\n<\/p>\n<p><a href=\"https:\/\/indd.adobe.com\/view\/056e1862-6179-4a17-b45f-56a1971b2d80\" target=\"_blank\" rel=\"noopener\"><img loading=\"lazy\" decoding=\"async\" alt width=\"300\" height=\"80\" class=\"alignnone wp-image-341569 size-full lazyload\" src=\"http:\/\/nuevacordoba.net\/wp-content\/uploads\/2024\/01\/edicion-semanal-un-mercado-que-cambia-de-rostro-1.jpg\"><\/a><img loading=\"lazy\" decoding=\"async\" alt width=\"300\" height=\"80\" class=\"alignnone size-full wp-image-341570 lazyload\" src=\"http:\/\/nuevacordoba.net\/wp-content\/uploads\/2024\/01\/edicion-semanal-un-mercado-que-cambia-de-rostro-2.jpg\">\n<\/p>\n<p><strong>Adem\u00e1s:<\/strong>\n<\/p>\n<ul>\n<li><strong>Pato Pampa a full:<\/strong> tiene 30 locales, prepara nuevas aperturas y quiere desembarcar en Paraguay (US$100.000 la franquicia)<\/li>\n<li>C\u00f3mo ser\u00e1 el <strong>polo gastron\u00f3mico<\/strong> que se cocina en la \u201ccity\u201d<\/li>\n<li><strong>Cinco Elementos abri\u00f3 su tercera casa en Nueva C\u00f3rdoba<\/strong> y se prepara su sistema de franquicias<\/li>\n<li>Dos hermanos vieron el negocio en el rubro sider\u00fargico: tienen 3 locales y comercializan 2.400 toneladas anuales<\/li>\n<li><strong>D\u00f3lar, plazo fijo, bonos o inmuebles:<\/strong> cu\u00e1l fue la inversi\u00f3n ganadora del 2023 (y qu\u00e9 esperar en 2024)<\/li>\n<\/ul>\n<footer class=\"author-bio-section\">\n<p class=\"author-name\">Punto a Punto<\/p>\n<p class=\"author-image\"><img loading=\"lazy\" alt height=\"90\" width=\"90\" class=\"avatar avatar-90 photo lazyload\" src=\"http:\/\/nuevacordoba.net\/wp-content\/uploads\/2024\/01\/edicion-semanal-un-mercado-que-cambia-de-rostro-3.jpg\" srcset=\"http:\/\/nuevacordoba.net\/wp-content\/uploads\/2024\/01\/edicion-semanal-un-mercado-que-cambia-de-rostro-3.jpg 2x\"><\/p>\n<p class=\"author-bio\">El medio de los negocios <a href=\"https:\/\/puntoapunto.com.ar\/cdn-cgi\/l\/email-protection#513036242225383f112130217f323e3c7f3023\" target=\"_blank\" rel=\"nofollow noopener\" title=\"E-mail\" class=\"tooltip\"><i class=\"fa fa-envelope-square fa-2x\"><\/i> <\/a> <a href=\"https:\/\/es-la.facebook.com\/puntoapuntook\/\" target=\"_blank\" rel=\"nofollow noopener\" title=\"Facebook\" class=\"tooltip\"><i class=\"fa fa-facebook-official fa-2x\"><\/i> <\/a> <a href=\"http:\/\/@puntoapuntocba\" target=\"_blank\" rel=\"nofollow noopener\" title=\"Twitter\" class=\"tooltip\"><i class=\"fa fa-twitter-square fa-2x\"><\/i> <\/a> <a href=\"https:\/\/ar.linkedin.com\/company\/punto-a-punto-crdoba\" target=\"_blank\" rel=\"nofollow noopener\" title=\"LinkedIn\" class=\"tooltip\"><i class=\"fa fa-linkedin-square fa-2x\"><\/i> <\/a> <a href=\"https:\/\/www.youtube.com\/c\/PuntoaPuntoARG\" target=\"_blank\" rel=\"nofollow noopener\" title=\"Youtube\" class=\"tooltip\"><i class=\"fa fa-youtube-square fa-2x\"><\/i> <\/a><\/p>\n<\/footer>\n<div class=\"g g-38\">\n<div class=\"g-dyn a-12 c-1\"><a class=\"gofollow\" data-track=\"MTIsMzgsMSw2MA==\" href=\"https:\/\/hospitalprivado.com.ar\/landing-trasplante.html\" target=\"_blank\" rel=\"noopener\"><img class=\"lazyload\" src=\"http:\/\/nuevacordoba.net\/wp-content\/uploads\/2024\/01\/edicion-semanal-un-mercado-que-cambia-de-rostro.gif\"><\/a><\/div>\n<\/div>\n","protected":false},"excerpt":{"rendered":"<p>&nbsp; El 2023 cerr\u00f3 con 407 mil veh\u00edculos vendidos y en el sector proyectan un 2024 con n\u00fameros similares, pero con otra din\u00e1mica: por la suba de precios y la ca\u00edda del poder adquisitivo la restricci\u00f3n dejar\u00e1 de ser de la oferta y pasar\u00e1 a ser de la demanda. El desaf\u00edo de un primer semestre [&hellip;]<\/p>\n","protected":false},"author":1,"featured_media":40593,"comment_status":"open","ping_status":"closed","sticky":false,"template":"","format":"standard","meta":[],"categories":[14],"tags":[],"_links":{"self":[{"href":"http:\/\/nuevacordoba.net\/index.php\/wp-json\/wp\/v2\/posts\/40592"}],"collection":[{"href":"http:\/\/nuevacordoba.net\/index.php\/wp-json\/wp\/v2\/posts"}],"about":[{"href":"http:\/\/nuevacordoba.net\/index.php\/wp-json\/wp\/v2\/types\/post"}],"author":[{"embeddable":true,"href":"http:\/\/nuevacordoba.net\/index.php\/wp-json\/wp\/v2\/users\/1"}],"replies":[{"embeddable":true,"href":"http:\/\/nuevacordoba.net\/index.php\/wp-json\/wp\/v2\/comments?post=40592"}],"version-history":[{"count":0,"href":"http:\/\/nuevacordoba.net\/index.php\/wp-json\/wp\/v2\/posts\/40592\/revisions"}],"wp:featuredmedia":[{"embeddable":true,"href":"http:\/\/nuevacordoba.net\/index.php\/wp-json\/wp\/v2\/media\/40593"}],"wp:attachment":[{"href":"http:\/\/nuevacordoba.net\/index.php\/wp-json\/wp\/v2\/media?parent=40592"}],"wp:term":[{"taxonomy":"category","embeddable":true,"href":"http:\/\/nuevacordoba.net\/index.php\/wp-json\/wp\/v2\/categories?post=40592"},{"taxonomy":"post_tag","embeddable":true,"href":"http:\/\/nuevacordoba.net\/index.php\/wp-json\/wp\/v2\/tags?post=40592"}],"curies":[{"name":"wp","href":"https:\/\/api.w.org\/{rel}","templated":true}]}}