{"id":40598,"date":"2024-01-04T16:56:37","date_gmt":"2024-01-04T16:56:37","guid":{"rendered":"http:\/\/nuevacordoba.net\/index.php\/2024\/01\/04\/tinelli-y-su-familia-mostraran-su-vida-en-un-reality-documental\/"},"modified":"2024-01-04T16:56:37","modified_gmt":"2024-01-04T16:56:37","slug":"tinelli-y-su-familia-mostraran-su-vida-en-un-reality-documental","status":"publish","type":"post","link":"http:\/\/nuevacordoba.net\/index.php\/2024\/01\/04\/tinelli-y-su-familia-mostraran-su-vida-en-un-reality-documental\/","title":{"rendered":"Tinelli y su familia mostrar\u00e1n su vida en un reality documental"},"content":{"rendered":"<figure class=\"mb-3\"><img loading=\"lazy\" data-src=\"http:\/\/nuevacordoba.net\/wp-content\/uploads\/2024\/01\/tinelli-y-su-familia-mostraran-su-vida-en-un-reality-documental.jpg\" src=\"https:\/\/www.telam.com.ar\/assets\/img\/not_image.png\" class=\" lazy \" width=\"100%\" height=\"100%\" alt=\"Tinelli y su familia mostrarn su vida en un reality documental para Prime Video Foto Prensa\"><figcaption> Tinelli y su familia mostrar\u00e1n su vida en un reality documental para Prime Video. Foto: Prensa <\/figcaption><\/figure>\n<p>El conductor, productor y empresario Marcelo Tinelli ser\u00e1, junto a su familia, <strong>el centro de \u201cLos Tinelli\u201d, un reality show documental para la plataforma Prime Video<\/strong> en la que promete ofrecer un vistazo a su intimidad tanto personal como profesional.<\/p>\n<p>\u201cMostrar la intimidad me parece que hoy forma parte de algo lindo, de algo que te acerca a la gente y tambi\u00e9n es algo que une a mi familia\u201d, dice el animador televisivo en un peque\u00f1o \u201cteaser\u201d de 30 segundos ya disponible en el canal en YouTube de Prime Video Latinoam\u00e9rica.<\/p>\n<p>En \u00e9l puede v\u00e9rselo en su lujosa mansi\u00f3n de Punta del Este, en Uruguay, <strong>en distintas situaciones cotidianas junto a varias de sus hijas y su primo, el m\u00fasico Luciano \u201cTirri\u201d Giugno.<\/strong><\/p>\n<div class=\"video_repositive\"> <a class=\"video_sticky\" href=\"javascript:void();\" onclick=\"removeStuckVideo(true);\"><i class=\"far fa-window-close\"><\/i><\/a> <\/p>\n<div id=\"faFV6qDZLCA\" class=\"video_telam\" readability=\"6\">\n<div class=\"feature_article_inner\" readability=\"32\">\n<p><h2 class=\"text-center\">Nuevo Anuncio &#8211; Los Tinelli<\/h2>\n<\/p><\/div>\n<p>VER VIDEO <i class=\"fas fa-play\"><\/i><\/p>\n<\/p><\/div><\/div>\n<p>Seg\u00fan inform\u00f3 la plataforma de streaming a trav\u00e9s de un comunicado de prensa, la serie que ya est\u00e1 en producci\u00f3n es desarrollada por la productora de Tinelli, LaFlia, y <strong>comenzar\u00e1 con el detr\u00e1s de escena de los preparativos de una fiesta de fin de a\u00f1o en la casa del conductor en el pa\u00eds oriental.<\/strong><\/p>\n<p>\u201cConfiamos en que \u2018Los Tinelli\u2019 ser\u00e1 recibida c\u00e1lidamente por la audiencia y estamos emocionados de ver c\u00f3mo el p\u00fablico ahonda de manera m\u00e1s profunda en los integrantes de esta familia, quienes son conocidas figuras p\u00fablicas, y en su modo de vida\u201d, <strong>se\u00f1al\u00f3 a los medios Camila Misas, quien encabeza al equipo de Originales locales de Prime Video.<\/strong><\/p>\n<p>Por su parte, <strong>Juanma Mart\u00ednez Medina, showrunner de la serie, apunt\u00f3: <\/strong>\u201cLo que me sedujo especialmente de este proyecto y me anim\u00f3 a liderarlo fue el desaf\u00edo que me present\u00f3 Marcelo Tinelli en una charla que mantuvimos durante el mundial de Qatar. Me dijo que quer\u00eda que contara c\u00f3mo es \u00e9l realmente, sin filtros\u201d.<\/p>\n<p>Y agreg\u00f3: <strong>\u201cEn \u2018Los Tinelli\u2019 van a descubrir a un Marcelo aut\u00e9ntico, \u00edntimo y nunca antes visto. Lo van a ver en su rol de padre, amigo y pareja\u201d.<\/strong> <\/p>\n","protected":false},"excerpt":{"rendered":"<p>Tinelli y su familia mostrar\u00e1n su vida en un reality documental para Prime Video. Foto: Prensa El conductor, productor y empresario Marcelo Tinelli ser\u00e1, junto a su familia, el centro de \u201cLos Tinelli\u201d, un reality show documental para la plataforma Prime Video en la que promete ofrecer un vistazo a su intimidad tanto personal como [&hellip;]<\/p>\n","protected":false},"author":1,"featured_media":40599,"comment_status":"closed","ping_status":"closed","sticky":false,"template":"","format":"standard","meta":[],"categories":[9],"tags":[],"_links":{"self":[{"href":"http:\/\/nuevacordoba.net\/index.php\/wp-json\/wp\/v2\/posts\/40598"}],"collection":[{"href":"http:\/\/nuevacordoba.net\/index.php\/wp-json\/wp\/v2\/posts"}],"about":[{"href":"http:\/\/nuevacordoba.net\/index.php\/wp-json\/wp\/v2\/types\/post"}],"author":[{"embeddable":true,"href":"http:\/\/nuevacordoba.net\/index.php\/wp-json\/wp\/v2\/users\/1"}],"replies":[{"embeddable":true,"href":"http:\/\/nuevacordoba.net\/index.php\/wp-json\/wp\/v2\/comments?post=40598"}],"version-history":[{"count":0,"href":"http:\/\/nuevacordoba.net\/index.php\/wp-json\/wp\/v2\/posts\/40598\/revisions"}],"wp:featuredmedia":[{"embeddable":true,"href":"http:\/\/nuevacordoba.net\/index.php\/wp-json\/wp\/v2\/media\/40599"}],"wp:attachment":[{"href":"http:\/\/nuevacordoba.net\/index.php\/wp-json\/wp\/v2\/media?parent=40598"}],"wp:term":[{"taxonomy":"category","embeddable":true,"href":"http:\/\/nuevacordoba.net\/index.php\/wp-json\/wp\/v2\/categories?post=40598"},{"taxonomy":"post_tag","embeddable":true,"href":"http:\/\/nuevacordoba.net\/index.php\/wp-json\/wp\/v2\/tags?post=40598"}],"curies":[{"name":"wp","href":"https:\/\/api.w.org\/{rel}","templated":true}]}}