{"id":40602,"date":"2024-01-04T17:41:24","date_gmt":"2024-01-04T17:41:24","guid":{"rendered":"http:\/\/nuevacordoba.net\/index.php\/2024\/01\/04\/emiliano-vecchio-se-aleja-de-racing-por-motivos-personales\/"},"modified":"2024-01-04T17:41:24","modified_gmt":"2024-01-04T17:41:24","slug":"emiliano-vecchio-se-aleja-de-racing-por-motivos-personales","status":"publish","type":"post","link":"http:\/\/nuevacordoba.net\/index.php\/2024\/01\/04\/emiliano-vecchio-se-aleja-de-racing-por-motivos-personales\/","title":{"rendered":"Emiliano Vecchio se aleja de Racing por motivos personales"},"content":{"rendered":"<figure class=\"mb-3\"><img loading=\"lazy\" data-src=\"http:\/\/nuevacordoba.net\/wp-content\/uploads\/2024\/01\/emiliano-vecchio-se-aleja-de-racing-por-motivos-personales.jpg\" src=\"https:\/\/www.telam.com.ar\/assets\/img\/not_image.png\" class=\" lazy \" width=\"100%\" height=\"100%\" alt=\"Foto Maximiliano Luna\"><figcaption> Foto: Maximiliano Luna. <\/figcaption><\/figure>\n<p>El plantel del <strong>Racing Club<\/strong> se entren\u00f3 en la ma\u00f1ana de este jueves en el Predio Tita Matiussi y nuevamente estuvo ausente <strong>Emiliano Vecchio<\/strong>, quien en los pr\u00f3ximos d\u00edas rescindir\u00e1 su contrato con la entidad de Avellaneda por razones personales.<\/p>\n<p><a href=\"https:\/\/www.telam.com.ar\/notas\/202401\/651298-racing-gustavo-costas-entrenador-inicio-pretemporada.html\" target=\"_blank\" rel=\"noopener\">Al mando del entrenador Gustavo Costas<\/a> el equipo se entren\u00f3 a puertas abiertas a la prensa, en el predio y por tercer d\u00eda consecutivo no estuvo presente Vecchio.<\/p>\n<p><strong>La situaci\u00f3n est\u00e1 llegando al l\u00edmite<\/strong> y el mismo exjugador de Rosario Central desea la rescisi\u00f3n del contrato por <strong>motivos personales<\/strong>, por lo tanto en los pr\u00f3ximos d\u00edas se reunir\u00e1 con la dirigencia y todo parece indicar que no seguir\u00e1 en Racing pese a que Costas deseaba su continuidad.<\/p>\n<p>Vecchio jug\u00f3 en Racing 20 partidos, sumando 1.019 minutos, cinco goles y siete asistencias, adem\u00e1s de haber sufrido una <strong>rotura de ligamentos que lo mantuvo casi un a\u00f1o fuera de las canchas<\/strong>.<\/p>\n<p>En tanto, <a href=\"https:\/\/www.telam.com.ar\/notas\/202401\/651433-santiago-solari-racing-refuerzos-proxima-temporada.html\" target=\"_blank\" rel=\"noopener\">el nuevo refuerzo <strong>Santiago Solari<\/strong><\/a>, proveniente de Defensa y Justicia, reci\u00e9n se presentar\u00e1 este viernes en la pretemporada \u00abacad\u00e9mica\u00bb tras haber cumplido con la revisi\u00f3n m\u00e9dica y la firma de su uni\u00f3n contractual.<\/p>\n<p>Con respecto al arquero <strong>Facundo Cambeses<\/strong>, quien ya acord\u00f3 su llegada a Racing proveniente de Banfield, es aguardado por Costas antes del fin de semana para sumarse al plantel una vez concretados los tr\u00e1mites pertinentes.<\/p>\n<blockquote class=\"twitter-tweet\" readability=\"7.7231833910035\">\n<p lang=\"es\" dir=\"ltr\">[ENTRENAMIENTO-JUEVES]<\/p>\n<p>El trabajo se desarroll\u00f3 en el Predio Tita con circuito de pases, ejercicios de posesi\u00f3n y potencia aer\u00f3bica.<br \/>A partir de ma\u00f1ana, la pretemporada se desarrollar\u00e1 en Pilar hasta el viernes 13. <a href=\"https:\/\/t.co\/6uJO37S54z\">pic.twitter.com\/6uJO37S54z<\/a><\/p>\n<p>\u2014 Racing Club (@RacingClub) <a href=\"https:\/\/twitter.com\/RacingClub\/status\/1742932753396773208?ref_src=twsrc%5Etfw\">January 4, 2024<\/a><\/p><\/blockquote>\n<p>Ya se entrenan con el plantel los delantero <strong>Maximiliano Salas<\/strong>, quien viene de jugar en Palestino de Chile, y <strong>Adri\u00e1n \u00abMaravilla\u00bb Mart\u00ednez<\/strong>, quien jug\u00f3 la temporada pasada en Instituto de C\u00f3rdoba.<\/p>\n<p>En cuanto a las ausencias del delantero colombiano Roger Mart\u00ednez y el mediocampista Jonathan G\u00f3mez, ambas est\u00e1n justificas.<\/p>\n<p>El goleador colombiano se tom\u00f3 unos d\u00edas m\u00e1s de descanso a causa de haber jugado un par de partidos en el seleccionado de su pa\u00eds y G\u00f3mez reci\u00e9n regres\u00f3 de sus vacaciones en esta horas aunque su futuro es incierto ya que podr\u00eda ir a jugar a Uni\u00f3n de Santa Fe.<\/p>\n<h2 class>Sigue la b\u00fasqueda de refuerzos<\/h2>\n<p>&nbsp;Racing, que desde este viernes continuar\u00e1 con la pretemporada en el Hotel Hilton de la localidad bonaerense de Pilar, contin\u00faa la b\u00fasqueda de refuerzos.<\/p>\n<p>Costas desea un par de zagueros. La llegada del ex River <strong>Emanuel Mammana es improbable<\/strong> debido a que estar\u00eda muy pr\u00f3ximo a firmar contrato con V\u00e9lez.<\/p>\n<p>La lista de necesidades del entrenador tambi\u00e9n contempla un mediocampista defensivo y los nombres son <strong>Bruno Zuculini<\/strong>, hoy en River pero con chances de volver a Avellaneda de arreglar algunas diferencias econ\u00f3micas, y <strong>Santiago Longo<\/strong> quien se desempe\u00f1a en Belgrano de C\u00f3rdoba.<\/p>\n<p>Asimismo, podr\u00eda emigrar el arquero <strong>Gabriel Arias<\/strong>, quien estar\u00eda en los planes de Nacional de Uruguay y Estudiantes, y ya se despidi\u00f3 de sus compa\u00f1ero el delantero Maximiliano Romero, que se fue a pr\u00e9stamo por a\u00f1o a Pe\u00f1arol de Montevideo con una opci\u00f3n de compra.<\/p>\n<p>Racing, que en esta temporada competir\u00e1 en Copa de la Liga, Copa Argentina, Copa Sudamericana y Liga Profesional, a\u00fan no tiene confirmado partidos amistosos pero en los pr\u00f3ximos d\u00edas habr\u00e1 novedades al respecto.<\/p>\n","protected":false},"excerpt":{"rendered":"<p>Foto: Maximiliano Luna. El plantel del Racing Club se entren\u00f3 en la ma\u00f1ana de este jueves en el Predio Tita Matiussi y nuevamente estuvo ausente Emiliano Vecchio, quien en los pr\u00f3ximos d\u00edas rescindir\u00e1 su contrato con la entidad de Avellaneda por razones personales. Al mando del entrenador Gustavo Costas el equipo se entren\u00f3 a puertas [&hellip;]<\/p>\n","protected":false},"author":1,"featured_media":40603,"comment_status":"closed","ping_status":"closed","sticky":false,"template":"","format":"standard","meta":[],"categories":[10],"tags":[],"_links":{"self":[{"href":"http:\/\/nuevacordoba.net\/index.php\/wp-json\/wp\/v2\/posts\/40602"}],"collection":[{"href":"http:\/\/nuevacordoba.net\/index.php\/wp-json\/wp\/v2\/posts"}],"about":[{"href":"http:\/\/nuevacordoba.net\/index.php\/wp-json\/wp\/v2\/types\/post"}],"author":[{"embeddable":true,"href":"http:\/\/nuevacordoba.net\/index.php\/wp-json\/wp\/v2\/users\/1"}],"replies":[{"embeddable":true,"href":"http:\/\/nuevacordoba.net\/index.php\/wp-json\/wp\/v2\/comments?post=40602"}],"version-history":[{"count":0,"href":"http:\/\/nuevacordoba.net\/index.php\/wp-json\/wp\/v2\/posts\/40602\/revisions"}],"wp:featuredmedia":[{"embeddable":true,"href":"http:\/\/nuevacordoba.net\/index.php\/wp-json\/wp\/v2\/media\/40603"}],"wp:attachment":[{"href":"http:\/\/nuevacordoba.net\/index.php\/wp-json\/wp\/v2\/media?parent=40602"}],"wp:term":[{"taxonomy":"category","embeddable":true,"href":"http:\/\/nuevacordoba.net\/index.php\/wp-json\/wp\/v2\/categories?post=40602"},{"taxonomy":"post_tag","embeddable":true,"href":"http:\/\/nuevacordoba.net\/index.php\/wp-json\/wp\/v2\/tags?post=40602"}],"curies":[{"name":"wp","href":"https:\/\/api.w.org\/{rel}","templated":true}]}}