{"id":40606,"date":"2024-01-03T21:23:10","date_gmt":"2024-01-03T21:23:10","guid":{"rendered":"https:\/\/www.ole.com.ar\/autos\/dakar-2024-ajuste-argentinos-corren_0_174mYk6SAF.html"},"modified":"2024-01-03T21:23:10","modified_gmt":"2024-01-03T21:23:10","slug":"el-ajuste-llego-al-dakar-2024-cuantos-argentinos-lo-correran","status":"publish","type":"post","link":"http:\/\/nuevacordoba.net\/index.php\/2024\/01\/03\/el-ajuste-llego-al-dakar-2024-cuantos-argentinos-lo-correran\/","title":{"rendered":"El ajuste lleg\u00f3 al Dakar 2024: \u00bfcu\u00e1ntos argentinos lo correr\u00e1n?"},"content":{"rendered":"<p><time class=\"createDate\" datetime=\"2024-01-03T18:23:10-03:00\">03\/01\/2024 18:23hs.<\/time><time class=\"modificatedDate\" datetime=\"2024-01-03T19:08:12-03:00\"> Actualizado al 03\/01\/2024 19:08hs.<\/time><\/p>\n<div id=\"storyBody\">\n<div class=\"custom-text \" readability=\"36.434250764526\">\n<p>El ajuste tras n\u00edtidos a\u00f1os de problemas econ\u00f3micos en la Argentina lleg\u00f3 a los bolsillos de los participantes habituales del <a href=\"https:\/\/www.ole.com.ar\/tema\/dakar.html\" title=\"Dakar\" alt=\"Dakar\" class=\"slug\">Dakar<\/a>, el rally m\u00e1s exigente del calendario mundial, <strong>que vuelve a correrse en Arabia Saudita y larga este viernes.<\/strong> Esta es la raz\u00f3n m\u00e1s saliente para que la delegaci\u00f3n nacional se vea reducida.<\/p>\n<\/div>\n<div class=\"custom-text \" readability=\"39\">\n<p>De los 31 participantes argentos en el 2023,<strong> ahora hay anotados solo 20<\/strong>, con otra diferencia: de la cifra hace un a\u00f1o, 20 eran pilotos (incluidos los motociclistas y quienes llevaron cuatriciclos, naturalmente), y ahora son 12. <strong>El Dakar se correr\u00e1 hasta el 19 de enero a trav\u00e9s de 15 etapas<\/strong>.<\/p>\n<\/div>\n<div class=\"custom-text \" readability=\"33.453296703297\">\n<p>Los que mantuvieron el mismo n\u00famero son los que ir\u00e1n en moto: cinco. Repiten los hermanos Kevin y Luciano Benavides m\u00e1s Diego Llanos; se agregan Juan Rost\u00e1n y Sebasti\u00e1n Urqu\u00eda y faltan los Caimi, Franco y Stefano. Kevin, que defender\u00e1 el t\u00edtulo, <a href=\"https:\/\/www.ole.com.ar\/tema\/FllZqpkpeL.html\" target=\"_self\" title=\"viene de padecer tres fracturas en el a\u00f1o\" alt=\"viene de padecer tres fracturas en el a\u00f1o\" rel=\"noopener\">viene de padecer tres fracturas en el a\u00f1o<\/a>, con su hermano Luciano, <a href=\"https:\/\/www.ole.com.ar\/tema\/WvbUsOsus6.html\" target=\"_self\" title=\"campe\u00f3n mundial de rally\" alt=\"campe\u00f3n mundial de rally\" rel=\"noopener\">campe\u00f3n mundial de rally<\/a>, son candidatos. <\/p>\n<\/div>\n<div class=\"sc-e7b891c4-0 jPbnQF\"><img alt=\"Kevin Benavides, campe\u00f3n del 2021 y 2023 (foto).\" src=\"http:\/\/nuevacordoba.net\/wp-content\/uploads\/2024\/01\/el-ajuste-llego-al-dakar-2024-cuantos-argentinos-lo-correran.jpg\" width=\"720\" height=\"100\" decoding=\"async\" data-nimg=\"future\" loading=\"lazy\"><span class=\"epigraphe\">Kevin Benavides, campe\u00f3n del 2021 y 2023 (foto).<\/span><\/div>\n<div class=\"custom-text \" readability=\"44\">\n<p>En cuatri, categor\u00eda que le ha dado siete t\u00edtulos a los argentinos (cinco de los hermanos Patronelli: tres de Marcos y dos de Alejandro), <strong>se mantiene un campe\u00f3n, Manuel And\u00fajar, que festej\u00f3 en el 2021 y abandon\u00f3 en el 2022 y 2023, y tambi\u00e9n repite Francisco Moreno Flores<\/strong>, subcampe\u00f3n del a\u00f1o pasado. Correr\u00e1n solo ellos dos, cuando la temporada pasada eran seis. Los que no viajaron son: Carlos Verza, Pablo Copetti, Julio Estanguet y Alejandro Fantoni.<\/p>\n<\/div>\n<div class=\"custom-text \" readability=\"39\">\n<p><strong>La sangr\u00eda mayor se da en los autos, con apenas Juan Cruz Yacopini como representante en la divisi\u00f3n m\u00e1s importante<\/strong> que esta vez no tendr\u00e1 a los mendocinos Orlando Terranova ni a Sebasti\u00e1n Halpern. Orly, el mejor nacional en coches con el cuarto puesto en el 2022, dijo que prefiri\u00f3 tomarse un descanso, mientras que su coprovinciano tiene ausente por la \u00abfalta de competitividad\u00bb del MINI perteneciente al X-Raid.<\/p>\n<\/div>\n<div class=\"sc-e7b891c4-0 jPbnQF\"><img alt=\"Luciano Benavides, campe\u00f3n del mundo en rally.\" src=\"http:\/\/nuevacordoba.net\/wp-content\/uploads\/2024\/01\/el-ajuste-llego-al-dakar-2024-cuantos-argentinos-lo-correran-1.jpg\" width=\"720\" height=\"100\" decoding=\"async\" data-nimg=\"future\" loading=\"lazy\"><span class=\"epigraphe\">Luciano Benavides, campe\u00f3n del mundo en rally.<\/span><\/div>\n<div class=\"custom-text \" readability=\"43\">\n<p>La mayor cantidad <strong>se da en las divisiones menores de los autos<\/strong>, englobadas en los \u00abveh\u00edculos livianos\u00bb, pero de los nueve anotados, solo dos son pilotos (<strong>Nicol\u00e1s Cavigliasso, campe\u00f3n 2019 en cuatri, y David Zille<\/strong>), y los otros siete, navegantes. El tr\u00edo que falta para completar la veintena se agrega con las apariciones de los Classic (autos de las d\u00e9cadas del 80 y 90) y Mission 1000, los propulsados por energ\u00edas renovables. No hay representantes nacionales en camiones.<\/p>\n<\/div>\n<div class=\"sc-e7b891c4-0 jPbnQF\"><img alt=\"Juan Cruz Yacopini llev\u00f3 el \u00fanico coche, una Toyota.\" src=\"http:\/\/nuevacordoba.net\/wp-content\/uploads\/2024\/01\/el-ajuste-llego-al-dakar-2024-cuantos-argentinos-lo-correran-2.jpg\" width=\"720\" height=\"100\" decoding=\"async\" data-nimg=\"future\" loading=\"lazy\"><span class=\"epigraphe\">Juan Cruz Yacopini llev\u00f3 el \u00fanico coche, una Toyota.<\/span><\/div>\n<div class=\"custom-text \" readability=\"44\">\n<p>Los participantes y equipos del Dakar <strong>se encuentran en la ciudad milenaria de Al-Ula, en un amplio campamento de apertura, y se preparan para tomar la salida de un pr\u00f3logo de 29 kil\u00f3metros este viernes <\/strong>antes de abordar un recorrido exigente, seg\u00fan anunci\u00f3 el director de la prueba, David Castera, desde los primeros d\u00edas. Seg\u00fan adelant\u00f3 Kevin Benavides en <strong>Ol\u00e9<\/strong>, por ejemplo, se espera que haya muchas m\u00e1s piedras que el a\u00f1o pasado. Adem\u00e1s, debuta la etapa de 48 horas, que ser\u00e1 la sexta.<\/p>\n<\/div>\n<p><h2>Los 20 argentinos<\/h2>\n<\/p>\n<p><h3>Motos<\/h3>\n<\/p>\n<div class=\"custom-text \">\n<p>1 Luciano Benavides<\/p>\n<\/div>\n<div class=\"custom-text \">\n<p>41 Diego Gamaniel Llanos<\/p>\n<\/div>\n<div class=\"custom-text \">\n<p>47 Kevin Benavides<\/p>\n<\/div>\n<div class=\"custom-text \">\n<p>99 Juan Santiago Rost\u00e1n<\/p>\n<\/div>\n<div class=\"custom-text \" readability=\"32\">\n<p>113 Sebasti\u00e1n Alberto Urqu\u00eda<\/p>\n<\/div>\n<div class=\"sc-e7b891c4-0 jPbnQF\"><img alt=\"Manuel And\u00fajar es campe\u00f3n 2021 en cuatri.\" src=\"http:\/\/nuevacordoba.net\/wp-content\/uploads\/2024\/01\/el-ajuste-llego-al-dakar-2024-cuantos-argentinos-lo-correran-3.jpg\" width=\"720\" height=\"100\" decoding=\"async\" data-nimg=\"future\" loading=\"lazy\"><span class=\"epigraphe\">Manuel And\u00fajar es campe\u00f3n 2021 en cuatri.<\/span><\/div>\n<p><h3>Cuatriciclos<\/h3>\n<\/p>\n<div class=\"custom-text \" readability=\"32\">\n<p>173 Francisco Moreno Flores<\/p>\n<\/div>\n<div class=\"custom-text \">\n<p>174 Manuel And\u00fajar<\/p>\n<\/div>\n<div class=\"sc-e7b891c4-0 jPbnQF\"><img alt=\"Ausencia de peso: Orlando Terranova.\" src=\"http:\/\/nuevacordoba.net\/wp-content\/uploads\/2024\/01\/el-ajuste-llego-al-dakar-2024-cuantos-argentinos-lo-correran-4.jpg\" width=\"720\" height=\"100\" decoding=\"async\" data-nimg=\"future\" loading=\"lazy\"><span class=\"epigraphe\">Ausencia de peso: Orlando Terranova.<\/span><\/div>\n<p><h3>Autos (piloto\/copiloto)<\/h3>\n<\/p>\n<div class=\"custom-text \" readability=\"32\">\n<p>205 Juan Cruz Yacopini &#8211; Dani Oliveras (Esp)<\/p>\n<\/div>\n<div class=\"custom-text \">\n<p><strong>Challenger<\/strong><\/p>\n<\/div>\n<div class=\"custom-text \" readability=\"32\">\n<p>308 David Zille &#8211; Sebasti\u00e1n Cezana<\/p>\n<\/div>\n<div class=\"custom-text \" readability=\"32\">\n<p>312 Nicol\u00e1s Cavigliasso &#8211; Valeria Pertegarini<\/p>\n<\/div>\n<div class=\"custom-text \" readability=\"32\">\n<p>315 Ricardo Porem (Por) &#8211; Augusto Sanz<\/p>\n<\/div>\n<div class=\"custom-text \" readability=\"32\">\n<p>332 Javier V\u00e9lez (Col) &#8211; Gast\u00f3n Ariel Mattarucco<\/p>\n<\/div>\n<div class=\"sc-e7b891c4-0 jPbnQF\"><img alt=\"El mapa del Dakar.\" src=\"http:\/\/nuevacordoba.net\/wp-content\/uploads\/2024\/01\/el-ajuste-llego-al-dakar-2024-cuantos-argentinos-lo-correran-5.jpg\" width=\"720\" height=\"100\" decoding=\"async\" data-nimg=\"future\" loading=\"lazy\"><span class=\"epigraphe\">El mapa del Dakar.<\/span><\/div>\n<div class=\"custom-text \" readability=\"32\">\n<p>409 Sebasti\u00e1n Guayasamin (Ecu) &#8211; Fernando Mat\u00edas Acosta<\/p>\n<\/div>\n<div class=\"custom-text \" readability=\"32\">\n<p>429 Cristina Giampaoli (Ita) &#8211; Ricardo Adri\u00e1n Torlaschi<\/p>\n<\/div>\n<div class=\"custom-text \" readability=\"32\">\n<p>442 Enrico Gaspari (Ita) &#8211; Facundo Jaton Polaris<\/p>\n<\/div>\n<p><h3>Classic (piloto\/copiloto)<\/h3>\n<\/p>\n<div class=\"custom-text \" readability=\"32\">\n<p>749 Jorge P\u00e9rez Companc &#8211; Jos\u00e9 Mar\u00eda Volta<\/p>\n<\/div>\n<p><h3>Mission 1000 (piloto\/copiloto)<\/h3>\n<\/p>\n<div class=\"custom-text \" readability=\"32\">\n<p>1020 Jamie Campbell (USA) &#8211; Bruno Jacomy<\/p>\n<\/div>\n<div class=\"sc-a7166897-0 exHLBh\" readability=\"6\">\n<section readability=\"2\"><picture><img alt=\"Kevin Benavides y el Dakar: \u201cNadie entren\u00f3 tanto el sufrimiento como yo\u201d\" src=\"http:\/\/nuevacordoba.net\/wp-content\/uploads\/2024\/01\/el-ajuste-llego-al-dakar-2024-cuantos-argentinos-lo-correran-6.jpg\" width=\"290\" height=\"290\" decoding=\"async\" data-nimg=\"future\" loading=\"lazy\"><\/picture>\n<p><span>Mir\u00e1 tambi\u00e9n<\/span><\/p>\n<hr>\n<h3>Kevin Benavides y el Dakar: \u201cNadie entren\u00f3 tanto el sufrimiento como yo\u201d<\/h3>\n<\/p>\n<\/section>\n<\/div>\n<div class=\"sc-a7166897-0 exHLBh\" readability=\"6\">\n<section readability=\"2\"><picture><img alt=\"Luciano Benavides: de ser candidato a este Dakar a la promesa incumplida a su mam\u00e1\" src=\"http:\/\/nuevacordoba.net\/wp-content\/uploads\/2024\/01\/el-ajuste-llego-al-dakar-2024-cuantos-argentinos-lo-correran-7.jpg\" width=\"290\" height=\"290\" decoding=\"async\" data-nimg=\"future\" loading=\"lazy\"><\/picture>\n<p><span>Mir\u00e1 tambi\u00e9n<\/span><\/p>\n<hr>\n<h3>Luciano Benavides: de ser candidato a este Dakar a la promesa incumplida a su mam\u00e1<\/h3>\n<\/p>\n<\/section>\n<\/div>\n<div class=\"sc-a7166897-0 exHLBh\" readability=\"6\">\n<section readability=\"2\"><picture><img alt=\"Otro argentino probar\u00e1 un auto de F\u00f3rmula 1: &quot;Es un sue\u00f1o que se est\u00e1 cumpliendo&quot;\" src=\"http:\/\/nuevacordoba.net\/wp-content\/uploads\/2024\/01\/el-ajuste-llego-al-dakar-2024-cuantos-argentinos-lo-correran-8.jpg\" width=\"290\" height=\"290\" decoding=\"async\" data-nimg=\"future\" loading=\"lazy\"><\/picture>\n<p><span>Mir\u00e1 tambi\u00e9n<\/span><\/p>\n<hr>\n<h3>Otro argentino probar\u00e1 un auto de F\u00f3rmula 1: \u00abEs un sue\u00f1o que se est\u00e1 cumpliendo\u00bb<\/h3>\n<\/p>\n<\/section>\n<\/div>\n<\/div>\n","protected":false},"excerpt":{"rendered":"<p>03\/01\/2024 18:23hs. Actualizado al 03\/01\/2024 19:08hs. El ajuste tras n\u00edtidos a\u00f1os de problemas econ\u00f3micos en la Argentina lleg\u00f3 a los bolsillos de los participantes habituales del Dakar, el rally m\u00e1s exigente del calendario mundial, que vuelve a correrse en Arabia Saudita y larga este viernes. Esta es la raz\u00f3n m\u00e1s saliente para que la delegaci\u00f3n [&hellip;]<\/p>\n","protected":false},"author":1,"featured_media":40607,"comment_status":"closed","ping_status":"closed","sticky":false,"template":"","format":"standard","meta":[],"categories":[10],"tags":[],"_links":{"self":[{"href":"http:\/\/nuevacordoba.net\/index.php\/wp-json\/wp\/v2\/posts\/40606"}],"collection":[{"href":"http:\/\/nuevacordoba.net\/index.php\/wp-json\/wp\/v2\/posts"}],"about":[{"href":"http:\/\/nuevacordoba.net\/index.php\/wp-json\/wp\/v2\/types\/post"}],"author":[{"embeddable":true,"href":"http:\/\/nuevacordoba.net\/index.php\/wp-json\/wp\/v2\/users\/1"}],"replies":[{"embeddable":true,"href":"http:\/\/nuevacordoba.net\/index.php\/wp-json\/wp\/v2\/comments?post=40606"}],"version-history":[{"count":0,"href":"http:\/\/nuevacordoba.net\/index.php\/wp-json\/wp\/v2\/posts\/40606\/revisions"}],"wp:featuredmedia":[{"embeddable":true,"href":"http:\/\/nuevacordoba.net\/index.php\/wp-json\/wp\/v2\/media\/40607"}],"wp:attachment":[{"href":"http:\/\/nuevacordoba.net\/index.php\/wp-json\/wp\/v2\/media?parent=40606"}],"wp:term":[{"taxonomy":"category","embeddable":true,"href":"http:\/\/nuevacordoba.net\/index.php\/wp-json\/wp\/v2\/categories?post=40606"},{"taxonomy":"post_tag","embeddable":true,"href":"http:\/\/nuevacordoba.net\/index.php\/wp-json\/wp\/v2\/tags?post=40606"}],"curies":[{"name":"wp","href":"https:\/\/api.w.org\/{rel}","templated":true}]}}