{"id":40608,"date":"2024-01-04T17:13:02","date_gmt":"2024-01-04T17:13:02","guid":{"rendered":"https:\/\/prensa.cba.gov.ar\/?p=581799"},"modified":"2024-01-04T17:13:02","modified_gmt":"2024-01-04T17:13:02","slug":"llaryora-hay-que-colaborar-y-dar-gobernabilidad-pero-la-suba-de-las-retenciones-es-un-error","status":"publish","type":"post","link":"http:\/\/nuevacordoba.net\/index.php\/2024\/01\/04\/llaryora-hay-que-colaborar-y-dar-gobernabilidad-pero-la-suba-de-las-retenciones-es-un-error\/","title":{"rendered":"Llaryora: \u00abHay que colaborar y dar gobernabilidad, pero la suba de las retenciones es un error\u00bb"},"content":{"rendered":"<div><img src=\"http:\/\/nuevacordoba.net\/wp-content\/uploads\/2024\/01\/llaryora-hay-que-colaborar-y-dar-gobernabilidad-pero-la-suba-de-las-retenciones-es-un-error.jpg\" class=\"ff-og-image-inserted\"><\/div>\n<ul>\n<li><strong>El gobernador anticip\u00f3 su negativa a la medida que busca aplicar el Gobierno nacional.&nbsp;<\/strong><\/li>\n<li><strong>En ese sentido, el mandatario reiter\u00f3 su acompa\u00f1amiento en la b\u00fasqueda de consensos, pero aclar\u00f3 que siempre estar\u00e1 del lado de los sectores productivos.&nbsp;<\/strong><\/li>\n<li><strong><em>\u00abLas retenciones fueron, son y ser\u00e1n un p\u00e9simo impuesto\u201d, <\/em>agreg\u00f3.<\/strong><\/li>\n<\/ul>\n<p>El gobernador de la provincia de C\u00f3rdoba, <strong>Mart\u00edn Llaryora<\/strong>, expres\u00f3 su <strong>rechazo a la suba de las retenciones al campo, a las econom\u00edas regionales y sectores industriales.<\/strong><\/p>\n<p><em>\u201cNo me ver\u00e1n a m\u00ed poner palos en la rueda, pero creo que hay decisiones que son negativas, como ponerle retenciones a las econom\u00edas regionales y al campo\u201d<\/em>, defini\u00f3 el mandatario provincial.<\/p>\n<p><em>\u201cHay que colaborar, hay que dar gobernabilidad, pero no voy a apoyar la suba de las retenciones, es una medida err\u00f3nea, yo voy a estar siempre del lado de los sectores productivos,\u201d<\/em> agreg\u00f3.<\/p>\n<p><em>\u201cLas retenciones fueron, son y ser\u00e1n un p\u00e9simo impuesto, y no lo vamos a acompa\u00f1ar\u201d,<\/em> sentenci\u00f3 Llaryora.<\/p>\n<p>Las declaraciones tuvieron lugar durante las actividades que el gobernador desarroll\u00f3 en la localidad de Villa del Totoral, que incluy\u00f3 la primera reuni\u00f3n con cooperativas, mutuales y federaciones de la provincia de C\u00f3rdoba.<\/p>\n<h2 class=\"wp-block-heading\">Busso rechaz\u00f3 la implementaci\u00f3n del 15% de retenciones al man\u00ed<\/h2>\n<p>El ministro de Bioagroindustria,<strong> Sergio Busso<\/strong>, mantuvo una reuni\u00f3n con las autoridades de la C\u00e1mara Argentina del Man\u00ed, Diego Braco y Fabrizio Giraudo, a quienes reiter\u00f3 el rechazo a la implementaci\u00f3n de retenciones a las econom\u00edas regionales, como es el caso del man\u00ed, y a las producciones agropecuarias.<\/p>\n<p><em>\u201cC\u00f3rdoba, como lo viene haciendo desde hace a\u00f1os, rechaza las retenciones agropecuarias porque penalizan a la producci\u00f3n. No convalidamos la decisi\u00f3n pol\u00edtica de implementarlas a las econom\u00edas regionales ni de incrementarlas\u201d,<\/em> dijo Busso.<\/p>\n<p>Cabe recordar que el Gobierno nacional estableci\u00f3 un 15% de derechos de exportaci\u00f3n al man\u00ed, entre otras econom\u00edas regionales.<\/p>\n<p>La producci\u00f3n del man\u00ed est\u00e1 localizada casi en su totalidad en el interior de la provincia; es una econom\u00eda regional fuertemente orientada a la exportaci\u00f3n y la implementaci\u00f3n del 15% de derechos de exportaci\u00f3n afecta a la competitividad internacional de manera directa as\u00ed como tambi\u00e9n al empleo y desarrollo de m\u00e1s de 30 localidades cordobesas.<\/p>\n<p>Desde la instituci\u00f3n explicaron que <em>\u201cno existe ning\u00fan negocio posible que pueda soportar 15% de derechos de exportaci\u00f3n, ya que sus costos se encuentran dolarizados en m\u00e1s del 85% siendo casi nulo, el supuesto beneficio de una devaluaci\u00f3n\u201d<\/em>. Y advirtieron que esto generar\u00e1 <em>\u201cp\u00e9rdida de puestos de trabajo y de todo incentivo para invertir\u201d.<\/em><\/p>\n","protected":false},"excerpt":{"rendered":"<p>El gobernador anticip\u00f3 su negativa a la medida que busca aplicar el Gobierno nacional.&nbsp; En ese sentido, el mandatario reiter\u00f3 su acompa\u00f1amiento en la b\u00fasqueda de consensos, pero aclar\u00f3 que siempre estar\u00e1 del lado de los sectores productivos.&nbsp; \u00abLas retenciones fueron, son y ser\u00e1n un p\u00e9simo impuesto\u201d, agreg\u00f3. El gobernador de la provincia de C\u00f3rdoba, [&hellip;]<\/p>\n","protected":false},"author":1,"featured_media":40609,"comment_status":"closed","ping_status":"closed","sticky":false,"template":"","format":"standard","meta":[],"categories":[14],"tags":[],"_links":{"self":[{"href":"http:\/\/nuevacordoba.net\/index.php\/wp-json\/wp\/v2\/posts\/40608"}],"collection":[{"href":"http:\/\/nuevacordoba.net\/index.php\/wp-json\/wp\/v2\/posts"}],"about":[{"href":"http:\/\/nuevacordoba.net\/index.php\/wp-json\/wp\/v2\/types\/post"}],"author":[{"embeddable":true,"href":"http:\/\/nuevacordoba.net\/index.php\/wp-json\/wp\/v2\/users\/1"}],"replies":[{"embeddable":true,"href":"http:\/\/nuevacordoba.net\/index.php\/wp-json\/wp\/v2\/comments?post=40608"}],"version-history":[{"count":0,"href":"http:\/\/nuevacordoba.net\/index.php\/wp-json\/wp\/v2\/posts\/40608\/revisions"}],"wp:featuredmedia":[{"embeddable":true,"href":"http:\/\/nuevacordoba.net\/index.php\/wp-json\/wp\/v2\/media\/40609"}],"wp:attachment":[{"href":"http:\/\/nuevacordoba.net\/index.php\/wp-json\/wp\/v2\/media?parent=40608"}],"wp:term":[{"taxonomy":"category","embeddable":true,"href":"http:\/\/nuevacordoba.net\/index.php\/wp-json\/wp\/v2\/categories?post=40608"},{"taxonomy":"post_tag","embeddable":true,"href":"http:\/\/nuevacordoba.net\/index.php\/wp-json\/wp\/v2\/tags?post=40608"}],"curies":[{"name":"wp","href":"https:\/\/api.w.org\/{rel}","templated":true}]}}