{"id":40612,"date":"2024-01-04T19:20:44","date_gmt":"2024-01-04T19:20:44","guid":{"rendered":"https:\/\/puntoapunto.com.ar\/?p=355603"},"modified":"2024-01-04T19:20:44","modified_gmt":"2024-01-04T19:20:44","slug":"verano-en-cordoba-la-propuesta-de-capilla-del-monte-para-turistear-en-la-provincia","status":"publish","type":"post","link":"http:\/\/nuevacordoba.net\/index.php\/2024\/01\/04\/verano-en-cordoba-la-propuesta-de-capilla-del-monte-para-turistear-en-la-provincia\/","title":{"rendered":"Verano en C\u00f3rdoba: la propuesta de Capilla del Monte para turistear en la provincia"},"content":{"rendered":"<p>Con la llegada del nuevo a\u00f1o,<strong> C\u00f3rdoba se prepara para recibir una temporada tur\u00edstica que promete superar las expectativas.<\/strong> La provincia, reconocida por sus atractivos naturales y propuestas culturales, atraviesa un buen momento tur\u00edstico que no solo impacta positivamente en la econom\u00eda regional, sino que tambi\u00e9n genera empleo directo e indirecto en toda la provincia.<\/p>\n<p>El pron\u00f3stico para el verano indica que el comportamiento de los visitantes continuar\u00e1 bajo la din\u00e1mica de escapadas espont\u00e1neas, optando principalmente por descansos de fin de semana y paseos naturales\/culturales improvisados en el d\u00eda. En ese sentido,<strong> la provincia se posiciona como el escenario perfecto para aquellos que buscan experiencias aut\u00e9nticas y memorables.<\/strong><\/p>\n<p><img loading=\"lazy\" decoding=\"async\" alt width=\"1000\" height=\"625\" data-sizes=\"(max-width: 1000px) 100vw, 1000px\" class=\"aligncenter wp-image-355614 size-full lazyload\" src=\"http:\/\/nuevacordoba.net\/wp-content\/uploads\/2024\/01\/verano-en-cordoba-la-propuesta-de-capilla-del-monte-para-turistear-en-la-provincia-1.jpg\" srcset=\"http:\/\/nuevacordoba.net\/wp-content\/uploads\/2024\/01\/verano-en-cordoba-la-propuesta-de-capilla-del-monte-para-turistear-en-la-provincia-1.jpg 1000w, http:\/\/nuevacordoba.net\/wp-content\/uploads\/2024\/01\/verano-en-cordoba-la-propuesta-de-capilla-del-monte-para-turistear-en-la-provincia-4.jpg 300w, http:\/\/nuevacordoba.net\/wp-content\/uploads\/2024\/01\/verano-en-cordoba-la-propuesta-de-capilla-del-monte-para-turistear-en-la-provincia-5.jpg 768w, http:\/\/nuevacordoba.net\/wp-content\/uploads\/2024\/01\/verano-en-cordoba-la-propuesta-de-capilla-del-monte-para-turistear-en-la-provincia-6.jpg 750w\"><\/p>\n<p>Como cada a\u00f1o, se destacan cientos de fiestas y festivales que se desarrollan a lo largo y ancho del territorio provincial, movilizando miles de personas y motorizando el movimiento tur\u00edstico. As\u00ed es el caso de <strong>Capilla del Monte<\/strong> que se consolida como uno de los destinos m\u00e1s elegidos de la provincia de C\u00f3rdoba.<\/p>\n<p>El encanto de lo natural se fusiona con la m\u00edstica en atractivos imperdibles como el<strong> Cerro Uritorco, los Terrones y Ongamira.<\/strong> Adem\u00e1s, siendo una de las ciudades m\u00e1s longevas de C\u00f3rdoba, durante el verano el Municipio propone visitas guiadas a lo largo de edificios que dejaron huella a lo largo de su historia<strong>: Noche de las casonas y Atardecer en los Castillos.<\/strong><\/p>\n<p><strong>Tambi\u00e9n se dise\u00f1\u00f3 una agenda de actividades recreativas para cada d\u00eda de la temporada de verano:<\/strong><\/p>\n<p>Todos los mi\u00e9rcoles y viernes&nbsp;<strong>Senderismo al atardecer<\/strong><\/p>\n<ul>\n<li>10\/1 y 24\/1&nbsp;<strong>Camino del Productor<\/strong>: recorrido por talleres de productores locales.<\/li>\n<li>11\/1 Astroturismo<\/li>\n<li>16\/1<strong> Noche de las Casonas:<\/strong> Circuito guiado a lo largo de edificios hist\u00f3ricos de la ciudad<\/li>\n<li>18\/1 Observaci\u00f3n de aves<\/li>\n<li>25\/1 Caminata de luna llena<\/li>\n<li>27\/1<strong> Atardecer en los Castillos:<\/strong> Circuito guiado a lo largo de edificios hist\u00f3ricos de la ciudad<\/li>\n<li>12\/2 Festival alien\u00edgena<\/li>\n<\/ul>\n<p><img loading=\"lazy\" decoding=\"async\" alt width=\"2560\" height=\"1811\" data-sizes=\"(max-width: 2560px) 100vw, 2560px\" class=\"aligncenter wp-image-355620 size-full lazyload\" src=\"http:\/\/nuevacordoba.net\/wp-content\/uploads\/2024\/01\/verano-en-cordoba-la-propuesta-de-capilla-del-monte-para-turistear-en-la-provincia-2.jpg\" srcset=\"http:\/\/nuevacordoba.net\/wp-content\/uploads\/2024\/01\/verano-en-cordoba-la-propuesta-de-capilla-del-monte-para-turistear-en-la-provincia-2.jpg 2560w, http:\/\/nuevacordoba.net\/wp-content\/uploads\/2024\/01\/verano-en-cordoba-la-propuesta-de-capilla-del-monte-para-turistear-en-la-provincia-7.jpg 300w, http:\/\/nuevacordoba.net\/wp-content\/uploads\/2024\/01\/verano-en-cordoba-la-propuesta-de-capilla-del-monte-para-turistear-en-la-provincia-8.jpg 1024w, http:\/\/nuevacordoba.net\/wp-content\/uploads\/2024\/01\/verano-en-cordoba-la-propuesta-de-capilla-del-monte-para-turistear-en-la-provincia-9.jpg 768w, http:\/\/nuevacordoba.net\/wp-content\/uploads\/2024\/01\/verano-en-cordoba-la-propuesta-de-capilla-del-monte-para-turistear-en-la-provincia-10.jpg 1536w, http:\/\/nuevacordoba.net\/wp-content\/uploads\/2024\/01\/verano-en-cordoba-la-propuesta-de-capilla-del-monte-para-turistear-en-la-provincia-11.jpg 2048w, http:\/\/nuevacordoba.net\/wp-content\/uploads\/2024\/01\/verano-en-cordoba-la-propuesta-de-capilla-del-monte-para-turistear-en-la-provincia-12.jpg 120w, http:\/\/nuevacordoba.net\/wp-content\/uploads\/2024\/01\/verano-en-cordoba-la-propuesta-de-capilla-del-monte-para-turistear-en-la-provincia-13.jpg 750w, http:\/\/nuevacordoba.net\/wp-content\/uploads\/2024\/01\/verano-en-cordoba-la-propuesta-de-capilla-del-monte-para-turistear-en-la-provincia-14.jpg 1140w\"><\/p>\n<p>Consult\u00e1 la agenda completa y m\u00e1s informaci\u00f3n sobre el destino en&nbsp;<a href=\"http:\/\/www.turismocapilla.gob.ar\/\" data-saferedirecturl=\"https:\/\/www.google.com\/url?q=http:\/\/www.turismocapilla.gob.ar&amp;source=gmail&amp;ust=1704482446130000&amp;usg=AOvVaw1n0GHBS0kf0ewo9leBFzHa\">www.turismocapilla.gob.ar<\/a>&nbsp;o v\u00eda whatsapp al 3548569415<\/p>\n<footer class=\"author-bio-section\">\n<p class=\"author-name\">Punto a Punto<\/p>\n<p class=\"author-image\"><img loading=\"lazy\" alt height=\"90\" width=\"90\" class=\"avatar avatar-90 photo lazyload\" src=\"http:\/\/nuevacordoba.net\/wp-content\/uploads\/2024\/01\/verano-en-cordoba-la-propuesta-de-capilla-del-monte-para-turistear-en-la-provincia-3.jpg\" srcset=\"http:\/\/nuevacordoba.net\/wp-content\/uploads\/2024\/01\/verano-en-cordoba-la-propuesta-de-capilla-del-monte-para-turistear-en-la-provincia-3.jpg 2x\"><\/p>\n<p class=\"author-bio\">El medio de los negocios<\/p>\n<p> <a href=\"https:\/\/puntoapunto.com.ar\/cdn-cgi\/l\/email-protection#117076646265787f516170613f727e7c3f7063\" target=\"_blank\" rel=\"nofollow noopener\" title=\"E-mail\" class=\"tooltip\"><i class=\"fa fa-envelope-square fa-2x\"><\/i> <\/a> <a href=\"https:\/\/es-la.facebook.com\/puntoapuntook\/\" target=\"_blank\" rel=\"nofollow noopener\" title=\"Facebook\" class=\"tooltip\"><i class=\"fa fa-facebook-official fa-2x\"><\/i> <\/a> <a href=\"http:\/\/@puntoapuntocba\" target=\"_blank\" rel=\"nofollow noopener\" title=\"Twitter\" class=\"tooltip\"><i class=\"fa fa-twitter-square fa-2x\"><\/i> <\/a> <a href=\"https:\/\/ar.linkedin.com\/company\/punto-a-punto-crdoba\" target=\"_blank\" rel=\"nofollow noopener\" title=\"LinkedIn\" class=\"tooltip\"><i class=\"fa fa-linkedin-square fa-2x\"><\/i> <\/a> <a href=\"https:\/\/www.youtube.com\/c\/PuntoaPuntoARG\" target=\"_blank\" rel=\"nofollow noopener\" title=\"Youtube\" class=\"tooltip\"><i class=\"fa fa-youtube-square fa-2x\"><\/i> <\/a><\/footer>\n","protected":false},"excerpt":{"rendered":"<p>Con la llegada del nuevo a\u00f1o, C\u00f3rdoba se prepara para recibir una temporada tur\u00edstica que promete superar las expectativas. La provincia, reconocida por sus atractivos naturales y propuestas culturales, atraviesa un buen momento tur\u00edstico que no solo impacta positivamente en la econom\u00eda regional, sino que tambi\u00e9n genera empleo directo e indirecto en toda la provincia. [&hellip;]<\/p>\n","protected":false},"author":1,"featured_media":40613,"comment_status":"open","ping_status":"closed","sticky":false,"template":"","format":"standard","meta":[],"categories":[14,11],"tags":[],"_links":{"self":[{"href":"http:\/\/nuevacordoba.net\/index.php\/wp-json\/wp\/v2\/posts\/40612"}],"collection":[{"href":"http:\/\/nuevacordoba.net\/index.php\/wp-json\/wp\/v2\/posts"}],"about":[{"href":"http:\/\/nuevacordoba.net\/index.php\/wp-json\/wp\/v2\/types\/post"}],"author":[{"embeddable":true,"href":"http:\/\/nuevacordoba.net\/index.php\/wp-json\/wp\/v2\/users\/1"}],"replies":[{"embeddable":true,"href":"http:\/\/nuevacordoba.net\/index.php\/wp-json\/wp\/v2\/comments?post=40612"}],"version-history":[{"count":0,"href":"http:\/\/nuevacordoba.net\/index.php\/wp-json\/wp\/v2\/posts\/40612\/revisions"}],"wp:featuredmedia":[{"embeddable":true,"href":"http:\/\/nuevacordoba.net\/index.php\/wp-json\/wp\/v2\/media\/40613"}],"wp:attachment":[{"href":"http:\/\/nuevacordoba.net\/index.php\/wp-json\/wp\/v2\/media?parent=40612"}],"wp:term":[{"taxonomy":"category","embeddable":true,"href":"http:\/\/nuevacordoba.net\/index.php\/wp-json\/wp\/v2\/categories?post=40612"},{"taxonomy":"post_tag","embeddable":true,"href":"http:\/\/nuevacordoba.net\/index.php\/wp-json\/wp\/v2\/tags?post=40612"}],"curies":[{"name":"wp","href":"https:\/\/api.w.org\/{rel}","templated":true}]}}