{"id":40614,"date":"2024-01-05T03:58:38","date_gmt":"2024-01-05T03:58:38","guid":{"rendered":"http:\/\/nuevacordoba.net\/index.php\/2024\/01\/05\/variadas-propuestas-artisticas-en-los-espacios-municipales-de-mar-del-plata\/"},"modified":"2024-01-05T03:58:38","modified_gmt":"2024-01-05T03:58:38","slug":"variadas-propuestas-artisticas-en-los-espacios-municipales-de-mar-del-plata","status":"publish","type":"post","link":"http:\/\/nuevacordoba.net\/index.php\/2024\/01\/05\/variadas-propuestas-artisticas-en-los-espacios-municipales-de-mar-del-plata\/","title":{"rendered":"Variadas propuestas art\u00edsticas en los espacios municipales de Mar del Plata"},"content":{"rendered":"<figure class=\"mb-3\"><img loading=\"lazy\" data-src=\"http:\/\/nuevacordoba.net\/wp-content\/uploads\/2024\/01\/variadas-propuestas-artisticas-en-los-espacios-municipales-de-mar-del-plata.jpg\" src=\"https:\/\/www.telam.com.ar\/assets\/img\/not_image.png\" class=\" lazy \" width=\"100%\" height=\"100%\" alt=\"Las actividades comienzan este fin de semana Foto Diego Izquierdo\"><figcaption> Las actividades comienzan este fin de semana \/ Foto: Diego Izquierdo. <\/figcaption><\/figure>\n<p>Las salas y escenarios municipales del municipio de General Pueyrredon proponen diversas alternativas teatrales, musicales, de danza y humor en este primer fin de semana del a\u00f1o en Mar del Plata que tendr\u00e1 epicentro en espacios como el Teatro Col\u00f3n, el Centro Cultural Osvaldo Soriano, y el jard\u00edn de Villa Victoria.<\/p>\n<p>Durante enero y febrero los espacios culturales gestionados por el Ente Municipal de Turismo y Cultura contar\u00e1n con una voluminosa agenda de eventos y espect\u00e1culos que recorren diferentes expresiones art\u00edsticas.<\/p>\n<p><strong>Este viernes<\/strong> a las 21, el d\u00fao compuesto por el psicoanalista y poeta, Antonio Pugliese, y el m\u00fasico y compositor, Sebasti\u00e1n Echarry, pondr\u00e1 en escena un espect\u00e1culo de m\u00fasica y poes\u00eda titulado \u00abBajo un mismo cielo\u00bb en Villa Victoria, el espacio ubicado en Matheu al 1800.<\/p>\n<p>A la misma hora pero en el Teatro Col\u00f3n de la calle Hip\u00f3lito Yrigoyen al 1600 se presentar\u00e1 el musical \u00abSi yo tuviera el coraz\u00f3n\u00bb, con Ricardo M\u00e9ndez, Silvia Sab, el acompa\u00f1amiento musical del maestro Oscar Salomoni en piano, C\u00e9sar Monz\u00f3n en guitarra y Valent\u00edn Navarro en bandone\u00f3n.<\/p>\n<p>Se trata de una obra con intensos di\u00e1logos y un recorrido musical por nuestra m\u00fasica ciudadana en la que se recordar\u00e1n a mujeres del tango como Grisel, Mar\u00eda, Malena o Mar\u00eda de Buenos Aires.<\/p>\n<p>A su t\u00e9rmino, a las 23.30, llegar\u00e1 a esa m\u00edtica sala el espect\u00e1culo de Omar Capacci, \u00abSos el humor de mi vida\u00bb, en la que cinco parejas cuentan sus historias en tono de comedia y abordan diferentes situaciones que viven las relaciones sentimentales en la actualidad.<\/p>\n<p>En este mismo espacio, <strong>el s\u00e1bado<\/strong> habr\u00e1 dos funciones: a las 21 con la Compa\u00f1\u00eda de danza Tango Furia que dirige Emmanuel Mar\u00edn que presentar\u00e1 \u00abLos or\u00edgenes del tango\u00bb, con diversas escenas que recorren los temas m\u00e1s emblem\u00e1ticos del repertorio tanguero en la voz por la cantante Marisa Holman.<\/p>\n<p>La otra funci\u00f3n ser\u00e1 a las 23.30 con \u00abEl Cusifai, el m\u00e1gico cabaret de los a\u00f1os 50\u00bb, con m\u00e1s de 10 artistas en escena y la voz de Karina Levine, en una obra de burlesque que recrea la magia del cabaret.<\/p>\n<p>Por otro lado, en el Centro Cultural Osvaldo Soriano, de 25 de Mayo esquina Catamarca, a las 21 subir\u00e1 a escena \u00abVocacional Sampacho\u00bb, de Fernando Zabala, con Rodolfo Barone y Alejandro G\u00f3mez, la asistencia de Oscar Sosa; mientras que a Villa Victoria llegar\u00e1 la m\u00fasica en ese mismo horario, con la propuesta \u00abMaestra vida de Son Sabor\u00bb, homenaje a Rub\u00e9n Blades que contar\u00e1 con la participaci\u00f3n de Sergio Mileo y su taller interactivo con instrumentos de percusi\u00f3n El club del tambor.<\/p>\n<p><strong>El domingo 7<\/strong> tendr\u00e1 su punto fuerte a las 21 en ese mismo escenario cuando se presente por primera vez en la temporada la obra \u00abEl caf\u00e9 del Se\u00f1or Proust\u00bb, con direcci\u00f3n de Leonor Benedetto y textos que la misma artista escribi\u00f3 junto a N\u00e9stor Saied, el actor que protagoniza la pieza.<\/p>\n<p>En esta puesta, el p\u00fablico ser\u00e1 acompa\u00f1ado por la ama de llaves Celeste Albaret, a recorrer la casa de Marcel Proust y recordar su vida.<\/p>\n<p>En el \u00faltimo d\u00eda del fin de semana, el Col\u00f3n volver\u00e1 a tener doble funci\u00f3n: a las 21 horas comenzar\u00e1 \u00abMuchacho de luna\u00bb, una creaci\u00f3n de \u00d3scar Barney Finn sobre textos de Federico Garc\u00eda Lorca, en la que evoca el mundo lorquiano a trav\u00e9s de una selecci\u00f3n de textos de su obra dram\u00e1tica, sus cartas y su m\u00fasica.<\/p>\n<p>Y a las 23.30 llegar\u00e1 el turno de una propuesta del Centro Novo Ars, con direcci\u00f3n de Cesar Mart\u00edn Barriga y la participaci\u00f3n de la banda Puntocom. Se trata de \u00abHomenaje \u00cdconos POP 80 y 90\u00bb, un show de danza y m\u00fasica en vivo con coreograf\u00edas de Candela Barriga. <\/p>\n","protected":false},"excerpt":{"rendered":"<p>Las actividades comienzan este fin de semana \/ Foto: Diego Izquierdo. Las salas y escenarios municipales del municipio de General Pueyrredon proponen diversas alternativas teatrales, musicales, de danza y humor en este primer fin de semana del a\u00f1o en Mar del Plata que tendr\u00e1 epicentro en espacios como el Teatro Col\u00f3n, el Centro Cultural Osvaldo [&hellip;]<\/p>\n","protected":false},"author":1,"featured_media":40615,"comment_status":"closed","ping_status":"closed","sticky":false,"template":"","format":"standard","meta":[],"categories":[9],"tags":[],"_links":{"self":[{"href":"http:\/\/nuevacordoba.net\/index.php\/wp-json\/wp\/v2\/posts\/40614"}],"collection":[{"href":"http:\/\/nuevacordoba.net\/index.php\/wp-json\/wp\/v2\/posts"}],"about":[{"href":"http:\/\/nuevacordoba.net\/index.php\/wp-json\/wp\/v2\/types\/post"}],"author":[{"embeddable":true,"href":"http:\/\/nuevacordoba.net\/index.php\/wp-json\/wp\/v2\/users\/1"}],"replies":[{"embeddable":true,"href":"http:\/\/nuevacordoba.net\/index.php\/wp-json\/wp\/v2\/comments?post=40614"}],"version-history":[{"count":0,"href":"http:\/\/nuevacordoba.net\/index.php\/wp-json\/wp\/v2\/posts\/40614\/revisions"}],"wp:featuredmedia":[{"embeddable":true,"href":"http:\/\/nuevacordoba.net\/index.php\/wp-json\/wp\/v2\/media\/40615"}],"wp:attachment":[{"href":"http:\/\/nuevacordoba.net\/index.php\/wp-json\/wp\/v2\/media?parent=40614"}],"wp:term":[{"taxonomy":"category","embeddable":true,"href":"http:\/\/nuevacordoba.net\/index.php\/wp-json\/wp\/v2\/categories?post=40614"},{"taxonomy":"post_tag","embeddable":true,"href":"http:\/\/nuevacordoba.net\/index.php\/wp-json\/wp\/v2\/tags?post=40614"}],"curies":[{"name":"wp","href":"https:\/\/api.w.org\/{rel}","templated":true}]}}