{"id":40616,"date":"2024-01-04T22:32:24","date_gmt":"2024-01-04T22:32:24","guid":{"rendered":"https:\/\/cordoba.gob.ar\/?p=54497"},"modified":"2024-01-04T22:32:24","modified_gmt":"2024-01-04T22:32:24","slug":"los-reyes-magos-llegan-a-los-cpc-de-la-ciudad","status":"publish","type":"post","link":"http:\/\/nuevacordoba.net\/index.php\/2024\/01\/04\/los-reyes-magos-llegan-a-los-cpc-de-la-ciudad\/","title":{"rendered":"Los Reyes Magos llegan a los CPC de la ciudad"},"content":{"rendered":"<div><img src=\"http:\/\/nuevacordoba.net\/wp-content\/uploads\/2024\/01\/los-reyes-magos-llegan-a-los-cpc-de-la-ciudad.jpg\" class=\"ff-og-image-inserted\"><\/div>\n<ul>\n<li dir=\"auto\"><strong>Las propuestas gratuitas ser\u00e1n este viernes 5, en los Centros de Participaci\u00f3n Comunal Mercado, Ruta 20, Rancagua y Capdevilla.<\/strong><\/li>\n<li dir=\"auto\"><strong><strong>Los vecinos que lleguen a los diferentes lugares podr\u00e1n sacarse fotos y disfrutar junto a los m\u00e1s peque\u00f1os de todas las actividades.<\/strong><\/strong><br \/>\n<hr>\n<\/li>\n<\/ul>\n<p dir=\"auto\">Este viernes 5,&nbsp;la Municipalidad de C\u00f3rdoba a trav\u00e9s de la secretar\u00eda de Participaci\u00f3n Ciudadana, invita a los vecinos y vecinas a participar de los festejos por la llegada de los Reyes Magos.<\/p>\n<p dir=\"auto\">Seg\u00fan narra la tradici\u00f3n cristiana, la celebraci\u00f3n de Reyes se remonta a la visita de tres magos del oriente al lugar donde naci\u00f3 Jes\u00fas, quienes le llevaron regalos de oro, incienso y mirra como muestra de adoraci\u00f3n.<\/p>\n<p dir=\"auto\">Por tal motivo, y a ra\u00edz de esta festividad tan esperada por los ni\u00f1os, se realizar\u00e1n diferentes tipos de celebraciones en los CPC Mercado, Ruta 20 y Capdevilla.<\/p>\n<p dir=\"auto\">\u200cHorarios y festejos en cada CPC:<\/p>\n<ul>\n<li>Ruta 20 de 10 a 12 horas<\/li>\n<\/ul>\n<p dir=\"auto\">\u200c<strong>Caravana de los Reyes Magos<\/strong><\/p>\n<p dir=\"auto\">\u200cEl recorrido iniciar\u00e1 a las 10 horas en plaza Arteaga (rotonda del ala)<\/p>\n<p dir=\"auto\">Luego los Reyes visitar\u00e1n el CPC Ruta 20 y de all\u00ed se dirigir\u00e1n al Polideportivo Villa La Tela.<\/p>\n<p dir=\"auto\">Paralelamente, en el Polideportivo Villa La Tela actuar\u00e1n la Orquesta Los Benjaminos, la Escuadra de Canes y habr\u00e1 un momento de danzas con el baile de un carnavalito.<\/p>\n<p dir=\"auto\">Adem\u00e1s, la Brigada Puma realizar\u00e1 destrezas y la banda de m\u00fasica de la Polic\u00eda de C\u00f3rdoba interpretar\u00e1 villancicos para todos los presentes.<\/p>\n<ul>\n<li>Mercado sobre cortada de Israel y Pasaje Cantacara, de 11.30 a 12.30 horas<\/li>\n<\/ul>\n<p dir=\"auto\">En el espacio, los reyes magos, entregar\u00e1n presentes y se sacar\u00e1n fotos con los vecinos, vecinas, turistas y visitantes.<\/p>\n<ul>\n<li>Capdevilla, 18 horas<\/li>\n<\/ul>\n<p dir=\"auto\"><strong>Caravana de los Reyes Magos<\/strong><\/p>\n<p dir=\"auto\">El recorrido comenzar\u00e1 por la Plaza de barrio San Jorge, continuar\u00e1 por la ubicada sobre Manuel Castro y Tom\u00e1s de Rocamora y seguir\u00e1 por el espacio verde que se localiza en la calle Chachapoyas y Jos\u00e9 de Arredondo.<\/p>\n<p dir=\"auto\">Posteriormente, se dirigir\u00e1 al espacio verde de barrio Arturo Capdevila y finalizar\u00e1 en el CPC Capdevila ubicado sobre Federico Rauch 2708.<\/p>\n<p dir=\"auto\">En el lugar los vecinos y visitantes podr\u00e1n disfrutar de la Feria Manos Emprendedoras Arturo Capdevila.<\/p>\n","protected":false},"excerpt":{"rendered":"<p>Las propuestas gratuitas ser\u00e1n este viernes 5, en los Centros de Participaci\u00f3n Comunal Mercado, Ruta 20, Rancagua y Capdevilla. Los vecinos que lleguen a los diferentes lugares podr\u00e1n sacarse fotos y disfrutar junto a los m\u00e1s peque\u00f1os de todas las actividades. Este viernes 5,&nbsp;la Municipalidad de C\u00f3rdoba a trav\u00e9s de la secretar\u00eda de Participaci\u00f3n Ciudadana, [&hellip;]<\/p>\n","protected":false},"author":1,"featured_media":40617,"comment_status":"closed","ping_status":"closed","sticky":false,"template":"","format":"standard","meta":[],"categories":[14],"tags":[],"_links":{"self":[{"href":"http:\/\/nuevacordoba.net\/index.php\/wp-json\/wp\/v2\/posts\/40616"}],"collection":[{"href":"http:\/\/nuevacordoba.net\/index.php\/wp-json\/wp\/v2\/posts"}],"about":[{"href":"http:\/\/nuevacordoba.net\/index.php\/wp-json\/wp\/v2\/types\/post"}],"author":[{"embeddable":true,"href":"http:\/\/nuevacordoba.net\/index.php\/wp-json\/wp\/v2\/users\/1"}],"replies":[{"embeddable":true,"href":"http:\/\/nuevacordoba.net\/index.php\/wp-json\/wp\/v2\/comments?post=40616"}],"version-history":[{"count":0,"href":"http:\/\/nuevacordoba.net\/index.php\/wp-json\/wp\/v2\/posts\/40616\/revisions"}],"wp:featuredmedia":[{"embeddable":true,"href":"http:\/\/nuevacordoba.net\/index.php\/wp-json\/wp\/v2\/media\/40617"}],"wp:attachment":[{"href":"http:\/\/nuevacordoba.net\/index.php\/wp-json\/wp\/v2\/media?parent=40616"}],"wp:term":[{"taxonomy":"category","embeddable":true,"href":"http:\/\/nuevacordoba.net\/index.php\/wp-json\/wp\/v2\/categories?post=40616"},{"taxonomy":"post_tag","embeddable":true,"href":"http:\/\/nuevacordoba.net\/index.php\/wp-json\/wp\/v2\/tags?post=40616"}],"curies":[{"name":"wp","href":"https:\/\/api.w.org\/{rel}","templated":true}]}}