{"id":40628,"date":"2024-01-05T17:51:48","date_gmt":"2024-01-05T17:51:48","guid":{"rendered":"http:\/\/nuevacordoba.net\/index.php\/2024\/01\/05\/ordenaron-el-monitoreo-electronico-para-junior-benitez\/"},"modified":"2024-01-05T17:51:48","modified_gmt":"2024-01-05T17:51:48","slug":"ordenaron-el-monitoreo-electronico-para-junior-benitez","status":"publish","type":"post","link":"http:\/\/nuevacordoba.net\/index.php\/2024\/01\/05\/ordenaron-el-monitoreo-electronico-para-junior-benitez\/","title":{"rendered":"Ordenaron el monitoreo electr\u00f3nico para Junior Ben\u00edtez"},"content":{"rendered":"<figure class=\"mb-3\"><img loading=\"lazy\" data-src=\"http:\/\/nuevacordoba.net\/wp-content\/uploads\/2024\/01\/ordenaron-el-monitoreo-electronico-para-junior-benitez.jpg\" src=\"https:\/\/www.telam.com.ar\/assets\/img\/not_image.png\" class=\" lazy \" width=\"100%\" height=\"100%\" alt=\"Foto Daniel Dabove\"><figcaption> Foto: Daniel Dabove. <\/figcaption><\/figure>\n<p>La Justicia de Lomas de Zamora orden\u00f3 que con car\u00e1cter<strong> \u00aburgente\u00bb y \u00abprioritario\u00bb <\/strong>se coloque un mecanismo de monitoreo electr\u00f3nico para asegurar el <strong>cumplimiento del arresto domiciliario del futbolista Junior Ben\u00edtez<\/strong>, quien se encuentra detenido acusado de ejercer violencia de g\u00e9nero contra su expareja, una joven de 29 a\u00f1os que se suicid\u00f3 en A\u00f1o Nuevo, dos d\u00edas despu\u00e9s de que, seg\u00fan su padre, el jugador violara la prisi\u00f3n y fuera a buscarla a su casa de la localidad bonaerense de Burzaco.<\/p>\n<p>La resoluci\u00f3n fue adoptada el pasado mi\u00e9rcoles por el juez Correccional 8 de Lomas de Zamora, <strong>Manuel Barreiro<\/strong>, quien rechaz\u00f3 un pedido del fiscal de juicio Hugo Daniel Carrion para que se revoque el arresto domiciliario del futbolista y que espere en prisi\u00f3n el juicio al que ser\u00e1 sometido como <strong>acusado de ejercer violencia contra su ex, Anabelia Ayala, encontrada muerta el pasado 1 de enero en lo que se investiga como un suicidio<\/strong>.<\/p>\n<h2 class>La denuncia del fiscal<\/h2>\n<p>&nbsp;El pedido del fiscal fue realizado luego de que el pasado 2 de enero el padre de la joven, Juan Carlos Ayala, denunciara que el 30 de diciembre Ben\u00edtez, pese a estar bajo arresto domiciliario, fue a su casa a ver a su hija a bordo de una camioneta negra, que qued\u00f3 filmada detenida frente al domicilio familiar.<\/p>\n<p>En la resoluci\u00f3n judicial, a la que tuvo acceso T\u00e9lam, el juez rese\u00f1\u00f3 que el padre Anabelia inform\u00f3 y aport\u00f3 filmaciones v\u00eda Whatsapp \u00ab<strong>del quebrantamiento de la medida dispuesta, manifestando que el encausado Ben\u00edtez se ha presentado en el domicilio de la v\u00edctima en un veh\u00edculo<\/strong>, retir\u00e1ndose de dicho lugar junto a la misma, regresando horas m\u00e1s tarde en el mismo veh\u00edculo, permaneciendo notoriamente afectada su hija, quien se encerr\u00f3 en su habitaci\u00f3n, siendo posteriormente hallada sin vida por ahorcamiento\u00bb.<\/p>\n<p>De acuerdo a las filmaciones aportadas, efectivamente una camioneta oscura busc\u00f3 y luego dej\u00f3 a Anabelia en la puerta del domicilio dos d\u00edas antes de que fuera hallada ahorcada en la habitaci\u00f3n de su casa, hecho por el cual se inici\u00f3 una causa caratulada \u00absuicidio\u00bb en la Unidad Funcional de Instrucci\u00f3n 3 de Almirante Brown.<\/p>\n<p>De acuerdo a la presentaci\u00f3n de Ayala, \u00absus vecinos observaron el momento en que Ben\u00edtez se acerc\u00f3 a su domicilio en su veh\u00edculo y se fue con su hija\u00bb, motivo por el cual <strong>el fiscal Carrion solicit\u00f3 la revocaci\u00f3n de su prisi\u00f3n preventiva y su detenci\u00f3n<\/strong>, explic\u00f3 el juez, quien no obstante rechaz\u00f3 el pedido.<\/p>\n<p>\u00abNo ha quedado evidenciada por parte del cuestionado con el grado de certeza que la instancia requiere, la violaci\u00f3n a las condiciones impuestas al momento de morigerar su prisi\u00f3n preventiva\u00bb, expres\u00f3 el juez, al considerar que no hay \u00abcerteza concreta que en ese veh\u00edculo se trasladaba el encausado, ni se advierte de las filmaciones aportadas, que se tratara de un rodado en el que habitualmente se trasladara el causante\u00bb.<\/p>\n<p>No obstante, agreg\u00f3: \u00abLo cierto y concreto es que no podemos dejar de lado los dichos del Sr. Ayala y la situaci\u00f3n que est\u00e1 atravesando (&#8230;) lo que me obliga a rever las pautas de control del arresto domiciliario que en su momento fue concedido\u00bb.<\/p>\n<p>En base a ello, Barreiro dispuso librar oficio a la Direcci\u00f3n Monitoreo Electr\u00f3nico dependiente del Servicio Penitenciario Provincial \u00aba fin de que con car\u00e1cter urgente y prioritario determine su aptitud para instalar el sistema de monitoreo antedicho, momento en que se incluir\u00e1 al enjaretado Ben\u00edtez en la lista de morigerados, debiendo hacer saber a esta Judicatura una vez ejecutada la medida\u00bb.<\/p>\n<p>Este viernes, en di\u00e1logo con T\u00e9lam, el abogado que representa a la familia de Anabelia, <strong>Rodrigo Tripolone<\/strong>, adelant\u00f3 que <strong>presentar\u00e1 m\u00e1s pruebas para acreditar que Ben\u00edtez viol\u00f3 la prisi\u00f3n domiciliaria, entre ellas una testigo que lo reconoci\u00f3<\/strong>, en base a lo cual pedir\u00e1 que sea enviado a la c\u00e1rcel.<\/p>\n<p>D\u00edas atr\u00e1s, el padre de Anabelia culp\u00f3 al jugador por el suicidio de su hija y revel\u00f3 que al momento del hecho ella manten\u00eda una videollamada con \u00e9l.<\/p>\n<p><strong>\u00ab\u00c9l se la llev\u00f3 la madrugada del 30 y mi hija volvi\u00f3 al otro d\u00eda con los ojos hinchados y se encerr\u00f3 en su habitaci\u00f3n. Despu\u00e9s de eso, no quiso salir m\u00e1s\u00bb<\/strong>, manifest\u00f3 conmovido Juan en di\u00e1logo con T\u00e9lam.<\/p>\n<p>Para Ayala, \u00abBen\u00edtez tuvo cien por ciento la culpa de lo sucedido\u00bb y pidi\u00f3 que \u00abse haga justicia\u00bb por la muerte de su hija.<\/p>\n<p>Es que, seg\u00fan el hombre, tras la muerte de Anabelia recibi\u00f3 un audio de familiares de Ben\u00edtez en el que indicaban que el exjugador de Boca manten\u00eda una videollamada con su hija mientras se quitaba la vida.<\/p>\n<p>En dicho audio, al que tuvo acceso T\u00e9lam, se escucha la voz de una mujer que dice: <strong>\u00abNosotros no llegamos a brindar. Corte, no brindamos porque ella ten\u00eda una aplicaci\u00f3n por la que Junior estaba viendo c\u00f3mo la piba se colgaba\u00bb<\/strong>.<\/p>\n<p>Al respecto, fuentes judiciales dijeron que se investiga lo ocurrido y que se secuestr\u00f3 la tablet que era utilizada diariamente por Anabella, con la cual sus familiares sostienen que se comunicaba constantemente con el jugador.<\/p>\n<ul>\n<li>\n<h3>SALUD MENTAL<\/h3>\n<\/li>\n<li>\n<h4>L\u00ednea telef\u00f3nica nacional: <a href=\"tel:08009990091\">0800-999-0091<\/a><\/h4>\n<\/li>\n<li><strong>El suicidio se puede prevenir. Hablar NO incrementa el riesgo.<\/strong><\/li>\n<li>Atenci\u00f3n, informaci\u00f3n y acompa\u00f1amiento las 24hs.<\/li>\n<\/ul>\n<p><\/p>\n<h2 class>Cuatro hechos de amenaza a la familia<\/h2>\n<p><strong>Ben\u00edtez est\u00e1 acusado por \u00abcoacci\u00f3n agravada por el empleo de arma en concurso real con da\u00f1os, amenazas y desobediencia\u00bb, por cuatro hechos de amenazas a la familia de su expareja.<\/strong><\/p>\n<p>Los episodios comenzaron a ocurrir el 17 de enero de 2021, cuando, de acuerdo a la acusaci\u00f3n, el imputado amenaz\u00f3 con un arma de fuego a su exsuegro y prendi\u00f3 fuego algunas pertenencias de su expareja.<\/p>\n<p>El segundo hecho fue el 16 de enero de 2021 cuando \u00aben un contexto de violencia de g\u00e9nero\u00bb destruy\u00f3 la \u00abtotalidad de archivos contenidos en la notebook propiedad de la familia Ayala sin contar autorizaci\u00f3n para ello\u00bb.<\/p>\n<p>En tanto, el 28 de febrero del 2022, seg\u00fan la fiscal\u00eda, Ben\u00edtez desobedeci\u00f3 la restricci\u00f3n de acercamiento de 300 metros y amenaz\u00f3 a los exsuegros y su excu\u00f1ado con frases como \u00abvos me denunciaste, vos me hiciste meter en cana, te voy a matar\u00bb.<\/p>\n<p>Finalmente, el 18 de marzo de 2022, Junior volvi\u00f3 a incumplir la perimetral y amenaz\u00f3 con un cuchillo a su exnovia para que le abriera la puerta de su casa, pero como ella se neg\u00f3 \u00e9l le da\u00f1\u00f3 las cuatro llantas del auto del exsuegro.<\/p>\n<p>En aquel momento, un informe victimol\u00f3gico realizado a Anabelia determin\u00f3 que \u00abposee indicadores propios de las v\u00edctimas de violencia de g\u00e9nero, as\u00ed como que la misma se encontraba expuesta a continuar sufriendo hechos de estas caracter\u00edsticas por encontrarse inmersa en un c\u00edrculo de violencia\u00bb.<\/p>\n","protected":false},"excerpt":{"rendered":"<p>Foto: Daniel Dabove. La Justicia de Lomas de Zamora orden\u00f3 que con car\u00e1cter \u00aburgente\u00bb y \u00abprioritario\u00bb se coloque un mecanismo de monitoreo electr\u00f3nico para asegurar el cumplimiento del arresto domiciliario del futbolista Junior Ben\u00edtez, quien se encuentra detenido acusado de ejercer violencia de g\u00e9nero contra su expareja, una joven de 29 a\u00f1os que se suicid\u00f3 [&hellip;]<\/p>\n","protected":false},"author":1,"featured_media":40629,"comment_status":"closed","ping_status":"closed","sticky":false,"template":"","format":"standard","meta":[],"categories":[10],"tags":[],"_links":{"self":[{"href":"http:\/\/nuevacordoba.net\/index.php\/wp-json\/wp\/v2\/posts\/40628"}],"collection":[{"href":"http:\/\/nuevacordoba.net\/index.php\/wp-json\/wp\/v2\/posts"}],"about":[{"href":"http:\/\/nuevacordoba.net\/index.php\/wp-json\/wp\/v2\/types\/post"}],"author":[{"embeddable":true,"href":"http:\/\/nuevacordoba.net\/index.php\/wp-json\/wp\/v2\/users\/1"}],"replies":[{"embeddable":true,"href":"http:\/\/nuevacordoba.net\/index.php\/wp-json\/wp\/v2\/comments?post=40628"}],"version-history":[{"count":0,"href":"http:\/\/nuevacordoba.net\/index.php\/wp-json\/wp\/v2\/posts\/40628\/revisions"}],"wp:featuredmedia":[{"embeddable":true,"href":"http:\/\/nuevacordoba.net\/index.php\/wp-json\/wp\/v2\/media\/40629"}],"wp:attachment":[{"href":"http:\/\/nuevacordoba.net\/index.php\/wp-json\/wp\/v2\/media?parent=40628"}],"wp:term":[{"taxonomy":"category","embeddable":true,"href":"http:\/\/nuevacordoba.net\/index.php\/wp-json\/wp\/v2\/categories?post=40628"},{"taxonomy":"post_tag","embeddable":true,"href":"http:\/\/nuevacordoba.net\/index.php\/wp-json\/wp\/v2\/tags?post=40628"}],"curies":[{"name":"wp","href":"https:\/\/api.w.org\/{rel}","templated":true}]}}