{"id":40656,"date":"2024-01-06T02:12:26","date_gmt":"2024-01-06T02:12:26","guid":{"rendered":"http:\/\/nuevacordoba.net\/index.php\/2024\/01\/06\/restauraron-un-arreglo-no-grabado-de-adios-nonino-que-piazzolla-toco-en-el-teatro-colon\/"},"modified":"2024-01-06T02:12:26","modified_gmt":"2024-01-06T02:12:26","slug":"restauraron-un-arreglo-no-grabado-de-adios-nonino-que-piazzolla-toco-en-el-teatro-colon","status":"publish","type":"post","link":"http:\/\/nuevacordoba.net\/index.php\/2024\/01\/06\/restauraron-un-arreglo-no-grabado-de-adios-nonino-que-piazzolla-toco-en-el-teatro-colon\/","title":{"rendered":"Restauraron un arreglo no grabado de \u00abAdi\u00f3s Nonino\u00bb que Piazzolla toc\u00f3 en el Teatro Col\u00f3n"},"content":{"rendered":"<figure class=\"mb-3\"><img loading=\"lazy\" data-src=\"http:\/\/nuevacordoba.net\/wp-content\/uploads\/2024\/01\/restauraron-un-arreglo-no-grabado-de-adios-nonino-que-piazzolla-toco-en-el-teatro-colon.jpg\" src=\"https:\/\/www.telam.com.ar\/assets\/img\/not_image.png\" class=\" lazy \" width=\"100%\" height=\"100%\" alt=\"La singular versin de Adios Nonino de 11 minutos y 54 segundos de duracin no fue elogiada por la prensa Foto Prensa\"><figcaption> La singular versi\u00f3n de Adios Nonino, de 11 minutos y 54 segundos de duraci\u00f3n no fue elogiada por la prensa \/ Foto Prensa. <\/figcaption><\/figure>\n<p>El Teatro Col\u00f3n program\u00f3 en 1972 dos noches dedicadas a la m\u00fasica popular, una al tango y otra al folclore, y de la primera de ellas acaba de restaurar algunos registros en los que se escucha la Orquesta de Horacio Salg\u00e1n -acompa\u00f1ada por los cantores Roberto Goyeneche y Edmundo Rivero, y al Conjunto 9 dirigido por Astor Piazzolla- que ofreci\u00f3 en aquella funci\u00f3n una versi\u00f3n nunca grabada en estudio y diferente a las conocidas, del c\u00e9lebre \u00abAdi\u00f3s Nonino\u00bb.<\/p>\n<p>\u00abSe escucha a las Orquestas de Salg\u00e1n y Piazzolla con un enorme poder expresivo, con contrastes y matices que uno no est\u00e1 acostumbrado a escuchar. Los dos estaban en lo m\u00e1s alto de sus carreras\u00bb, expres\u00f3 Diego Fischerman, responsable del proyecto de restauraci\u00f3n denominado Heritage Collection, respaldado por los especialistas Roberto Sarfati y Diego Vila.<\/p>\n<p><strong>\u00abEl arreglo de &#8216;Adi\u00f3s Nonino&#8217; que se toc\u00f3 esa noche, que en la variaci\u00f3n toca lo que luego fue &#8216;Los p\u00e1jaros perdidos&#8217;, nunca se grab\u00f3 en estudio, s\u00f3lo aparece en este material\u00bb, explic\u00f3 Fischerman.<\/strong><\/p>\n<p>La singular versi\u00f3n de \u00abAdios Nonino\u00bb, de 11 minutos y 54 segundos de duraci\u00f3n, sin embargo, no fue elogiada por la prensa.<\/p>\n<p>\u00ab(&#8230;) se ha alejado muy peligrosamente de la punzante emoci\u00f3n que conocimos en a\u00f1os anteriores\u00bb, dictamin\u00f3 la cr\u00edtica del diario Clar\u00edn publicada el 19 de agosto de 1972 sobre aquella interpretaci\u00f3n en el concierto realizado dos d\u00edas antes.<\/p>\n<p><strong>Las rese\u00f1as del periodismo, en l\u00edneas generales, fueron desparejas sobre aquella noche del tango<\/strong> en la que tocaron la Orquesta de Florindo Sassone (reemplaz\u00f3 a \u00faltimo momento a Osvaldo Pugliese), la Orquesta de Salg\u00e1n, el Sexteto Tango, el Conjunto 9 de Piazzolla, y la Orquesta de An\u00edbal Troilo. Los registros de Troilo y el Sexteto Tango -tambi\u00e9n abarcados por el trabajo de restauraci\u00f3n del Col\u00f3n- ser\u00e1n difundidos en 2024.<\/p>\n<p>La Prensa titul\u00f3 \u00abHubo tangos en el Col\u00f3n con algunas inhibiciones\u00bb. Destac\u00f3 las \u00abdelicadezas\u00bb de Salg\u00e1n, el oficio de Goyeneche, que cant\u00f3 resfriado, y rescat\u00f3 al Sexteto Tango (\u00abpor su ajuste impecable y su sonoridad, tal vez haya sido el que mejor aprovech\u00f3 las posibilidades de las gran sala\u00bb).<\/p>\n<p>La Naci\u00f3n y La Raz\u00f3n ofrecieron cr\u00f3nicas austeras de adjetivos en lo musical y con notorio espacio dedicado a la presencia en la sala del presidente de facto, Alejandro Lanusse. El cr\u00edtico Napol\u00e9on Cabrera, desde las p\u00e1ginas de Clar\u00edn, fue el m\u00e1s duro: cuestion\u00f3 \u00ablos desniveles de calidad\u00bb del espect\u00e1culo.<\/p>\n<blockquote class=\"twitter-tweet\" data-media-max-width=\"560\" readability=\"8.4333333333333\">\n<p lang=\"es\" dir=\"ltr\">\u00c1stor viste de gala para tocar en el Col\u00f3n<\/p>\n<p>\ud83c\udfbc 1983. Junto al Conjunto 9, Piazzolla protagoniza una velada hist\u00f3rica en el Teatro Col\u00f3n. El repertorio comienza con \u00abBuenos Aires hora cero\u00bb.<\/p>\n<p>\ud83d\udd34 Mirlo completo en <a href=\"https:\/\/t.co\/mogHTsb8dS\">https:\/\/t.co\/mogHTsb8dS<\/a><a href=\"https:\/\/twitter.com\/hashtag\/ArchivoPrisma?src=hash&amp;ref_src=twsrc%5Etfw\">#ArchivoPrisma<\/a> <a href=\"https:\/\/t.co\/ITOgbvlC38\">pic.twitter.com\/ITOgbvlC38<\/a><\/p>\n<p>\u2014 Archivo Prisma (@ArchivoPrisma) <a href=\"https:\/\/twitter.com\/ArchivoPrisma\/status\/1502396446653370372?ref_src=twsrc%5Etfw\">March 11, 2022<\/a><\/p><\/blockquote>\n<h2 class>\u00abEl pensamiento triste que no se baila\u00bb<\/h2>\n<p>\u00abUn cantor de tangos debe responder a las mismas exigencias que un cantante l\u00edrico cuando ambos son m\u00fasicos. Tan deplorable es silabear defectuosamente un texto de Homero Manzi como uno de Metastasio y para un porte\u00f1o m\u00e1s deplorable todav\u00eda. Y si el compositor ha escrito un &#8216;la&#8217; o un &#8216;mi bemol&#8217;, las notas debe ser respetadas, se trate de Ravel o de Vicente Greco. Si el m\u00fasico popular cree que &#8216;su&#8217; m\u00fasica tiene otras leyes, no se ve para qu\u00e9 quiera hacerla en el mismo recinto cuyo prestigio nace de que all\u00ed se consideran severamente las transgresiones a la buena lectura del pentagrama. El cantor popular puede contar con cierto margen de tolerancia auditiva, pero anteanoche en el Col\u00f3n esos m\u00e1rgenes fueron caudalosamente excedidos\u00bb, apunt\u00f3 Cabrera, con tono sentencioso, en<strong> una nota que se titul\u00f3 \u00abEl pensamiento triste que no se baila\u00bb.<\/strong><\/p>\n<p><strong>La segunda funci\u00f3n \u00abpopular\u00bb del Teatro Col\u00f3n, celebrada el 19 de agosto y dedicada al folklore, tambi\u00e9n tuvo trascendencia hist\u00f3rica.<\/strong><\/p>\n<p>Fue la primera vez que Mercedes Sosa subi\u00f3 a ese escenario en un concierto tambi\u00e9n protagonizado por Eduardo Fal\u00fa y Los Chalchaleros.<\/p>\n<p>Los testigos recuerdan el efecto que caus\u00f3 esa tucumana que le cantaba a los humildes de su tierra cuando le clav\u00f3 la mirada al dictador Lanusse, bien acomodado en su palco, mientras entonaba \u00abCanci\u00f3n con todos\u00bb.<\/p>\n<p><strong>La grabaci\u00f3n recuperada ahora por el Col\u00f3n permite reconstruir -en parte- la primera noche tanguera. \u00abSe pueden escuchar, por ejemplo, los nueve instrumentos del Conjunto de Piazzolla\u00bb<\/strong>, destac\u00f3 Fischerman, sobre el resultado sonoro conseguido en la restauraci\u00f3n. El cr\u00edtico es coautor -junto a Abel Gilbert- de \u00abEl mal entendido\u00bb, una notable biograf\u00eda musical sobre la obra de Astor.<\/p>\n<p>El proyecto \u00abHeritage Collection\u00bb, ya difundi\u00f3 un concierto de la pianista Martha Argerich, en 1965; la versi\u00f3n de \u00abEl barbero de Sevilla\u00bb de Giaochino Rossini, de 1969; el recital de la soprano sueca Birgit Nilsson, en 1967, con la Orquesta Estable y direcci\u00f3n de Roberto Kinsky; y fragmentos del protag\u00f3nico de la soprano Mar\u00eda Callas en la \u00f3pera \u00abNorma\u00bb, de 1949. <\/p>\n","protected":false},"excerpt":{"rendered":"<p>La singular versi\u00f3n de Adios Nonino, de 11 minutos y 54 segundos de duraci\u00f3n no fue elogiada por la prensa \/ Foto Prensa. El Teatro Col\u00f3n program\u00f3 en 1972 dos noches dedicadas a la m\u00fasica popular, una al tango y otra al folclore, y de la primera de ellas acaba de restaurar algunos registros en [&hellip;]<\/p>\n","protected":false},"author":1,"featured_media":40657,"comment_status":"closed","ping_status":"closed","sticky":false,"template":"","format":"standard","meta":[],"categories":[9],"tags":[],"_links":{"self":[{"href":"http:\/\/nuevacordoba.net\/index.php\/wp-json\/wp\/v2\/posts\/40656"}],"collection":[{"href":"http:\/\/nuevacordoba.net\/index.php\/wp-json\/wp\/v2\/posts"}],"about":[{"href":"http:\/\/nuevacordoba.net\/index.php\/wp-json\/wp\/v2\/types\/post"}],"author":[{"embeddable":true,"href":"http:\/\/nuevacordoba.net\/index.php\/wp-json\/wp\/v2\/users\/1"}],"replies":[{"embeddable":true,"href":"http:\/\/nuevacordoba.net\/index.php\/wp-json\/wp\/v2\/comments?post=40656"}],"version-history":[{"count":0,"href":"http:\/\/nuevacordoba.net\/index.php\/wp-json\/wp\/v2\/posts\/40656\/revisions"}],"wp:featuredmedia":[{"embeddable":true,"href":"http:\/\/nuevacordoba.net\/index.php\/wp-json\/wp\/v2\/media\/40657"}],"wp:attachment":[{"href":"http:\/\/nuevacordoba.net\/index.php\/wp-json\/wp\/v2\/media?parent=40656"}],"wp:term":[{"taxonomy":"category","embeddable":true,"href":"http:\/\/nuevacordoba.net\/index.php\/wp-json\/wp\/v2\/categories?post=40656"},{"taxonomy":"post_tag","embeddable":true,"href":"http:\/\/nuevacordoba.net\/index.php\/wp-json\/wp\/v2\/tags?post=40656"}],"curies":[{"name":"wp","href":"https:\/\/api.w.org\/{rel}","templated":true}]}}