{"id":40833,"date":"2024-01-11T03:04:53","date_gmt":"2024-01-11T03:04:53","guid":{"rendered":"https:\/\/puntoapunto.com.ar\/?p=355790"},"modified":"2024-01-11T03:04:53","modified_gmt":"2024-01-11T03:04:53","slug":"politica-a-punto-por-que-ya-se-habla-de-un-nuevo-gabinete-de-milei-para-el-segundo-semestre","status":"publish","type":"post","link":"http:\/\/nuevacordoba.net\/index.php\/2024\/01\/11\/politica-a-punto-por-que-ya-se-habla-de-un-nuevo-gabinete-de-milei-para-el-segundo-semestre\/","title":{"rendered":"Pol\u00edtica a Punto: por qu\u00e9 ya se habla de un nuevo gabinete de Milei para el segundo semestre"},"content":{"rendered":"<p>&nbsp;\n<\/p>\n<p>&nbsp;\n<\/p>\n<p><strong>Por Eduardo Bocco. <\/strong>Javier Milei cumpli\u00f3 un mes en el sill\u00f3n de Rivadavia y el m\u00f3dico aniversario lo encuentra con su vieja promesa de dar vuelta el pa\u00eds como una media, aunque dej\u00f3 preguntas sin responder y espacios sin rellenar, adem\u00e1s de demoras en el cumplimiento de algunas consignas.\n<\/p>\n<p>De momento, la \u201ccasta\u201d viene zafando, y los golpes m\u00e1s duros los recibieron, en traz\u00f3 grueso, los de siempre o a los que los gobiernos suelen echar mano cada vez que tienen que meter un guantazo: el sector agropecuario y los jubilados, que est\u00e1n en una situaci\u00f3n de riesgo, aunque el gobierno garantiz\u00f3 a todos los pasivos incrementos m\u00e1s acordes a la evoluci\u00f3n del \u00edndice inflacionario. Bien, del dicho al hecho\u2026\n<\/p>\n<p>Cuando meti\u00f3 la fuerte devaluaci\u00f3n, el ministro Luis \u201cToto\u201d Caputo achic\u00f3 la brecha cambiaria al 11% (lleg\u00f3 a ser mayor al 200%). Sin embargo, los soles y las lluvias de enero llegaron con un ascenso del d\u00f3lar paralelo que no se detiene y hoy esa brecha ya trepa al 40%.\n<\/p>\n<p><strong>Abriendo el paraguas<br \/><\/strong>Ning\u00fan pron\u00f3stico habla de freno, al menos por ahora, y si bien no hay por qu\u00e9 ser dr\u00e1sticos, es conveniente tomar precauciones. Abrir el paraguas no est\u00e1 de m\u00e1s, repiten operadores financieros.\n<\/p>\n<p>En la desolada city porte\u00f1a ya se empieza a hablar de cambios y desde los campamentos pol\u00edticos y el propio Congreso de la Naci\u00f3n se conjetura con un eventual segundo gabinete para el segundo semestre del a\u00f1o en curso.\n<\/p>\n<p>Los que defienden la hip\u00f3tesis de las modificaciones consideran que las reformas tan virulentas llamadas de shock \u201cpondr\u00e1n a m\u00e1s del 50% de la poblaci\u00f3n debajo de los l\u00edmites de la pobreza\u201d. Y esto presenta un riesgo para el gobierno. \u00bfSe puede contener la desesperaci\u00f3n del ciudadano empobrecido, que navegaba con dificultad pero lo hac\u00eda en los mares de la clase media y ahora la crisis le dio en la l\u00ednea de flotaci\u00f3n y lo hundi\u00f3?\n<\/p>\n<p>La otra gran pregunta tiene que ver con el tiempo que se extender\u00e1 esta situaci\u00f3n asfixiante. \u00bfSeis meses, un a\u00f1o, dos a\u00f1os?\n<\/p>\n<p>Respuestas hay para todos los gustos y se pueden encontrar en los extremos de cada biblioteca. Pero a la teor\u00eda hay que confrontarla con los datos emp\u00edricos y all\u00ed se tendr\u00e1 una idea m\u00e1s o menos clara de la situaci\u00f3n para dar una respuesta racional. Y hablando de estas respuestas racionales, hay que decir que el presidente y la secretaria General de la Presidencia no siempre las dan. Por ejemplo, demoraron la mudanza a Olivos porque la hermana Karina exigi\u00f3 hacer antes una limpieza energ\u00e9tica. Hay que recordar que la se\u00f1orita profesa el tarotismo, lo que no est\u00e1 ni bien ni mal obviamente. Tampoco es una ofensa recordar el dato.\n<\/p>\n<p><img loading=\"lazy\" decoding=\"async\" alt width=\"631\" height=\"418\" data-sizes=\"(max-width: 631px) 100vw, 631px\" class=\"aligncenter wp-image-355794 size-full lazyload\" src=\"http:\/\/nuevacordoba.net\/wp-content\/uploads\/2024\/01\/politica-a-punto-por-que-ya-se-habla-de-un-nuevo-gabinete-de-milei-para-el-segundo-semestre-1.jpg\" srcset=\"http:\/\/nuevacordoba.net\/wp-content\/uploads\/2024\/01\/politica-a-punto-por-que-ya-se-habla-de-un-nuevo-gabinete-de-milei-para-el-segundo-semestre-1.jpg 631w, http:\/\/nuevacordoba.net\/wp-content\/uploads\/2024\/01\/politica-a-punto-por-que-ya-se-habla-de-un-nuevo-gabinete-de-milei-para-el-segundo-semestre-3.jpg 300w\">\n<\/p>\n<p><strong>La reserva<br \/><\/strong>Por lo pronto hay hombres y mujeres del PRO que presionan por ganar consideraci\u00f3n y espacios. En esa fuerza, calificad\u00edsimos voceros sugieren que el propio Mauricio Macri cree que no ocupa los casilleros que merece dentro del elenco ministerial y por eso propone a <strong>Diego Santilli<\/strong> como ministro del Interior.\n<\/p>\n<p>Tambi\u00e9n esas fuentes indican que <strong>Patricia Bullrich<\/strong> buscar\u00eda un r\u00e1pido ascenso en el marco de su alianza con Milei y anhela ser jefa de Gabinete en un eventual recambio ministerial para oxigenar la gesti\u00f3n, si es que hiciera falta.\n<\/p>\n<p>En tanto, hay dos personajes centrales de esta gesti\u00f3n que no ocupan ning\u00fan cargo: Santiago Caputo y Adolfo Sturzenegger. \u00bfSon la reserva de Milei para cuando explote alg\u00fan fusible? \u00bfEsperan en el banco por cualquier emergencia?\n<\/p>\n<p>En principio, se trata de situaciones llamativas. Pero todo es reciente, hay que esperar y aguardar que los vahos de los inciensos hagan efecto y tranquilicen los \u00e1nimos.\n<\/p>\n<p>&nbsp;\n<\/p>\n<footer class=\"author-bio-section\">\n<p class=\"author-name\">Punto a Punto<\/p>\n<p class=\"author-image\"><img loading=\"lazy\" alt height=\"90\" width=\"90\" class=\"avatar avatar-90 photo lazyload\" src=\"http:\/\/nuevacordoba.net\/wp-content\/uploads\/2024\/01\/politica-a-punto-por-que-ya-se-habla-de-un-nuevo-gabinete-de-milei-para-el-segundo-semestre-2.jpg\" srcset=\"http:\/\/nuevacordoba.net\/wp-content\/uploads\/2024\/01\/politica-a-punto-por-que-ya-se-habla-de-un-nuevo-gabinete-de-milei-para-el-segundo-semestre-2.jpg 2x\"><\/p>\n<\/footer>\n<div class=\"g g-38\">\n<div class=\"g-dyn a-12 c-1\"><a class=\"gofollow\" data-track=\"MTIsMzgsMSw2MA==\" href=\"https:\/\/hospitalprivado.com.ar\/landing-trasplante.html\" target=\"_blank\" rel=\"noopener\"><img class=\"lazyload\" src=\"http:\/\/nuevacordoba.net\/wp-content\/uploads\/2024\/01\/politica-a-punto-por-que-ya-se-habla-de-un-nuevo-gabinete-de-milei-para-el-segundo-semestre.gif\"><\/a><\/div>\n<\/div>\n","protected":false},"excerpt":{"rendered":"<p>&nbsp; &nbsp; Por Eduardo Bocco. Javier Milei cumpli\u00f3 un mes en el sill\u00f3n de Rivadavia y el m\u00f3dico aniversario lo encuentra con su vieja promesa de dar vuelta el pa\u00eds como una media, aunque dej\u00f3 preguntas sin responder y espacios sin rellenar, adem\u00e1s de demoras en el cumplimiento de algunas consignas. De momento, la \u201ccasta\u201d [&hellip;]<\/p>\n","protected":false},"author":1,"featured_media":40834,"comment_status":"open","ping_status":"closed","sticky":false,"template":"","format":"standard","meta":[],"categories":[12,14],"tags":[],"_links":{"self":[{"href":"http:\/\/nuevacordoba.net\/index.php\/wp-json\/wp\/v2\/posts\/40833"}],"collection":[{"href":"http:\/\/nuevacordoba.net\/index.php\/wp-json\/wp\/v2\/posts"}],"about":[{"href":"http:\/\/nuevacordoba.net\/index.php\/wp-json\/wp\/v2\/types\/post"}],"author":[{"embeddable":true,"href":"http:\/\/nuevacordoba.net\/index.php\/wp-json\/wp\/v2\/users\/1"}],"replies":[{"embeddable":true,"href":"http:\/\/nuevacordoba.net\/index.php\/wp-json\/wp\/v2\/comments?post=40833"}],"version-history":[{"count":0,"href":"http:\/\/nuevacordoba.net\/index.php\/wp-json\/wp\/v2\/posts\/40833\/revisions"}],"wp:featuredmedia":[{"embeddable":true,"href":"http:\/\/nuevacordoba.net\/index.php\/wp-json\/wp\/v2\/media\/40834"}],"wp:attachment":[{"href":"http:\/\/nuevacordoba.net\/index.php\/wp-json\/wp\/v2\/media?parent=40833"}],"wp:term":[{"taxonomy":"category","embeddable":true,"href":"http:\/\/nuevacordoba.net\/index.php\/wp-json\/wp\/v2\/categories?post=40833"},{"taxonomy":"post_tag","embeddable":true,"href":"http:\/\/nuevacordoba.net\/index.php\/wp-json\/wp\/v2\/tags?post=40833"}],"curies":[{"name":"wp","href":"https:\/\/api.w.org\/{rel}","templated":true}]}}