{"id":40909,"date":"2024-01-13T11:29:37","date_gmt":"2024-01-13T11:29:37","guid":{"rendered":"http:\/\/nuevacordoba.net\/index.php\/2024\/01\/13\/despidieron-al-director-musical-del-colon-latham-koenig-denunciado-por-abuso\/"},"modified":"2024-01-13T11:29:37","modified_gmt":"2024-01-13T11:29:37","slug":"despidieron-al-director-musical-del-colon-latham-koenig-denunciado-por-abuso","status":"publish","type":"post","link":"http:\/\/nuevacordoba.net\/index.php\/2024\/01\/13\/despidieron-al-director-musical-del-colon-latham-koenig-denunciado-por-abuso\/","title":{"rendered":"Despidieron al director musical del Col\u00f3n, Latham-Koenig, denunciado por abuso"},"content":{"rendered":"<figure class=\"mb-3\"><img loading=\"lazy\" data-src=\"http:\/\/nuevacordoba.net\/wp-content\/uploads\/2024\/01\/despidieron-al-director-musical-del-colon-latham-koenig-denunciado-por-abuso.jpg\" src=\"https:\/\/www.telam.com.ar\/assets\/img\/not_image.png\" class=\" lazy \" width=\"100%\" height=\"100%\" alt=\"Jan LathamKoenig detenido por abuso de menores Foto Gustavo Amarelle\"><figcaption> Jan Latham-Koenig, detenido por abuso de menores \/ Foto: Gustavo Amarelle <\/figcaption><\/figure>\n<p>El brit\u00e1nico Jan Latham-Koenig, acusado en Londres por delitos sexuales contra menores, fue desvinculado de su cargo de director musical del Teatro Col\u00f3n de Buenos Aires a ra\u00edz de la difusi\u00f3n del caso por las autoridades policiales de ese pa\u00eds europeo, donde incluso estuvo arrestado el mi\u00e9rcoles.<\/p>\n<p><strong>\u00abFrente a las noticias de una denuncia de extrema gravedad contra Jan Latham-Koenig, en el Reino Unido, el Teatro Col\u00f3n ha decidido desvincularlo de todas las actividades actuales y futuras que desempe\u00f1aba en el \u00e1mbito de la Instituci\u00f3n\u00bb<\/strong>, inform\u00f3 oficialmente el Teatro Col\u00f3n en un escueto comunicado.<\/p>\n<p>Latham-Koenig, de 70 a\u00f1os, ejerc\u00eda la m\u00e1xima responsabilidad art\u00edstica del Teatro Col\u00f3n desde enero de 2023.<\/p>\n<blockquote class><p>El director brit\u00e1nico compareci\u00f3 ante una jueza en Londres pero solo se limit\u00f3 a revelar su identidad durante la audiencia.<\/p><\/blockquote>\n<p>Seg\u00fan informaci\u00f3n policial y de las agencias de noticias internacionales AFP y Reuters, Latham-Koenig fue detenido el mi\u00e9rcoles en la estaci\u00f3n Victoria de Londres y acusado formalmente de organizar o facilitar un delito sexual contra un menor y de comunicaci\u00f3n sexual con un menor.<\/p>\n<p>El director brit\u00e1nico compareci\u00f3 ante una jueza en Londres pero solo se limit\u00f3 a revelar su identidad durante la audiencia.<\/p>\n<p><strong>Fue puesto en libertad vigilada a la espera de una pr\u00f3xima comparecencia, que se realizar\u00e1 el 9 de febrero<\/strong>. En esa oportunidad, en el Tribunal de Magistrados de Westminster, <strong>la fiscal\u00eda detallar\u00e1 los cargos exactos que enfrenta Latham-Koenig para que pueda ejercer su derecho de defensa.<\/strong><\/p>\n<h2 class>Trayectoria de Jan-Latham-Koenig<\/h2>\n<p>El brit\u00e1nico se hab\u00eda incorporado al Col\u00f3n con la promesa de permanecer seis meses al a\u00f1o en el pa\u00eds para trabajar con la Orquesta Filarm\u00f3nica de Buenos Aires, el Coro y la Orquesta Estable con el objetivo por \u00e9l declarado de \u00abelevar su calidad art\u00edstica y productividad\u00bb.<\/p>\n<p>\u00abMI objetivo es elevar la calidad de los cuerpos del teatro usando todos mis talentos, dedicaci\u00f3n y disciplina. Trabajando para crear la conciencia de que estos organismos pueden alcanzar m\u00e1s de lo que creen si su potencial es conducido con la pr\u00e1ctica y la disciplina correctas\u00bb, hab\u00eda declarado Latham-Koenig d\u00edas despu\u00e9s de asumir el cargo.<\/p>\n<p>El director general del Col\u00f3n, Jorge Telerman, al designar al brit\u00e1nico el a\u00f1o pasado, hab\u00eda afirmado: \u00abSin duda hoy uno de los grandes directores de la escena mundial. Ya conoce el Col\u00f3n y ha dirigido en varias oportunidades a las orquestas, tambi\u00e9n t\u00edtulos de \u00f3pera. Su influencia ser\u00e1 muy fuerte no s\u00f3lo en los t\u00edtulos que va a dirigir el a\u00f1o que viene, tanto en \u00f3pera como en la Filarm\u00f3nica, sino tambi\u00e9n en el dise\u00f1o de las temporadas 2023-2024 y en la selecci\u00f3n de elencos. Su presencia reforzar\u00e1 el car\u00e1cter cosmopolita del Col\u00f3n\u00bb.<\/p>\n<p>Londres, donde fue detenido y acusado, es la residencia principal del ahora exdirector musical del Col\u00f3n, donde vive con su esposa, la cirujana card\u00edaca de origen iran\u00ed Marjan Jahangiri.<\/p>\n<p>El brit\u00e1nico ya dirigi\u00f3 numerosos conciertos sinf\u00f3nicos en el Col\u00f3n al frente de la Filarm\u00f3nica de Buenos Aires y algunos t\u00edtulos de \u00f3pera, como \u00abFausto\u00bb el a\u00f1o pasado.<\/p>\n<p>Fue fundador y director art\u00edstico de la Orquesta del Festival Britten-Shostakovich. En 2022 debut\u00f3 en el Festival della Valle d&#8217;Itria, Italia, con \u00abEl jugador\u00bb de Sergei Prokofiev. Estuvo al frente de la \u00f3pera \u00abLa Traviata\u00bb de Giuseppe Verdi en el Teatro Nacional de \u00d3pera de Brno; y en en la \u00d3pera de Atlanta present\u00f3 \u00abDon Giovanni\u00bb, de Wolfgang Mozart.<\/p>\n<figure class=\"mb-3\"><img loading=\"lazy\" data-src=\"http:\/\/nuevacordoba.net\/wp-content\/uploads\/2024\/01\/despidieron-al-director-musical-del-colon-latham-koenig-denunciado-por-abuso-1.jpg\" src=\"https:\/\/www.telam.com.ar\/assets\/img\/not_image.png\" class=\" lazy \" width=\"100%\" height=\"100%\" alt=\"La causa se tramita en el Reino Unido Foto Gustavo Amarelle\"><figcaption> La causa se tramita en el Reino Unido \/ Foto: Gustavo Amarelle <\/figcaption><\/figure>\n<p>A lo largo de su carrera dirigi\u00f3, por ejemplo, la Sinf\u00f3nica de Flandes en Brujas, B\u00e9lgica, y a la Filarm\u00f3nica del Teatro Regio de Tur\u00edn, en Italia.<\/p>\n<p>Tambi\u00e9n fue director art\u00edstico de la Filarm\u00f3nica de la Universidad Nacional Aut\u00f3noma, en M\u00e9xico, y estuvo al frente de la Filarm\u00f3nica de Estrasburgo y la \u00d3pera Nacional del Rin. En 2020 recibi\u00f3 la Orden del Imperio Brit\u00e1nico por sus servicios a la m\u00fasica.<\/p>\n<p><strong>La acusaci\u00f3n judicial en Londres se produce en enero durante el receso anual del Teatro Col\u00f3n y sorprendi\u00f3 a las autoridades del Teatro.<\/strong><\/p>\n<p>La temporada 2024 de ballet, \u00f3pera y conciertos del Col\u00f3n aun no fue anunciada (se estima que ocurrir\u00e1 hacia fines de este mes), a pesar de que regularmente se la conoce en diciembre del a\u00f1o previo, a ra\u00edz de demoras vinculadas, entre m\u00e1s, con el cambio de gesti\u00f3n en la Ciudad. En ese contexto, la desvinculaci\u00f3n obligada de Latham-Koenig forzar\u00e1 algunas modificaciones.<\/p>\n","protected":false},"excerpt":{"rendered":"<p>Jan Latham-Koenig, detenido por abuso de menores \/ Foto: Gustavo Amarelle El brit\u00e1nico Jan Latham-Koenig, acusado en Londres por delitos sexuales contra menores, fue desvinculado de su cargo de director musical del Teatro Col\u00f3n de Buenos Aires a ra\u00edz de la difusi\u00f3n del caso por las autoridades policiales de ese pa\u00eds europeo, donde incluso estuvo [&hellip;]<\/p>\n","protected":false},"author":1,"featured_media":40910,"comment_status":"closed","ping_status":"closed","sticky":false,"template":"","format":"standard","meta":[],"categories":[9],"tags":[],"_links":{"self":[{"href":"http:\/\/nuevacordoba.net\/index.php\/wp-json\/wp\/v2\/posts\/40909"}],"collection":[{"href":"http:\/\/nuevacordoba.net\/index.php\/wp-json\/wp\/v2\/posts"}],"about":[{"href":"http:\/\/nuevacordoba.net\/index.php\/wp-json\/wp\/v2\/types\/post"}],"author":[{"embeddable":true,"href":"http:\/\/nuevacordoba.net\/index.php\/wp-json\/wp\/v2\/users\/1"}],"replies":[{"embeddable":true,"href":"http:\/\/nuevacordoba.net\/index.php\/wp-json\/wp\/v2\/comments?post=40909"}],"version-history":[{"count":0,"href":"http:\/\/nuevacordoba.net\/index.php\/wp-json\/wp\/v2\/posts\/40909\/revisions"}],"wp:featuredmedia":[{"embeddable":true,"href":"http:\/\/nuevacordoba.net\/index.php\/wp-json\/wp\/v2\/media\/40910"}],"wp:attachment":[{"href":"http:\/\/nuevacordoba.net\/index.php\/wp-json\/wp\/v2\/media?parent=40909"}],"wp:term":[{"taxonomy":"category","embeddable":true,"href":"http:\/\/nuevacordoba.net\/index.php\/wp-json\/wp\/v2\/categories?post=40909"},{"taxonomy":"post_tag","embeddable":true,"href":"http:\/\/nuevacordoba.net\/index.php\/wp-json\/wp\/v2\/tags?post=40909"}],"curies":[{"name":"wp","href":"https:\/\/api.w.org\/{rel}","templated":true}]}}