{"id":40919,"date":"2024-01-13T16:44:13","date_gmt":"2024-01-13T16:44:13","guid":{"rendered":"https:\/\/www.ole.com.ar\/autos\/marcos-dipalma-sancion-video_0_C0dh3LPAj7.html"},"modified":"2024-01-13T16:44:13","modified_gmt":"2024-01-13T16:44:13","slug":"video-marcos-di-palma-podria-recibir-una-fuerte-sancion-por-hacer-maniobras-peligrosas-en-la-calle","status":"publish","type":"post","link":"http:\/\/nuevacordoba.net\/index.php\/2024\/01\/13\/video-marcos-di-palma-podria-recibir-una-fuerte-sancion-por-hacer-maniobras-peligrosas-en-la-calle\/","title":{"rendered":"Video: Marcos Di Palma podr\u00eda recibir una fuerte sanci\u00f3n por hacer maniobras peligrosas en la calle"},"content":{"rendered":"<p><time class=\"createDate\" datetime=\"2024-01-13T13:44:13-03:00\">13\/01\/2024 13:44hs.<\/time><time class=\"modificatedDate\" datetime=\"2024-01-13T15:20:47-03:00\"> Actualizado al 13\/01\/2024 15:20hs.<\/time><\/p>\n<div id=\"storyBody\">\n<div class=\"custom-text \" readability=\"10\">\n<p><strong>Marcos Di Palma<\/strong> expuso su coche de Turismo Carretera en las calles de Pergamino. Sin embargo, el espect\u00e1culo qued\u00f3 opacado porque el ex piloto tom\u00f3 una imprudente decisi\u00f3n que podr\u00eda haberle costado la vida a cualquiera de los presentes.<\/p>\n<\/div>\n<div class=\"custom-text \" readability=\"12\">\n<p>En esta oportunidad, el ex conductor subi\u00f3 a su auto e<strong> hizo trompos entre la Avenida de Mayo y Merced, a pocos cent\u00edmetros de quienes disfrutaban de la exposici\u00f3n, sin la habilitaci\u00f3n correspondiente<\/strong>.<\/p>\n<\/div>\n<div class=\"custom-text \" readability=\"12\">\n<p>Afortunadamente, nadie sali\u00f3 lastimado. Sin embargo, <strong>el ex corredor podr\u00eda ser sancionado por la Justicia <\/strong>porque la secuencia (que qued\u00f3 grabada y se volvi\u00f3 viral en las redes) termin\u00f3 en manos del Tribunal de Faltas, organismo que penar\u00eda su accionar.<\/p>\n<\/div>\n<div class=\"custom-text \" readability=\"9\">\n<p>Aunque depender\u00e1 de las autoridades que act\u00faen de oficio, <strong>Marcos Di Palma podr\u00eda ser imputado por \u00abconducci\u00f3n temeraria\u00bb<\/strong> seg\u00fan lo que establece el C\u00f3digo Penal.<\/p>\n<\/div>\n<p><h2>Video: el imprudente accionar de Marcos Di Palma<\/h2>\n<\/p>\n<div type=\"embed\" class=\"sc-7ce6049-0 dwIKul\">\n<div class=\"sc-7ce6049-1 bdcBBS videoText\" id=\"contentTitleembedlyZchXz4\" type=\"embed\" readability=\"6\"><svg fill=\"#ffffff\"><symbol id=\"play\" viewBox=\"0 0 512 512\"><path d=\"M512 256C512 397.4 397.4 512 256 512C114.6 512 0 397.4 0 256C0 114.6 114.6 0 256 0C397.4 0 512 114.6 512 256zM176 168V344C176 352.7 180.7 360.7 188.3 364.9C195.8 369.2 205.1 369 212.5 364.5L356.5 276.5C363.6 272.1 368 264.4 368 256C368 247.6 363.6 239.9 356.5 235.5L212.5 147.5C205.1 142.1 195.8 142.8 188.3 147.1C180.7 151.3 176 159.3 176 168V168z\" \/><\/symbol><use xlink:href=\"#play\" \/><\/svg><\/p>\n<div class=\"right\" readability=\"7\">\n<p>Marcos Di Palma<!-- --> &#8211;<!-- --> <span>13-1-2024<\/span><\/p>\n<h2 class=\"title-vid\">El imprudente accionar de Marcos Di Palma<\/h2>\n<\/div>\n<\/div>\n<p><span class=\"back\" id=\"spanBackembedlyZchXz4\"><\/span><\/div>\n<p><h2>Habr\u00eda un antecedente reciente<\/h2>\n<\/p>\n<div class=\"custom-text \" readability=\"14\">\n<p>Aunque las im\u00e1genes tomaron relevancia r\u00e1pidamente, esta ser\u00eda la segunda vez que Di Palma protagoniza un hecho desafortunado en cuesti\u00f3n de d\u00edas. Seg\u00fan pudieron reconstruir los medios locales, en diciembre el ex piloto realiz\u00f3 maniobras similares pero, a diferencia de este \u00faltimo episodio, aquel no tuvo trascendencia fuera de la zona.<\/p>\n<\/div>\n<div class=\"sc-e7b891c4-0 jPbnQF\"><img alt=\"Marcos Di Palma. (Archivo)\" src=\"http:\/\/nuevacordoba.net\/wp-content\/uploads\/2024\/01\/video-marcos-di-palma-podria-recibir-una-fuerte-sancion-por-hacer-maniobras-peligrosas-en-la-calle.jpg\" width=\"720\" height=\"100\" decoding=\"async\" data-nimg=\"future\" loading=\"lazy\"><span class=\"epigraphe\">Marcos Di Palma. (Archivo)<\/span><\/div>\n<\/div>\n","protected":false},"excerpt":{"rendered":"<p>13\/01\/2024 13:44hs. Actualizado al 13\/01\/2024 15:20hs. Marcos Di Palma expuso su coche de Turismo Carretera en las calles de Pergamino. Sin embargo, el espect\u00e1culo qued\u00f3 opacado porque el ex piloto tom\u00f3 una imprudente decisi\u00f3n que podr\u00eda haberle costado la vida a cualquiera de los presentes. En esta oportunidad, el ex conductor subi\u00f3 a su auto [&hellip;]<\/p>\n","protected":false},"author":1,"featured_media":40920,"comment_status":"closed","ping_status":"closed","sticky":false,"template":"","format":"standard","meta":[],"categories":[10],"tags":[],"_links":{"self":[{"href":"http:\/\/nuevacordoba.net\/index.php\/wp-json\/wp\/v2\/posts\/40919"}],"collection":[{"href":"http:\/\/nuevacordoba.net\/index.php\/wp-json\/wp\/v2\/posts"}],"about":[{"href":"http:\/\/nuevacordoba.net\/index.php\/wp-json\/wp\/v2\/types\/post"}],"author":[{"embeddable":true,"href":"http:\/\/nuevacordoba.net\/index.php\/wp-json\/wp\/v2\/users\/1"}],"replies":[{"embeddable":true,"href":"http:\/\/nuevacordoba.net\/index.php\/wp-json\/wp\/v2\/comments?post=40919"}],"version-history":[{"count":0,"href":"http:\/\/nuevacordoba.net\/index.php\/wp-json\/wp\/v2\/posts\/40919\/revisions"}],"wp:featuredmedia":[{"embeddable":true,"href":"http:\/\/nuevacordoba.net\/index.php\/wp-json\/wp\/v2\/media\/40920"}],"wp:attachment":[{"href":"http:\/\/nuevacordoba.net\/index.php\/wp-json\/wp\/v2\/media?parent=40919"}],"wp:term":[{"taxonomy":"category","embeddable":true,"href":"http:\/\/nuevacordoba.net\/index.php\/wp-json\/wp\/v2\/categories?post=40919"},{"taxonomy":"post_tag","embeddable":true,"href":"http:\/\/nuevacordoba.net\/index.php\/wp-json\/wp\/v2\/tags?post=40919"}],"curies":[{"name":"wp","href":"https:\/\/api.w.org\/{rel}","templated":true}]}}