{"id":40921,"date":"2024-01-13T12:13:24","date_gmt":"2024-01-13T12:13:24","guid":{"rendered":"https:\/\/prensa.cba.gov.ar\/?p=582862"},"modified":"2024-01-13T12:13:24","modified_gmt":"2024-01-13T12:13:24","slug":"cordoba-emprendedora-abre-su-espacio-comercial-en-cosquin","status":"publish","type":"post","link":"http:\/\/nuevacordoba.net\/index.php\/2024\/01\/13\/cordoba-emprendedora-abre-su-espacio-comercial-en-cosquin\/","title":{"rendered":"C\u00f3rdoba Emprendedora abre su espacio comercial en Cosqu\u00edn"},"content":{"rendered":"<div><img src=\"http:\/\/nuevacordoba.net\/wp-content\/uploads\/2024\/01\/cordoba-emprendedora-abre-su-espacio-comercial-en-cosquin.jpg\" class=\"ff-og-image-inserted\"><\/div>\n<ul>\n<li><strong>Habr\u00e1 rubros variados como velas, indumentaria de beb\u00e9, decoraci\u00f3n, papeler\u00eda, miel y m\u00e1s.<\/strong><\/li>\n<li><strong>Esta nueva vidriera comercial busca visibilizar y apoyar el crecimiento de emprendimientos.<\/strong><\/li>\n<\/ul>\n<p>Este s\u00e1bado, <strong>C\u00f3rdoba Emprendedora pone en marcha su \u201cnueva vidriera\u201d con su espacio comercial exclusivo en el Pre Cosqu\u00edn.<\/strong><\/p>\n<p>Durante los primeros d\u00edas, quienes visiten los stands se encontrar\u00e1n con<strong> El Taller de Any, Argot Deco, Barba Negra, Nirvana Velas Deco, Oma Omi, BeeApi, Editorial Buena Vista, Malenka Baby Design, Taller de Plata, Vitro Sukha, Ohana, Terra Cactus y Suculentas y Regina Home &amp; Deco.<\/strong><\/p>\n<p>Desde el 19 y hasta el 28 de enero podr\u00e1n descubrirse otras propuestas tambi\u00e9n de la mano de emprendimientos locales.&nbsp;<\/p>\n<p>Cabe destacar que, ser\u00e1n en total 40 las marcas que vivir\u00e1n esta experiencia, a trav\u00e9s de la cual podr\u00e1n exponer lo que hacen, aumentar facturaci\u00f3n, hacer redes y aprovechar la gran convocatoria para atraer p\u00fablicos.<\/p>\n<h3 class=\"wp-block-heading\"><strong>Cu\u00e1ndo visitar los stands<\/strong><\/h3>\n<p>El espacio de C\u00f3rdoba Emprendedora se podr\u00e1 recorrer hasta el 28 de enero, de 19 a 1. Estar\u00e1 ubicado en la Plaza San Mart\u00edn, en la Feria Nacional de Artesan\u00edas y Arte Popular Augusto Ra\u00fal Cort\u00e1zar. &nbsp;<\/p>\n<p>C\u00f3rdoba Emprendedora&nbsp;es un programa provincial impulsado por el Ministerio de Desarrollo Social y Promoci\u00f3n del Empleo, que sigue generando oportunidades de expansi\u00f3n para el sector emprendedor a trav\u00e9s de sus espacios de visibilizaci\u00f3n en las grandes vidrieras itinerantes que ofrecen los festivales en verano.<\/p>\n<p>M\u00e1s informaci\u00f3n en&nbsp;<a href=\"https:\/\/desarrolloyempleo.cba.gov.ar\/\" target=\"_blank\" rel=\"noreferrer noopener\">este link.<\/a><\/p>\n","protected":false},"excerpt":{"rendered":"<p>Habr\u00e1 rubros variados como velas, indumentaria de beb\u00e9, decoraci\u00f3n, papeler\u00eda, miel y m\u00e1s. Esta nueva vidriera comercial busca visibilizar y apoyar el crecimiento de emprendimientos. Este s\u00e1bado, C\u00f3rdoba Emprendedora pone en marcha su \u201cnueva vidriera\u201d con su espacio comercial exclusivo en el Pre Cosqu\u00edn. Durante los primeros d\u00edas, quienes visiten los stands se encontrar\u00e1n con [&hellip;]<\/p>\n","protected":false},"author":1,"featured_media":40922,"comment_status":"closed","ping_status":"closed","sticky":false,"template":"","format":"standard","meta":[],"categories":[14],"tags":[],"_links":{"self":[{"href":"http:\/\/nuevacordoba.net\/index.php\/wp-json\/wp\/v2\/posts\/40921"}],"collection":[{"href":"http:\/\/nuevacordoba.net\/index.php\/wp-json\/wp\/v2\/posts"}],"about":[{"href":"http:\/\/nuevacordoba.net\/index.php\/wp-json\/wp\/v2\/types\/post"}],"author":[{"embeddable":true,"href":"http:\/\/nuevacordoba.net\/index.php\/wp-json\/wp\/v2\/users\/1"}],"replies":[{"embeddable":true,"href":"http:\/\/nuevacordoba.net\/index.php\/wp-json\/wp\/v2\/comments?post=40921"}],"version-history":[{"count":0,"href":"http:\/\/nuevacordoba.net\/index.php\/wp-json\/wp\/v2\/posts\/40921\/revisions"}],"wp:featuredmedia":[{"embeddable":true,"href":"http:\/\/nuevacordoba.net\/index.php\/wp-json\/wp\/v2\/media\/40922"}],"wp:attachment":[{"href":"http:\/\/nuevacordoba.net\/index.php\/wp-json\/wp\/v2\/media?parent=40921"}],"wp:term":[{"taxonomy":"category","embeddable":true,"href":"http:\/\/nuevacordoba.net\/index.php\/wp-json\/wp\/v2\/categories?post=40921"},{"taxonomy":"post_tag","embeddable":true,"href":"http:\/\/nuevacordoba.net\/index.php\/wp-json\/wp\/v2\/tags?post=40921"}],"curies":[{"name":"wp","href":"https:\/\/api.w.org\/{rel}","templated":true}]}}