{"id":40925,"date":"2024-01-13T22:38:10","date_gmt":"2024-01-13T22:38:10","guid":{"rendered":"http:\/\/nuevacordoba.net\/index.php\/2024\/01\/13\/organizaciones-del-arte-y-la-cultura-defendieron-el-instituto-nacional-del-teatro\/"},"modified":"2024-01-13T22:38:10","modified_gmt":"2024-01-13T22:38:10","slug":"organizaciones-del-arte-y-la-cultura-defendieron-el-instituto-nacional-del-teatro","status":"publish","type":"post","link":"http:\/\/nuevacordoba.net\/index.php\/2024\/01\/13\/organizaciones-del-arte-y-la-cultura-defendieron-el-instituto-nacional-del-teatro\/","title":{"rendered":"Organizaciones del arte y la cultura defendieron el Instituto Nacional del Teatro"},"content":{"rendered":"<figure class=\"mb-3\"><img loading=\"lazy\" data-src=\"http:\/\/nuevacordoba.net\/wp-content\/uploads\/2024\/01\/organizaciones-del-arte-y-la-cultura-defendieron-el-instituto-nacional-del-teatro.jpg\" src=\"https:\/\/www.telam.com.ar\/assets\/img\/not_image.png\" class=\" lazy \" width=\"100%\" height=\"100%\" alt=\"Foto Ral Ferrari\"><figcaption> Foto: Ra\u00fal Ferrari. <\/figcaption><\/figure>\n<p>&nbsp;<\/p>\n<p>Organizaciones del arte y la cultura se manifestaron este s\u00e1bado con un \u00ababrazo\u00bb al Instituto Nacional del Teatro como modo de <strong>protesta al proyecto de ley que impulsa el Poder Ejecutivo Nacional <\/strong>y que prev\u00e9 el cierre de dicho organismo, adem\u00e1s de una fuerte reducci\u00f3n del financiamiento a las pol\u00edticas de fomento al cine y la m\u00fasica.<\/p>\n<p>La protesta, convocada por la Asociaci\u00f3n Argentina del Teatro Independiente (ARTEI), entre otras organizaciones, se realiz\u00f3 frente al edificio de Avenida Santa Fe 1235.<\/p>\n<figure class=\"mb-3\"><img loading=\"lazy\" data-src=\"http:\/\/nuevacordoba.net\/wp-content\/uploads\/2024\/01\/organizaciones-del-arte-y-la-cultura-defendieron-el-instituto-nacional-del-teatro-1.jpg\" src=\"https:\/\/www.telam.com.ar\/assets\/img\/not_image.png\" class=\" lazy \" width=\"100%\" height=\"100%\" alt=\"Foto Ral Ferrari\"><figcaption> Foto: Ra\u00fal Ferrari. <\/figcaption><\/figure>\n<p>\u00abDerogar la Ley Nacional del Teatro (24.800), que es fruto de una lucha hist\u00f3rica, representa una afrenta a la trayectoria teatral argentina reconocida mundialmente. Reemplazar el INT por vagas promesas de convertirlo en &#8216;programa&#8217; contradice su federalismo y su transparencia de siempre. Si esa vaga promesa se concretara, ser\u00eda un programa absolutamente discrecional, dependiente del gobierno de turno y de los impuestos generales, de los que ahora no depende\u00bb, dice el texto distribuido por ARTEI, que afirma que, de aprobarse el proyecto, se concretar\u00e1 \u00abun retroceso cultural de m\u00e1s de 25 a\u00f1os\u00bb.<\/p>\n<p>Esta semana en el Congreso compareci\u00f3 el secretario de Cultura, Leonardo Cifelli, quien asegur\u00f3 que el<strong> Instituto Nacional del Teatro y el Fondo Nacional de las Artes \u00abpasar\u00e1n a ser programas activos bajo la \u00f3rbita de la Secretar\u00eda\u00bb<\/strong>, y se conservar\u00e1 \u00abla promoci\u00f3n y el desarrollo de actividades\u00bb.<\/p>\n<figure class=\"mb-3\"><img loading=\"lazy\" data-src=\"http:\/\/nuevacordoba.net\/wp-content\/uploads\/2024\/01\/organizaciones-del-arte-y-la-cultura-defendieron-el-instituto-nacional-del-teatro-2.jpg\" src=\"https:\/\/www.telam.com.ar\/assets\/img\/not_image.png\" class=\" lazy \" width=\"100%\" height=\"100%\" alt=\"Foto Ral Ferrari\"><figcaption> Foto: Ra\u00fal Ferrari. <\/figcaption><\/figure>\n<p>\u00abQuerer eliminar al INT constituye un ataque injustificado a la cultura nacional, a nuestra identidad y al desarrollo descentralizado que el teatro independiente ha construido. Le pedimos a nuestros legisladores que no lo permitan\u00bb, respondi\u00f3 el comunicado de ARTEI.<\/p>\n<p>El proyecto de ley enviado por el Poder Ejecutivo postula la derogaci\u00f3n de la ley 24.800, de 1997, que regula la actividad teatral y garantiza \u00abel apoyo del Estado\u00bb.<\/p>\n<p>La norma, de fomento y financiamiento de la actividad teatral con fondos del \u00e1rea de Cultura, cre\u00f3 el Instituto Nacional del Teatro, que desaparece en el nuevo texto postulado.<\/p>\n<p>De acuerdo al proyecto a debatirse, \u00abse proceder\u00e1 a la<strong> reasignaci\u00f3n de los recursos humanos, presupuestarios y materiales con motivo<\/strong>\u00ab.<\/p>\n<figure class=\"mb-3\"><img loading=\"lazy\" data-src=\"http:\/\/nuevacordoba.net\/wp-content\/uploads\/2024\/01\/organizaciones-del-arte-y-la-cultura-defendieron-el-instituto-nacional-del-teatro-3.jpg\" src=\"https:\/\/www.telam.com.ar\/assets\/img\/not_image.png\" class=\" lazy \" width=\"100%\" height=\"100%\" alt=\"Foto Ral Ferrari\"><figcaption> Foto: Ra\u00fal Ferrari. <\/figcaption><\/figure>\n<p>Tambi\u00e9n el proyecto de ley del Poder Ejecutivo avanza sobre el <strong>financiamiento del Instituto Nacional de Cine y Artes Audiovisuales (INCAA) y el Instituto Nacional de la M\u00fasica<\/strong>, creado en 2012 a trav\u00e9s de la ley 26.801.<\/p>\n<p>En ambos casos el proyecto propone la supresi\u00f3n del financiamiento fijo derivado de la carga impositiva prevista en el art\u00edculo 97 de la Ley de Servicios de Comunicaci\u00f3n Audiovisual.<\/p>\n<figure class=\"mb-3\"><img loading=\"lazy\" data-src=\"http:\/\/nuevacordoba.net\/wp-content\/uploads\/2024\/01\/organizaciones-del-arte-y-la-cultura-defendieron-el-instituto-nacional-del-teatro-4.jpg\" src=\"https:\/\/www.telam.com.ar\/assets\/img\/not_image.png\" class=\" lazy \" width=\"100%\" height=\"100%\" alt=\"Foto Ral Ferrari\"><figcaption> Foto: Ra\u00fal Ferrari. <\/figcaption><\/figure>\n","protected":false},"excerpt":{"rendered":"<p>Foto: Ra\u00fal Ferrari. &nbsp; Organizaciones del arte y la cultura se manifestaron este s\u00e1bado con un \u00ababrazo\u00bb al Instituto Nacional del Teatro como modo de protesta al proyecto de ley que impulsa el Poder Ejecutivo Nacional y que prev\u00e9 el cierre de dicho organismo, adem\u00e1s de una fuerte reducci\u00f3n del financiamiento a las pol\u00edticas de [&hellip;]<\/p>\n","protected":false},"author":1,"featured_media":40926,"comment_status":"closed","ping_status":"closed","sticky":false,"template":"","format":"standard","meta":[],"categories":[9],"tags":[],"_links":{"self":[{"href":"http:\/\/nuevacordoba.net\/index.php\/wp-json\/wp\/v2\/posts\/40925"}],"collection":[{"href":"http:\/\/nuevacordoba.net\/index.php\/wp-json\/wp\/v2\/posts"}],"about":[{"href":"http:\/\/nuevacordoba.net\/index.php\/wp-json\/wp\/v2\/types\/post"}],"author":[{"embeddable":true,"href":"http:\/\/nuevacordoba.net\/index.php\/wp-json\/wp\/v2\/users\/1"}],"replies":[{"embeddable":true,"href":"http:\/\/nuevacordoba.net\/index.php\/wp-json\/wp\/v2\/comments?post=40925"}],"version-history":[{"count":0,"href":"http:\/\/nuevacordoba.net\/index.php\/wp-json\/wp\/v2\/posts\/40925\/revisions"}],"wp:featuredmedia":[{"embeddable":true,"href":"http:\/\/nuevacordoba.net\/index.php\/wp-json\/wp\/v2\/media\/40926"}],"wp:attachment":[{"href":"http:\/\/nuevacordoba.net\/index.php\/wp-json\/wp\/v2\/media?parent=40925"}],"wp:term":[{"taxonomy":"category","embeddable":true,"href":"http:\/\/nuevacordoba.net\/index.php\/wp-json\/wp\/v2\/categories?post=40925"},{"taxonomy":"post_tag","embeddable":true,"href":"http:\/\/nuevacordoba.net\/index.php\/wp-json\/wp\/v2\/tags?post=40925"}],"curies":[{"name":"wp","href":"https:\/\/api.w.org\/{rel}","templated":true}]}}