{"id":40927,"date":"2024-01-13T22:54:57","date_gmt":"2024-01-13T22:54:57","guid":{"rendered":"http:\/\/nuevacordoba.net\/index.php\/2024\/01\/13\/netanyahu-asegura-que-nadie-frenara-la-ofensiva-israeli-en-gaza\/"},"modified":"2024-01-13T22:54:57","modified_gmt":"2024-01-13T22:54:57","slug":"netanyahu-asegura-que-nadie-frenara-la-ofensiva-israeli-en-gaza","status":"publish","type":"post","link":"http:\/\/nuevacordoba.net\/index.php\/2024\/01\/13\/netanyahu-asegura-que-nadie-frenara-la-ofensiva-israeli-en-gaza\/","title":{"rendered":"Netanyahu asegura que \u00abnadie\u00bb frenar\u00e1 la ofensiva israel\u00ed en Gaza"},"content":{"rendered":"<figure class=\"mb-3\"><img loading=\"lazy\" data-src=\"http:\/\/nuevacordoba.net\/wp-content\/uploads\/2024\/01\/netanyahu-asegura-que-nadie-frenara-la-ofensiva-israeli-en-gaza.jpg\" src=\"https:\/\/www.telam.com.ar\/assets\/img\/not_image.png\" class=\" lazy \" width=\"100%\" height=\"100%\" alt=\"Foto AFP \"><figcaption> Foto: AFP. <\/figcaption><\/figure>\n<p>El primer ministro israel\u00ed, Benjamin Netanyahu, asegur\u00f3 este s\u00e1bado que \u00abnadie\u00bb frenar\u00e1 la ofensiva que lleva adelante contra Hamas en la Franja de Gaza tras los ataques del movimiento islamista palestino del 7 de octubre, del que este domingo se cumplen 100 d\u00edas.<\/p>\n<p>\u00abNadie nos detendr\u00e1, ni La Haya, ni el eje del mal, ni nadie m\u00e1s\u00bb, declar\u00f3 el jefe de gobierno, en referencia a la demanda presentada por Sud\u00e1frica contra Israel ante la Corte Internacional de Justicia (CIJ), con sede en La Haya, por \u00abgenocidio\u00bb en Gaza.<\/p>\n<p>\u00abEstamos en el camino de la victoria y no pararemos hasta conseguirla\u00bb, afirm\u00f3 en una conferencia de prensa en la sede del Ej\u00e9rcito en Tel Aviv. \u00abNo transigiremos y no nos detendremos\u00bb, asegur\u00f3, en declaraciones recogidas por el diario Times of Israel.<\/p>\n<blockquote class><p>La respuesta de Israel, que prometi\u00f3 \u00abaniquilar\u00bb a Hamas, dej\u00f3 hasta el momento m\u00e1s de 23.800 muertos, una gran mayor\u00eda de ellos mujeres y ni\u00f1os, y una grave crisis humanitaria<\/p><\/blockquote>\n<p>Esta semana, ambas partes presentaron sus argumentos en sendas audiencias en La Haya. Sud\u00e1frica argumenta que Israel viol\u00f3 la Convenci\u00f3n para la Prevenci\u00f3n de Genocidios, firmada en 1948 despu\u00e9s del Holocausto.<\/p>\n<p>En su exposici\u00f3n, el ministro de Justicia sudafricano, Ronald Lamola, asegur\u00f3 que \u00abning\u00fan ataque armado en el territorio de un Estado, por muy grave que sea (&#8230;) justifica que se vulnere\u00bb esa convenci\u00f3n.<\/p>\n<p>El objetivo del recurso de Sud\u00e1frica es que los jueces de la CIJ ordenen un cese inmediato de la campa\u00f1a militar lanzada por Israel tras el ataque de Hamas del 7 de octubre, que dej\u00f3 unos 1.200 muertos, en su mayor\u00eda civiles, y el secuestro de unas 240 personas, entre ellas una veintena con nacionalidad argentina.<\/p>\n<figure class=\"mb-3\"><img loading=\"lazy\" data-src=\"http:\/\/nuevacordoba.net\/wp-content\/uploads\/2024\/01\/netanyahu-asegura-que-nadie-frenara-la-ofensiva-israeli-en-gaza-1.jpg\" src=\"https:\/\/www.telam.com.ar\/assets\/img\/not_image.png\" class=\" lazy \" width=\"100%\" height=\"100%\" alt=\"La mayora de las vctimas de los bombardeos israeles son nios Foto AFP \"><figcaption> La mayor\u00eda de las v\u00edctimas de los bombardeos israel\u00edes son ni\u00f1os. Foto: AFP. <\/figcaption><\/figure>\n<p>La respuesta de Israel, que prometi\u00f3 \u00abaniquilar\u00bb a Hamas, dej\u00f3 hasta el momento m\u00e1s de 23.800 muertos, una gran mayor\u00eda de ellos mujeres y ni\u00f1os, y una grave crisis humanitaria.<\/p>\n<p>Netanyahu asegur\u00f3 este s\u00e1bado, en referencia a la demanda sudafricana, que el \u00abhip\u00f3crita ataque es una bajeza moral en la historia de las naciones\u00bb.<\/p>\n<p>\u00abEl antisemitismo sigue vivo, pero el estatus del pueblo jud\u00edo ha cambiado: tenemos un Estado, un ej\u00e9rcito y heroicos soldados que protegen a nuestro pueblo\u00bb, se\u00f1al\u00f3. Y prometi\u00f3 que \u00ablo que ocurri\u00f3 el 7 de octubre no volver\u00e1 a pasar\u00bb. <\/p>\n","protected":false},"excerpt":{"rendered":"<p>Foto: AFP. El primer ministro israel\u00ed, Benjamin Netanyahu, asegur\u00f3 este s\u00e1bado que \u00abnadie\u00bb frenar\u00e1 la ofensiva que lleva adelante contra Hamas en la Franja de Gaza tras los ataques del movimiento islamista palestino del 7 de octubre, del que este domingo se cumplen 100 d\u00edas. \u00abNadie nos detendr\u00e1, ni La Haya, ni el eje del [&hellip;]<\/p>\n","protected":false},"author":1,"featured_media":40928,"comment_status":"closed","ping_status":"closed","sticky":false,"template":"","format":"standard","meta":[],"categories":[13],"tags":[],"_links":{"self":[{"href":"http:\/\/nuevacordoba.net\/index.php\/wp-json\/wp\/v2\/posts\/40927"}],"collection":[{"href":"http:\/\/nuevacordoba.net\/index.php\/wp-json\/wp\/v2\/posts"}],"about":[{"href":"http:\/\/nuevacordoba.net\/index.php\/wp-json\/wp\/v2\/types\/post"}],"author":[{"embeddable":true,"href":"http:\/\/nuevacordoba.net\/index.php\/wp-json\/wp\/v2\/users\/1"}],"replies":[{"embeddable":true,"href":"http:\/\/nuevacordoba.net\/index.php\/wp-json\/wp\/v2\/comments?post=40927"}],"version-history":[{"count":0,"href":"http:\/\/nuevacordoba.net\/index.php\/wp-json\/wp\/v2\/posts\/40927\/revisions"}],"wp:featuredmedia":[{"embeddable":true,"href":"http:\/\/nuevacordoba.net\/index.php\/wp-json\/wp\/v2\/media\/40928"}],"wp:attachment":[{"href":"http:\/\/nuevacordoba.net\/index.php\/wp-json\/wp\/v2\/media?parent=40927"}],"wp:term":[{"taxonomy":"category","embeddable":true,"href":"http:\/\/nuevacordoba.net\/index.php\/wp-json\/wp\/v2\/categories?post=40927"},{"taxonomy":"post_tag","embeddable":true,"href":"http:\/\/nuevacordoba.net\/index.php\/wp-json\/wp\/v2\/tags?post=40927"}],"curies":[{"name":"wp","href":"https:\/\/api.w.org\/{rel}","templated":true}]}}