{"id":40931,"date":"2024-01-13T19:14:41","date_gmt":"2024-01-13T19:14:41","guid":{"rendered":"https:\/\/www.ole.com.ar\/futbol-ascenso\/primera-nacional-ascenso-pulga-rodriguez_0_lsCcqegvYi.html"},"modified":"2024-01-13T19:14:41","modified_gmt":"2024-01-13T19:14:41","slug":"bombazo-el-pulga-rodriguez-jugara-en-el-ascenso","status":"publish","type":"post","link":"http:\/\/nuevacordoba.net\/index.php\/2024\/01\/13\/bombazo-el-pulga-rodriguez-jugara-en-el-ascenso\/","title":{"rendered":"Bombazo: el Pulga Rodr\u00edguez jugar\u00e1 en el Ascenso"},"content":{"rendered":"<p><time class=\"createDate\" datetime=\"2024-01-13T16:14:41-03:00\">13\/01\/2024 16:14hs.<\/time><time class=\"modificatedDate\" datetime=\"2024-01-13T16:53:46-03:00\"> Actualizado al 13\/01\/2024 16:53hs.<\/time><\/p>\n<div id=\"storyBody\">\n<div class=\"custom-text \" readability=\"37.513863216266\">\n<p><strong>Es el bombazo del mercado de pases del <a href=\"https:\/\/www.ole.com.ar\/tema\/ascenso.html\" title=\"Ascenso\" alt=\"Ascenso\" class=\"slug\">Ascenso<\/a>. <\/strong>Por nombre, por peso propio, por jerarqu\u00eda, por capacidad y por todo lo que fue construyendo en su carrera con el correr de los a\u00f1os. Despu\u00e9s de un 2023 muy complejo, en el que tuvo poca acci\u00f3n por el accidente de tr\u00e1nsito que lo tuvo alejado de las canchas por bastante tiempo, <strong><a href=\"https:\/\/www.ole.com.ar\/tema\/pulga-rodriguez.html\" title=\"Pulga Rodr\u00edguez\" alt=\"Pulga Rodr\u00edguez\" class=\"slug\">Luis Miguel Rodr\u00edguez<\/a> ya tiene definido d\u00f3nde jugar\u00e1 hasta diciembre de este a\u00f1o<\/strong>. Ser\u00e1 en <strong><a href=\"https:\/\/www.ole.com.ar\/tema\/gimnasia-de-jujuy.html\" title=\"Gimnasia de Jujuy\" alt=\"Gimnasia de Jujuy\" class=\"slug\">Gimnasia de Jujuy<\/a><\/strong>, quien se movi\u00f3 m\u00e1s r\u00e1pido que el resto y termin\u00f3 abrochando a un delantero de primer nivel.<\/p>\n<\/div>\n<div class=\"custom-text \" readability=\"37.307692307692\">\n<p>Son\u00f3 fuerte en <a href=\"https:\/\/www.ole.com.ar\/tema\/colon.html\" title=\"Col\u00f3n\" alt=\"Col\u00f3n\" class=\"slug\">Col\u00f3n<\/a>, club que llev\u00f3 a conquistar la Copa de la Liga Profesional 2021. Luego del descenso y de dejar la LPF, en Santa Fe se ilusionaron con la posibilidad de contar con el Pulga para buscar el retorno a la elite del f\u00fatbol argentino. Sin embargo, <strong>el Lobo pudo m\u00e1s, jug\u00f3 fuerte en la negociaci\u00f3n y se qued\u00f3 con el futbolista de 39 a\u00f1os <\/strong>que llegar\u00e1 a la <a href=\"https:\/\/www.ole.com.ar\/tema\/primera-nacional.html\" title=\"Primera Nacional\" alt=\"Primera Nacional\" class=\"slug\">Primera Nacional<\/a> para jerarquizarla y ser uno de los atractivos del campeonato que comenzar\u00e1 el primer fin de semana de febrero.<\/p>\n<\/div>\n<div class=\"custom-text \" readability=\"41\">\n<p><strong>La primera confirmaci\u00f3n la realiz\u00f3 Roberto San Juan, el representante del futbolista.<\/strong> \u00abCerramos con Gimnasia, jugar\u00e1 all\u00e1\u00bb, sostuvo. Y poco despu\u00e9s, desde la cuenta oficial del conjunto juje\u00f1o enviaron otro mensaje en alusi\u00f3n al arribo de Rodr\u00edguez al club. <strong>\u00abEfectivamente, se viene el cine\u00bb, escribieron al adelantar la noticia que est\u00e1 sacudiendo a toda la provincia.<\/strong><\/p>\n<\/div>\n<div class=\"custom-text \" readability=\"35.119363395225\">\n<p>El Pulga, que debut\u00f3 en <a href=\"https:\/\/www.ole.com.ar\/tema\/atletico-tucuman.html\" title=\"Atl\u00e9tico Tucum\u00e1n\" alt=\"Atl\u00e9tico Tucum\u00e1n\" class=\"slug\">Atl\u00e9tico Tucum\u00e1n<\/a> en 2007 (326 PJ y 130 goles), tuvo pasos tambi\u00e9n por <a href=\"https:\/\/www.ole.com.ar\/tema\/reserva-newells.html\" title=\"Reserva Newell's\" alt=\"Reserva Newell's\" class=\"slug\">Newell&#8217;s<\/a> (18 PJ y tres goles), el Sabalero (100 PJ y 37 goles), <a href=\"https:\/\/www.ole.com.ar\/tema\/gimnasia-de-la-plata.html\" title=\"Gimnasia de La Plata\" alt=\"Gimnasia de La Plata\" class=\"slug\">Gimnasia de La Plata<\/a> (23 PJ y nueve goles) y el Ferroviario (20 PJ y tres goles), antes de aterrizar en el Lobo del Norte. <strong>\u00bfSus n\u00fameros en total? Disput\u00f3 488 encuentros en toda su carrera y convirti\u00f3 182 tantos.<\/strong><\/p>\n<\/div>\n<div class=\"custom-text \" readability=\"38\">\n<p>El delantero pretende dejar atr\u00e1s una temporada pasada en la que no logr\u00f3 tener continuidad. \u00bfEl motivo? <strong>La ma\u00f1ana del 30 de abril de 2023 sufri\u00f3 un accidente en la intersecci\u00f3n de la ruta 157 y 308 de la localidad de Lamadrid, en la provincia de Tucum\u00e1n. <\/strong>Luego de la colisi\u00f3n, fue encontrado por otros conductores cuando deambulaba desconcertado por los fuertes golpes que recibi\u00f3. Enseguida, llegaron las autoridades de la provincia y el jugador fue hospitalizado de inmediato.<\/p>\n<\/div>\n<div class=\"custom-text \" readability=\"40\">\n<p>Rodr\u00edguez fue derivado al Hospital \u00c1ngel Cruz Padilla de San Miguel de Tucum\u00e1n. All\u00ed fue atendido por la doctora Magal\u00ed Kruzliak, quien lo diagnostic\u00f3 con un traumatismo craneoencef\u00e1lico y en su rostro. El primer parte m\u00e9dico habl\u00f3 de que su estado era \u00abestable\u00bb, pero con el correr de las horas debieron trasladarlo a terapia intensiva. \u00abEn este momento no corre riesgos de vida, pero no puedo dar precisiones porque necesitamos una evaluaci\u00f3n constante. Es minuto a minuto porque con muchos de estos golpes tenemos que estar atentos\u00bb, explic\u00f3 en su momento Jorge Valdecantos, director del Hospital Padilla.<\/p>\n<\/div>\n<div class=\"custom-text \" readability=\"37.503597122302\">\n<p><strong>Para fortuna de todos, semanas despu\u00e9s, el 19 de mayo, el Pulga volvi\u00f3 a entrenar con <a href=\"https:\/\/www.ole.com.ar\/tema\/central-cordoba.html\" title=\"Central C\u00f3rdoba\" alt=\"Central C\u00f3rdoba\" class=\"slug\">Central C\u00f3rdoba<\/a><\/strong> por primera vez desde el accidente automovil\u00edstico que casi le cuesta la vida. <strong>Su regreso a las canchas fue reci\u00e9n el 15 de agosto<\/strong>, cuando ingres\u00f3 a los 15&#8242; del segundo tiempo en el duelo frente a Independiente en el estadio \u00danico Madre de Ciudades.<strong> Tuvo que esperar 115 d\u00edas para volver a jugar el f\u00fatbol.<\/strong><\/p>\n<\/div>\n<div class=\"custom-text \" readability=\"32.894736842105\">\n<p>Hoy, ya con una nueva camiseta, el Pulga ir\u00e1 a <a href=\"https:\/\/www.ole.com.ar\/tema\/gimnasia-de-jujuy.html\" title=\"Gimnasia de Jujuy\" alt=\"Gimnasia de Jujuy\" class=\"slug\">Gimnasia<\/a> con la meta de agarrar continuidad y conseguir el ansiado ascenso a Primera.<\/p>\n<\/div>\n<p><h2>El mercado de Gimnasia (J)<\/h2>\n<\/p>\n<div class=\"custom-text \" readability=\"46\">\n<p><strong>Altas <\/strong>Facundo Rizzi, Rodrigo Montes, Franco Camargo, Diego L\u00f3pez, Cristian Men\u00e9ndez, Francisco Molina, Joaqu\u00edn Bigo, Ignacio Lobo, Facundo Rojas, Mauro Albertengo, Gabriel M\u00e9ndez, Mauro Osores, Agust\u00edn Palavecino y Luis Rodr\u00edguez.<\/p>\n<\/div>\n<div class=\"custom-text \" readability=\"46\">\n<p><strong>Bajas <\/strong>Tom\u00e1s Akimenco, \u00c1lvaro Cazula, Tob\u00edas Mercado Rush, Julio Chiarini, Juan Manuel T\u00e9vez, Esteban Gonz\u00e1lez, Gast\u00f3n Yabale, Fernando Brand\u00e1n, Nicol\u00e1s Miracco, Francisco Maidana, Gonzalo Rodr\u00edguez, Abel Arga\u00f1araz, Carlos Garz\u00f3n y Sebasti\u00e1n Hern\u00e1ndez.<\/p>\n<\/div>\n<div class=\"sc-a7166897-0 exHLBh\" readability=\"6\">\n<section readability=\"2\"><picture><img alt=\"Exclusivo Ol\u00e9: el gui\u00f1o de Thiago Almada al Atl\u00e9tico Madrid\" src=\"http:\/\/nuevacordoba.net\/wp-content\/uploads\/2024\/01\/bombazo-el-pulga-rodriguez-jugara-en-el-ascenso.jpg\" width=\"290\" height=\"290\" decoding=\"async\" data-nimg=\"future\" loading=\"lazy\"><\/picture>\n<p><span>Mir\u00e1 tambi\u00e9n<\/span><\/p>\n<hr>\n<h3>Exclusivo Ol\u00e9: el gui\u00f1o de Thiago Almada al Atl\u00e9tico Madrid<\/h3>\n<\/p>\n<\/section>\n<\/div>\n<div class=\"sc-a7166897-0 exHLBh\" readability=\"7.5\">\n<section readability=\"5\"><picture><img alt=\"Boca vs. Gimnasia y Tiro, hoy EN VIVO por un partido amistoso: a qu\u00e9 hora, por d\u00f3nde ver y posibles formaciones\" src=\"http:\/\/nuevacordoba.net\/wp-content\/uploads\/2024\/01\/bombazo-el-pulga-rodriguez-jugara-en-el-ascenso-1.jpg\" width=\"290\" height=\"290\" decoding=\"async\" data-nimg=\"future\" loading=\"lazy\"><\/picture>\n<p><span>Mir\u00e1 tambi\u00e9n<\/span><\/p>\n<hr>\n<h3>Boca vs. Gimnasia y Tiro, hoy EN VIVO por un partido amistoso: a qu\u00e9 hora, por d\u00f3nde ver y posibles formaciones<\/h3>\n<\/p>\n<\/section>\n<\/div>\n<div class=\"sc-a7166897-0 exHLBh\" readability=\"6\">\n<section readability=\"2\"><picture><img alt=\"La Selecci\u00f3n Sub 23 gan\u00f3 su \u00faltimo amistoso antes del Preol\u00edmpico\" src=\"http:\/\/nuevacordoba.net\/wp-content\/uploads\/2024\/01\/bombazo-el-pulga-rodriguez-jugara-en-el-ascenso-2.jpg\" width=\"290\" height=\"290\" decoding=\"async\" data-nimg=\"future\" loading=\"lazy\"><\/picture>\n<p><span>Mir\u00e1 tambi\u00e9n<\/span><\/p>\n<hr>\n<h3>La Selecci\u00f3n Sub 23 gan\u00f3 su \u00faltimo amistoso antes del Preol\u00edmpico<\/h3>\n<\/p>\n<\/section>\n<\/div>\n<div class=\"sc-a7166897-0 exHLBh\" readability=\"6.5\">\n<section readability=\"3\"><picture><img alt=\"El rom\u00e1ntico comentario que Lisandro Mart\u00ednez le hizo a su novia y revolucion\u00f3 las redes\" src=\"http:\/\/nuevacordoba.net\/wp-content\/uploads\/2024\/01\/bombazo-el-pulga-rodriguez-jugara-en-el-ascenso-3.jpg\" width=\"290\" height=\"290\" decoding=\"async\" data-nimg=\"future\" loading=\"lazy\"><\/picture>\n<p><span>Mir\u00e1 tambi\u00e9n<\/span><\/p>\n<hr>\n<h3>El rom\u00e1ntico comentario que Lisandro Mart\u00ednez le hizo a su novia y revolucion\u00f3 las redes<\/h3>\n<\/p>\n<\/section>\n<\/div>\n<div class=\"sc-a7166897-0 exHLBh\" readability=\"7\">\n<section readability=\"4\"><picture><img alt=\"Luis Su\u00e1rez, presentado en Inter Miami: del reencuentro con Messi a la emoci\u00f3n por la Copa Am\u00e9rica\" src=\"http:\/\/nuevacordoba.net\/wp-content\/uploads\/2024\/01\/bombazo-el-pulga-rodriguez-jugara-en-el-ascenso-4.jpg\" width=\"290\" height=\"290\" decoding=\"async\" data-nimg=\"future\" loading=\"lazy\"><\/picture>\n<p><span>Mir\u00e1 tambi\u00e9n<\/span><\/p>\n<hr>\n<h3>Luis Su\u00e1rez, presentado en Inter Miami: del reencuentro con Messi a la emoci\u00f3n por la Copa Am\u00e9rica<\/h3>\n<\/p>\n<\/section>\n<\/div>\n<\/div>\n","protected":false},"excerpt":{"rendered":"<p>13\/01\/2024 16:14hs. Actualizado al 13\/01\/2024 16:53hs. Es el bombazo del mercado de pases del Ascenso. Por nombre, por peso propio, por jerarqu\u00eda, por capacidad y por todo lo que fue construyendo en su carrera con el correr de los a\u00f1os. Despu\u00e9s de un 2023 muy complejo, en el que tuvo poca acci\u00f3n por el accidente [&hellip;]<\/p>\n","protected":false},"author":1,"featured_media":40932,"comment_status":"closed","ping_status":"closed","sticky":false,"template":"","format":"standard","meta":[],"categories":[10],"tags":[],"_links":{"self":[{"href":"http:\/\/nuevacordoba.net\/index.php\/wp-json\/wp\/v2\/posts\/40931"}],"collection":[{"href":"http:\/\/nuevacordoba.net\/index.php\/wp-json\/wp\/v2\/posts"}],"about":[{"href":"http:\/\/nuevacordoba.net\/index.php\/wp-json\/wp\/v2\/types\/post"}],"author":[{"embeddable":true,"href":"http:\/\/nuevacordoba.net\/index.php\/wp-json\/wp\/v2\/users\/1"}],"replies":[{"embeddable":true,"href":"http:\/\/nuevacordoba.net\/index.php\/wp-json\/wp\/v2\/comments?post=40931"}],"version-history":[{"count":0,"href":"http:\/\/nuevacordoba.net\/index.php\/wp-json\/wp\/v2\/posts\/40931\/revisions"}],"wp:featuredmedia":[{"embeddable":true,"href":"http:\/\/nuevacordoba.net\/index.php\/wp-json\/wp\/v2\/media\/40932"}],"wp:attachment":[{"href":"http:\/\/nuevacordoba.net\/index.php\/wp-json\/wp\/v2\/media?parent=40931"}],"wp:term":[{"taxonomy":"category","embeddable":true,"href":"http:\/\/nuevacordoba.net\/index.php\/wp-json\/wp\/v2\/categories?post=40931"},{"taxonomy":"post_tag","embeddable":true,"href":"http:\/\/nuevacordoba.net\/index.php\/wp-json\/wp\/v2\/tags?post=40931"}],"curies":[{"name":"wp","href":"https:\/\/api.w.org\/{rel}","templated":true}]}}