{"id":40945,"date":"2024-01-14T09:45:29","date_gmt":"2024-01-14T09:45:29","guid":{"rendered":"http:\/\/nuevacordoba.net\/index.php\/2024\/01\/14\/una-oda-al-anime-el-comic-y-el-cosplay-comenzo-la-otaku-con\/"},"modified":"2024-01-14T09:45:29","modified_gmt":"2024-01-14T09:45:29","slug":"una-oda-al-anime-el-comic-y-el-cosplay-comenzo-la-otaku-con","status":"publish","type":"post","link":"http:\/\/nuevacordoba.net\/index.php\/2024\/01\/14\/una-oda-al-anime-el-comic-y-el-cosplay-comenzo-la-otaku-con\/","title":{"rendered":"Una oda al anim\u00e9, el comic y el cosplay: comenz\u00f3 la Otaku-Con"},"content":{"rendered":"<figure class=\"mb-3\"><img loading=\"lazy\" data-src=\"http:\/\/nuevacordoba.net\/wp-content\/uploads\/2024\/01\/una-oda-al-anime-el-comic-y-el-cosplay-comenzo-la-otaku-con.jpg\" src=\"https:\/\/www.telam.com.ar\/assets\/img\/not_image.png\" class=\" lazy \" width=\"100%\" height=\"100%\" alt=\"La jornada de este domingo tendr uno de sus momentos ms convocantes a las 19 cuando los cosplayers desfilen desde la convencin hasta el puerto Foto Alejandra Bartoliche\"><figcaption> La jornada de este domingo tendr\u00e1 uno de sus momentos m\u00e1s convocantes a las 19, cuando los cosplayers desfilen desde la convenci\u00f3n hasta el puerto \/ Foto: Alejandra Bartoliche. <\/figcaption><\/figure>\n<p>El mundo del c\u00f3mic y el anim\u00e9 volvi\u00f3 a hacer pie en Bariloche con la segunda edici\u00f3n de la Otaku-Con, la convenci\u00f3n para fans del cosplay, el manga, los videojuegos y los superh\u00e9roes iniciada este s\u00e1bado y que propone un fin de semana con una amplia variedad de espect\u00e1culos y atracciones.<\/p>\n<p>La cultura Otaku se sent\u00eda en cada cent\u00edmetro cuadrado del <strong>Gimnasio Bomberos Voluntarios<\/strong>, el principal estadio cerrado de la ciudad, donde el campo de juego qued\u00f3 transformado en una suerte de gran feria freak, adornada con mu\u00f1ecos de Pikachu, Iron Man y Goku, entre otros.<\/p>\n<p>\u00abSorprende la necesidad que hab\u00eda de esto\u00bb, confiaron a T\u00e9lam desde la producci\u00f3n del encuentro, que tiene su segunda edici\u00f3n en apenas cinco meses debido a la \u00abtan buena aceptaci\u00f3n y los tantos y tan buenos comentarios\u00bb que dej\u00f3 la primera, realizada el 5 y 6 de agosto de 2023.<\/p>\n<figure class=\"mb-3\"><img loading=\"lazy\" data-src=\"http:\/\/nuevacordoba.net\/wp-content\/uploads\/2024\/01\/una-oda-al-anime-el-comic-y-el-cosplay-comenzo-la-otaku-con-1.jpg\" src=\"https:\/\/www.telam.com.ar\/assets\/img\/not_image.png\" class=\" lazy \" width=\"100%\" height=\"100%\" alt=\"Stands y feria con merchandising Otaku Foto Alejandra Bartoliche\"><figcaption> Stands y feria con merchandising Otaku \/ Foto: Alejandra Bartoliche. <\/figcaption><\/figure>\n<p>Esta \u00abdemanda del lado del p\u00fablico\u00bb se materializaba en las alrededor de <strong>2.000 personas que ya hab\u00edan comprado la entrada en la previa<\/strong>, sumado a las que hac\u00edan cola para adquirir su ticket en la puerta del lugar.<\/p>\n<p>Nom\u00e1s cruzar la entrada, Batman, Spider-Man, Venom, Goku u Obi Wan Kenobi se mezclaban con muchos otros trajes an\u00f3nimos, interpretados tanto por ni\u00f1os como -en su mayor\u00eda- por adultos, con distintos grados de producci\u00f3n y tem\u00e1tica, aunque con una marcada preeminencia de la est\u00e9tica de la cultura nipona.<\/p>\n<p>El p\u00fablico y los participantes se mov\u00edan entre las cinco hileras de <strong>stands <\/strong>dispuestos a modo de feria a lo largo del campo de juego, en los que se ofrec\u00edan <strong>desde tazas a remeras, mu\u00f1ecos, c\u00f3mics y mangas, llaveros, imanes, l\u00e1mparas, fotos prints, medias y libros, entre otros productos de la tem\u00e1tica.<\/strong><\/p>\n<figure class=\"mb-3\"><img loading=\"lazy\" data-src=\"http:\/\/nuevacordoba.net\/wp-content\/uploads\/2024\/01\/una-oda-al-anime-el-comic-y-el-cosplay-comenzo-la-otaku-con-2.jpg\" src=\"https:\/\/www.telam.com.ar\/assets\/img\/not_image.png\" class=\" lazy \" width=\"100%\" height=\"100%\" alt=\"Sorprende la necesidad que haba de esto confiaron a Tlam desde la produccin del encuentro que tiene su segunda edicin en apenas cinco meses Foto Alejandra Bartoliche\"><figcaption> \u00abSorprende la necesidad que hab\u00eda de esto\u00bb, confiaron a T\u00e9lam desde la producci\u00f3n del encuentro, que tiene su segunda edici\u00f3n en apenas cinco meses \/ Foto: Alejandra Bartoliche. <\/figcaption><\/figure>\n<p>En el escenario, al fondo, se alternaban bandas musicales con <strong>performances de danza, K Pop, Wu Shu Tao, streamers y otros de los 15 espect\u00e1culos previstos<\/strong> para cada d\u00eda adem\u00e1s de los cosplayers; cada uno de estos \u00faltimos deb\u00eda realizar una performance con video y m\u00fasica de aproximadamente 45 segundos para participar del concurso.<\/p>\n<p>En total eran<strong> m\u00e1s de 150 los cosplayers <\/strong>(es decir, las personas disfrazadas, generalmente con atuendos creados por ellas mismas, que interpretan un rol) anotados, s<strong>in contar a los ni\u00f1os que participan de la \u00abCosplayers Kids\u00bb.<\/strong><\/p>\n<p>\u00abQu\u00e9 bueno que se pueda organizar algo as\u00ed, con un escenario espectacular, con muchos invitados, y que se d\u00e9 con una frecuencia tan corta. La segunda edici\u00f3n es un golazo\u00bb, valor\u00f3 en di\u00e1logo con T\u00e9lam un \u00absorprendido\u00bb Magnus Mefisto, el reconocido youtuber que conduce el encuentro, en su segunda participaci\u00f3n en la Otaku Con.<\/p>\n<figure class=\"mb-3\"><img loading=\"lazy\" data-src=\"http:\/\/nuevacordoba.net\/wp-content\/uploads\/2024\/01\/una-oda-al-anime-el-comic-y-el-cosplay-comenzo-la-otaku-con-3.jpg\" src=\"https:\/\/www.telam.com.ar\/assets\/img\/not_image.png\" class=\" lazy \" width=\"100%\" height=\"100%\" alt=\"Foto Alejandra Bartoliche\"><figcaption> Foto: Alejandra Bartoliche. <\/figcaption><\/figure>\n<p>\u00abMe sorprendi\u00f3 volver con tan poca diferencia de tiempo\u00bb, subray\u00f3, y se\u00f1al\u00f3 que la convocatoria y el inter\u00e9s por este tipo de eventos est\u00e1 relacionado con el gran crecimiento que viene teniendo la escena en los \u00faltimos 20 a\u00f1os, desde \u201clas primeras Fantabaires en Buenos Aires, que era lo \u00fanico que exist\u00eda\u201d, hasta llegar hoy \u201cal nivel de s\u00faper mainstream\u00bb, con eventos como las multitudinarias Argentina Comic-Con y Anime-Con que se organizan en Buenos Aires.<\/p>\n<p><strong>Magnus Mefisto, cuyos videos de terror y misterio en YouTube tienen millones de reproducciones, valora la posibilidad de salir de la plataforma y entablar una relaci\u00f3n personal con la gente<\/strong>: \u201cComo experiencia, me llena mil veces m\u00e1s. Como experiencia de conocer a las personas, de charlar con la gente. Me importa mucho conocer al p\u00fablico, charlar con las personas. Decirle &#8216;qu\u00e9 opinas, qu\u00e9 te pareci\u00f3 esto, qu\u00e9 te pareci\u00f3 lo otro&#8217;. Crear comunidad de ese lado\u201d.<\/p>\n<figure class=\"mb-3\"><img loading=\"lazy\" data-src=\"http:\/\/nuevacordoba.net\/wp-content\/uploads\/2024\/01\/una-oda-al-anime-el-comic-y-el-cosplay-comenzo-la-otaku-con-4.jpg\" src=\"https:\/\/www.telam.com.ar\/assets\/img\/not_image.png\" class=\" lazy \" width=\"100%\" height=\"100%\" alt=\"Foto Alejandra Bartoliche\"><figcaption> Foto: Alejandra Bartoliche. <\/figcaption><\/figure>\n<p>Seg\u00fan se\u00f1al\u00f3 el <strong>ilustrador Claudio Aboy <\/strong>en di\u00e1logo con esta agencia, hace al inter\u00e9s por el evento el hecho de que \u201cla edici\u00f3n anterior era la primera que se hac\u00eda en Bariloche\u201d: \u201cEso ya de por s\u00ed promueve una expectativa de la gente, tiene una repercusi\u00f3n de un evento que se hace por primera vez y que hay todo un p\u00fablico receptivo a eso\u201d, puntualiz\u00f3.<\/p>\n<p><strong>Reconocido por su trabajo como ilustrador de Star Wars y Marvel<\/strong>, franquicias que usan sus creaciones para promocionar pel\u00edculas o series y venden esos motivos como p\u00f3sters de edici\u00f3n limitada, Aboy estaba tras un stand ubicado en un sal\u00f3n contiguo al principal, en el que vend\u00eda tanto reproducciones de sus cuadros como algunos originales.<\/p>\n<p>Junto a \u00e9l, <strong>M\u00f3nica Filet exhib\u00eda sus \u201cBeb\u00e9s de Terror\u201d, unos mu\u00f1ecos \u201ccustomizados\u201d y transformados en originales interpretaciones de personajes de ficci\u00f3n.<\/strong><\/p>\n<figure class=\"mb-3\"><img loading=\"lazy\" data-src=\"http:\/\/nuevacordoba.net\/wp-content\/uploads\/2024\/01\/una-oda-al-anime-el-comic-y-el-cosplay-comenzo-la-otaku-con-5.jpg\" src=\"https:\/\/www.telam.com.ar\/assets\/img\/not_image.png\" class=\" lazy \" width=\"100%\" height=\"100%\" alt=\"Mnica Filet y sus Bebs de Terror Foto Alejandra Bartoliche\"><figcaption> M\u00f3nica Filet y sus \u201cBeb\u00e9s de Terror\u201d \/ Foto: Alejandra Bartoliche. <\/figcaption><\/figure>\n<p>\u201cLos hago con pedazos de beb\u00e9s que compro a la gente que los junta por la calle\u201d, explic\u00f3 M\u00f3nica, y record\u00f3 c\u00f3mo empez\u00f3 todo: \u201cUna vez que compr\u00e9 un mu\u00f1eco del que me qued\u00e9 enamorada. Y lo convert\u00ed en un zombie. Y ah\u00ed se me ocurri\u00f3 hacer todos estos mu\u00f1ecos que los hago siguiendo exactamente, en lo posible, como es el personaje\u201d.<\/p>\n<p>A la gente \u201cles encantan\u201d, dijo, aunque reconoci\u00f3 que \u201clos nenes se tapan la carita, a veces, cuando son chiquitos. Pero me los han comprado hasta para los cumplea\u00f1os, para quintas, para casas de tatoo. A la mayor\u00eda les gusta mucho, se divierten\u201d.<\/p>\n<p>En un puesto frente a ellos, el<strong> escritor y dibujante Diego Mart\u00ednez <\/strong>presentaba su libro \u201cHistorias casi ciertas\u201d, una antolog\u00eda de cuentos ilustrada que est\u00e1 basada en historias reales.<\/p>\n<figure class=\"mb-3\"><img loading=\"lazy\" data-src=\"http:\/\/nuevacordoba.net\/wp-content\/uploads\/2024\/01\/una-oda-al-anime-el-comic-y-el-cosplay-comenzo-la-otaku-con-6.jpg\" src=\"https:\/\/www.telam.com.ar\/assets\/img\/not_image.png\" class=\" lazy \" width=\"100%\" height=\"100%\" alt=\"Foto Alejandra Bartoliche\"><figcaption> Foto: Alejandra Bartoliche. <\/figcaption><\/figure>\n<p>\u201cSon an\u00e9cdotas que me han contado, que me han llegado. Que siempre tienen alg\u00fan elemento paranormal, extra\u00f1o, inexplicable. Y yo utilic\u00e9 esas an\u00e9cdotas, esas historias para armar un cuento, una ficci\u00f3n. Entonces, la idea es que nunca te des cuenta en qu\u00e9 momento la an\u00e9cdota deja de ser real y pasa a ser una ficci\u00f3n, una farsa\u201d, introduce ante la consulta de T\u00e9lam.<\/p>\n<p>Tambi\u00e9n exhib\u00eda un adelanto de una novela gr\u00e1fica, \u201cNauseabundo\u201d, que se propone editar este a\u00f1o, y una serie de dibujos inspirados en \u201cel g\u00e9nero del terror y la fantas\u00eda, los superh\u00e9roes y toda esta cuesti\u00f3n\u201d.<\/p>\n<figure class=\"mb-3\"><img loading=\"lazy\" data-src=\"http:\/\/nuevacordoba.net\/wp-content\/uploads\/2024\/01\/una-oda-al-anime-el-comic-y-el-cosplay-comenzo-la-otaku-con-7.jpg\" src=\"https:\/\/www.telam.com.ar\/assets\/img\/not_image.png\" class=\" lazy \" width=\"100%\" height=\"100%\" alt=\"Foto Alejandra Bartoliche\"><figcaption> Foto: Alejandra Bartoliche. <\/figcaption><\/figure>\n<p>\u201cMe inspira mucho y es medio lo que me nace escribir. Me cri\u00e9 con &#8216;La dimensi\u00f3n desconocida&#8217;, mirando &#8216;Cuentos asombrosos&#8217;, los &#8216;Cuentos de la cripta&#8217;, ese tipo de cosas. Y hoy me llama mucho contar historias que van por ese lado\u201d, sostuvo, un argumento en total consonancia con el que se percib\u00eda en todo el lugar.<\/p>\n<p><strong>La Otaku Con, que se extiende en el horario de 12 a 20, continuar\u00e1 este domingo desde el mediod\u00eda<\/strong> y tendr\u00e1 uno de sus momentos m\u00e1s convocantes alrededor de las 19, cuando los cosplayers desfilen desde la convenci\u00f3n hasta el puerto por las calles del centro de Bariloche.<\/p>\n<figure class=\"mb-3\"><img loading=\"lazy\" data-src=\"http:\/\/nuevacordoba.net\/wp-content\/uploads\/2024\/01\/una-oda-al-anime-el-comic-y-el-cosplay-comenzo-la-otaku-con-8.jpg\" src=\"https:\/\/www.telam.com.ar\/assets\/img\/not_image.png\" class=\" lazy \" width=\"100%\" height=\"100%\" alt=\"Foto Alejandra Bartoliche\"><figcaption> Foto: Alejandra Bartoliche. <\/figcaption><\/figure>\n<p><\/p>\n<figure class=\"mb-3\"><img loading=\"lazy\" data-src=\"http:\/\/nuevacordoba.net\/wp-content\/uploads\/2024\/01\/una-oda-al-anime-el-comic-y-el-cosplay-comenzo-la-otaku-con-9.jpg\" src=\"https:\/\/www.telam.com.ar\/assets\/img\/not_image.png\" class=\" lazy \" width=\"100%\" height=\"100%\" alt=\"Foto Alejandra Bartoliche\"><figcaption> Foto: Alejandra Bartoliche. <\/figcaption><\/figure>\n<div class=\"card col-md-10 offset-md-1 mb-4\">\n<h3 class=\"pt-2\">Relacionadas<\/h3>\n<\/p><\/div>\n","protected":false},"excerpt":{"rendered":"<p>La jornada de este domingo tendr\u00e1 uno de sus momentos m\u00e1s convocantes a las 19, cuando los cosplayers desfilen desde la convenci\u00f3n hasta el puerto \/ Foto: Alejandra Bartoliche. El mundo del c\u00f3mic y el anim\u00e9 volvi\u00f3 a hacer pie en Bariloche con la segunda edici\u00f3n de la Otaku-Con, la convenci\u00f3n para fans del cosplay, [&hellip;]<\/p>\n","protected":false},"author":1,"featured_media":40946,"comment_status":"closed","ping_status":"closed","sticky":false,"template":"","format":"standard","meta":[],"categories":[9],"tags":[],"_links":{"self":[{"href":"http:\/\/nuevacordoba.net\/index.php\/wp-json\/wp\/v2\/posts\/40945"}],"collection":[{"href":"http:\/\/nuevacordoba.net\/index.php\/wp-json\/wp\/v2\/posts"}],"about":[{"href":"http:\/\/nuevacordoba.net\/index.php\/wp-json\/wp\/v2\/types\/post"}],"author":[{"embeddable":true,"href":"http:\/\/nuevacordoba.net\/index.php\/wp-json\/wp\/v2\/users\/1"}],"replies":[{"embeddable":true,"href":"http:\/\/nuevacordoba.net\/index.php\/wp-json\/wp\/v2\/comments?post=40945"}],"version-history":[{"count":0,"href":"http:\/\/nuevacordoba.net\/index.php\/wp-json\/wp\/v2\/posts\/40945\/revisions"}],"wp:featuredmedia":[{"embeddable":true,"href":"http:\/\/nuevacordoba.net\/index.php\/wp-json\/wp\/v2\/media\/40946"}],"wp:attachment":[{"href":"http:\/\/nuevacordoba.net\/index.php\/wp-json\/wp\/v2\/media?parent=40945"}],"wp:term":[{"taxonomy":"category","embeddable":true,"href":"http:\/\/nuevacordoba.net\/index.php\/wp-json\/wp\/v2\/categories?post=40945"},{"taxonomy":"post_tag","embeddable":true,"href":"http:\/\/nuevacordoba.net\/index.php\/wp-json\/wp\/v2\/tags?post=40945"}],"curies":[{"name":"wp","href":"https:\/\/api.w.org\/{rel}","templated":true}]}}