{"id":40957,"date":"2024-01-13T21:15:38","date_gmt":"2024-01-13T21:15:38","guid":{"rendered":"https:\/\/www.ole.com.ar\/autos\/argentinos-dakar-2024-x-quedan-posiciones-abandonos_0_I4gtO9PhyD.html"},"modified":"2024-01-13T21:15:38","modified_gmt":"2024-01-13T21:15:38","slug":"argentinos-del-dakar-2024-el-1x1-de-los-que-siguen-con-posiciones-y-abandonos","status":"publish","type":"post","link":"http:\/\/nuevacordoba.net\/index.php\/2024\/01\/13\/argentinos-del-dakar-2024-el-1x1-de-los-que-siguen-con-posiciones-y-abandonos\/","title":{"rendered":"Argentinos del Dakar 2024: el 1&#215;1 de los que siguen, con posiciones y abandonos"},"content":{"rendered":"<p><time class=\"createDate\" datetime=\"2024-01-13T18:15:38-03:00\">13\/01\/2024 18:15hs.<\/time><time class=\"modificatedDate\" datetime=\"2024-01-13T18:59:08-03:00\"> Actualizado al 13\/01\/2024 18:59hs.<\/time><\/p>\n<div id=\"storyBody\">\n<div class=\"custom-text \" readability=\"41.444444444444\">\n<p>La imagen de los pilotos y navegantes, felices en un \u00e1mbito que es m\u00e1s habitual a la normalidad, aunque no sea la de ellos, era n\u00edtida. Todos dentro de los aviones que los trasladaban al campamento en Riad, la capital de Arabia Saudita, para disfrutar de este s\u00e1bado con d\u00eda de descanso en el <a href=\"https:\/\/www.ole.com.ar\/tema\/dakar.html\" title=\"Dakar\" alt=\"Dakar\" class=\"slug\">Dakar<\/a>. <strong>Dormir en camas, ducharse, comer comida caliente&#8230; Argentinos incluidos.<\/strong><\/p>\n<\/div>\n<div class=\"custom-text \" readability=\"37\">\n<p>Aprovechando entonces una jornada que no deber\u00eda deparar sorpresa, <strong>Ol\u00e9 <\/strong>elabora un uno por uno de todos los pilotos y navegantes de la delegaci\u00f3n nacional <strong>que largaron el 5 de enero en el desierto \u00e1rabe y tras seis etapas todav\u00eda siguen en carrera<\/strong>. Y en un muy buen porcentaje, ya que <strong>arrancaron 20 -en el 2023 fueron 31- y solo abandon\u00f3 uno.<\/strong><\/p>\n<\/div>\n<div class=\"custom-text \" readability=\"37\">\n<p>Comenzamos por \u00e9l, entonces.<strong> Francisco Moreno Flores<\/strong>, quien se perfilaba como candidato en cuatriciclos e incluso hab\u00eda ganado el pr\u00f3logo, pero en la segunda etapa sufri\u00f3 la rotura de una parrilla de suspensi\u00f3n en su Yamaha por lo cual se vio obligado a bajarse de la carrera.<\/p>\n<\/div>\n<div class=\"sc-e7b891c4-0 jPbnQF\"><img alt=\"Manuel And\u00fajar es l\u00edder en cuatri (Reuters).\" src=\"http:\/\/nuevacordoba.net\/wp-content\/uploads\/2024\/01\/argentinos-del-dakar-2024-el-1x1-de-los-que-siguen-con-posiciones-y-abandonos.jpg\" width=\"720\" height=\"100\" decoding=\"async\" data-nimg=\"future\" loading=\"lazy\"><span class=\"epigraphe\">Manuel And\u00fajar es l\u00edder en cuatri (Reuters).<\/span><\/div>\n<div class=\"custom-text \" readability=\"33.372483221477\">\n<p>En cambio, <strong>Manuel And\u00fajar<\/strong>, que festej\u00f3 en el 2021 y abandon\u00f3 en el 2022 y 2023, sigue y es el m\u00e1ximo favorito a repetir el t\u00edtulo, <a href=\"https:\/\/www.ole.com.ar\/tema\/UoMNkTtzbi.html\" target=\"_self\" title=\"ya que va primero, con 18m54s de diferencia\" alt=\"ya que va primero, con 18m54s de diferencia\" rel=\"noopener\">ya que va primero, con 18m54s de diferencia<\/a> sobre el franc\u00e9s Alexandre Giroud y de 44m20s ante el brasile\u00f1o Marcelo Medeiros. <strong>No hubo m\u00e1s argentinos en cuatri.<\/strong><\/p>\n<\/div>\n<div class=\"custom-text \" readability=\"39.349112426036\">\n<p>En motos largaron cinco y contin\u00faan. <a href=\"https:\/\/www.ole.com.ar\/tema\/kevin-benavides.html\" title=\"Kevin Benavides\" alt=\"Kevin Benavides\" class=\"slug\">Kevin Benavides<\/a> (KTM), campe\u00f3n 2021 y 2023, retrocedi\u00f3 un lugar en las posiciones globales pero siempre con posibilidades de pelear por el t\u00edtulo,<strong> ya que se encuentra sexto a 28m33s del l\u00edder, el yanqui Ricky Brabec (Honda)<\/strong>. <a href=\"https:\/\/www.ole.com.ar\/tema\/luciano-benavides.html\" title=\"Luciano Benavides\" alt=\"Luciano Benavides\" class=\"slug\">Luciano Benavides<\/a> (Husqvarna) avanz\u00f3 tres puestos en la general en la etapa sexta, de 48 horas, y se ubica octavo con 47m26s en relaci\u00f3n al puntero, adem\u00e1s porque recibi\u00f3 una penalizaci\u00f3n de 15m tras haber cambiado el motor de su moto.<\/p>\n<\/div>\n<div class=\"sc-e7b891c4-0 jPbnQF\"><img alt=\"Luciano Benavides, en el d\u00eda de descanso (EFE).\" src=\"http:\/\/nuevacordoba.net\/wp-content\/uploads\/2024\/01\/argentinos-del-dakar-2024-el-1x1-de-los-que-siguen-con-posiciones-y-abandonos-1.jpg\" width=\"720\" height=\"100\" decoding=\"async\" data-nimg=\"future\" loading=\"lazy\"><span class=\"epigraphe\">Luciano Benavides, en el d\u00eda de descanso (EFE).<\/span><\/div>\n<div class=\"custom-text \" readability=\"33\">\n<p>El resto: <strong>Diego Llanos<\/strong> (KTM) es 26\u00b0 a 4h42m20s; <strong>Juan Rost\u00e1n<\/strong> (Gas Gas) va 44\u00b0 a 8h09m00s y <strong>Sebasti\u00e1n Urqu\u00eda<\/strong> (KTM) figura 82\u00b0 a 16h36m00s..<\/p>\n<\/div>\n<div class=\"custom-text \" readability=\"35\">\n<p>En la categor\u00eda principal de autos apenas <strong>Juan Cruz Yacopini<\/strong> parti\u00f3 como representante nacional; el mendocino <strong>se ubica 28\u00b0 <\/strong>con el Toyota, a 8h05m29s del l\u00edder, el espa\u00f1ol Carlos Sainz (Audi).<\/p>\n<\/div>\n<div class=\"custom-text \" readability=\"35\">\n<p>Hay dos pilotos y siete navegantes, tambi\u00e9n en coches, pero en dos divisiones de \u00abveh\u00edculos livianos\u00bb. <\/p>\n<\/div>\n<div class=\"sc-e7b891c4-0 jPbnQF\"><img alt=\"Valeria Pertegarini y Nicol\u00e1s Cavigliasso.\" src=\"http:\/\/nuevacordoba.net\/wp-content\/uploads\/2024\/01\/argentinos-del-dakar-2024-el-1x1-de-los-que-siguen-con-posiciones-y-abandonos-2.jpg\" width=\"720\" height=\"100\" decoding=\"async\" data-nimg=\"future\" loading=\"lazy\"><span class=\"epigraphe\">Valeria Pertegarini y Nicol\u00e1s Cavigliasso.<\/span><\/div>\n<div class=\"custom-text \" readability=\"45\">\n<p><strong>Nicol\u00e1s Cavigliasso<\/strong>, campe\u00f3n 2019 en cuatri, navegado por su esposa, <strong>Valeria Pertegarini<\/strong>, es 8\u00b0 en Challenger, a 12h41m15 de la punta, pese a que en la reciente etapa de dos d\u00edas volcaron. Al cabo, los esposos pudieron seguir viaje. El otro piloto, <strong>David Zille<\/strong>, con <strong>Sebasti\u00e1n Cezana<\/strong>, es 31\u00b0 a 58h43m37s.<\/p>\n<\/div>\n<div class=\"custom-text \" readability=\"36\">\n<p>El resto son navegantes: <strong>Augusto Sanz <\/strong>es 9\u00b0 con el portugu\u00e9s Ricardo Porem, a 4h07m30s, y <strong>Gast\u00f3n Ariel Mattarucco<\/strong> es 17\u00b0 con el colombiano Javier V\u00e9lez, a 9h58m36s.<\/p>\n<\/div>\n<div class=\"custom-text \" readability=\"39\">\n<p>En SSV, <strong>Fernando Mat\u00edas Acosta<\/strong> es 6\u00b0 con el piloto ecuatoriano Sebasti\u00e1n Guayasamin, a 1h27m05s; <strong>Ricardo Adri\u00e1n Torlaschi<\/strong> es 11\u00b0 con la italiana Cristina Giampaoli, a 7h14m53s, y <strong>Facundo Jaton<\/strong> figura 15\u00b0 con el italiano Enrico Gaspari, a 8h02m46s.<\/p>\n<\/div>\n<div class=\"custom-text \" readability=\"39\">\n<p>El tr\u00edo que falta para completar la veintena se agrega con las apariciones de los Classic (autos de las d\u00e9cadas del 80 y 90) y Mission 1000, los propulsados por energ\u00edas renovables. <strong>Jorge P\u00e9rez Companc<\/strong> y <strong>Jos\u00e9 Mar\u00eda Volta<\/strong> van 14\u00b0 a 1.933 puntos de la cima (el sistema de puntuaci\u00f3n es diferente) en los Classic, mientras que el navegante <strong>Bruno Jacomy <\/strong>es 4\u00b0 con el estadounidense Jamie Campbell, a 17 unidades, en M1000.<\/p>\n<\/div>\n<div class=\"sc-e7b891c4-0 jPbnQF\"><img alt=\"No hay camiones con argentinos en el Dakar 2024 (EFE).\" src=\"http:\/\/nuevacordoba.net\/wp-content\/uploads\/2024\/01\/argentinos-del-dakar-2024-el-1x1-de-los-que-siguen-con-posiciones-y-abandonos-3.jpg\" width=\"720\" height=\"100\" decoding=\"async\" data-nimg=\"future\" loading=\"lazy\"><span class=\"epigraphe\">No hay camiones con argentinos en el Dakar 2024 (EFE).<\/span><\/div>\n<div class=\"custom-text \" readability=\"32\">\n<p>No hay representantes nacionales en camiones.<\/p>\n<\/div>\n<div class=\"custom-text \" readability=\"33\">\n<p>La carrera sigue este domingo con la s\u00e9ptima etapa desde Riad hasta Al Duwadimi durante 873 kil\u00f3metros (483 de especial). Termina el viernes.<\/p>\n<\/div>\n<p><h2>Los 20 argentinos<\/h2>\n<\/p>\n<p><h3>Motos<\/h3>\n<\/p>\n<div class=\"custom-text \" readability=\"32\">\n<p>1 Luciano Benavides (8\u00b0)<\/p>\n<\/div>\n<div class=\"custom-text \" readability=\"32\">\n<p>41 Diego Gamaniel Llanos (26\u00b0)<\/p>\n<\/div>\n<div class=\"custom-text \">\n<p>47 Kevin Benavides (6\u00b0)<\/p>\n<\/div>\n<div class=\"custom-text \" readability=\"32\">\n<p>99 Juan Santiago Rost\u00e1n (44\u00b0)<\/p>\n<\/div>\n<div class=\"custom-text \" readability=\"32\">\n<p>113 Sebasti\u00e1n Alberto Urqu\u00eda (82\u00b0)<\/p>\n<\/div>\n<p><h3>Cuatriciclos<\/h3>\n<\/p>\n<div class=\"custom-text \" readability=\"32\">\n<p>173 Francisco Moreno Flores (abandon\u00f3 en la etapa 2)<\/p>\n<\/div>\n<div class=\"custom-text \" readability=\"32\">\n<p>174 Manuel And\u00fajar (1\u00b0)<\/p>\n<\/div>\n<p><h3>Autos (piloto\/copiloto)<\/h3>\n<\/p>\n<div class=\"custom-text \" readability=\"32\">\n<p>205 Juan Cruz Yacopini &#8211; Dani Oliveras (Esp) (28\u00b0)<\/p>\n<\/div>\n<div class=\"custom-text \">\n<p><strong>Challenger<\/strong><\/p>\n<\/div>\n<div class=\"custom-text \" readability=\"32\">\n<p>308 David Zille &#8211; Sebasti\u00e1n Cezana (31\u00b0)<\/p>\n<\/div>\n<div class=\"custom-text \" readability=\"32\">\n<p>312 Nicol\u00e1s Cavigliasso &#8211; Valeria Pertegarini (8\u00b0)<\/p>\n<\/div>\n<div class=\"custom-text \" readability=\"32\">\n<p>315 Ricardo Porem (Por) &#8211; Augusto Sanz (9\u00b0)<\/p>\n<\/div>\n<div class=\"custom-text \" readability=\"32\">\n<p>332 Javier V\u00e9lez (Col) &#8211; Gast\u00f3n Ariel Mattarucco (17\u00b0) <\/p>\n<\/div>\n<div class=\"sc-e7b891c4-0 jPbnQF\"><img alt=\"El mapa del Dakar.\" src=\"http:\/\/nuevacordoba.net\/wp-content\/uploads\/2024\/01\/argentinos-del-dakar-2024-el-1x1-de-los-que-siguen-con-posiciones-y-abandonos-4.jpg\" width=\"720\" height=\"100\" decoding=\"async\" data-nimg=\"future\" loading=\"lazy\"><span class=\"epigraphe\">El mapa del Dakar.<\/span><\/div>\n<div class=\"custom-text \" readability=\"32\">\n<p>409 Sebasti\u00e1n Guayasamin (Ecu) &#8211; Fernando Mat\u00edas Acosta (6\u00b0)<\/p>\n<\/div>\n<div class=\"custom-text \" readability=\"32\">\n<p>429 Cristina Giampaoli (Ita) &#8211; Ricardo Adri\u00e1n Torlaschi (11\u00b0)<\/p>\n<\/div>\n<div class=\"custom-text \" readability=\"32\">\n<p>442 Enrico Gaspari (Ita) &#8211; Facundo Jaton (15\u00b0) <\/p>\n<\/div>\n<p><h3>Classic (piloto\/copiloto)<\/h3>\n<\/p>\n<div class=\"custom-text \" readability=\"32\">\n<p>749 Jorge P\u00e9rez Companc &#8211; Jos\u00e9 Mar\u00eda Volta (14\u00b0)<\/p>\n<\/div>\n<p><h3>Mission 1000 (piloto\/copiloto)<\/h3>\n<\/p>\n<div class=\"custom-text \" readability=\"32\">\n<p>1020 Jamie Campbell (USA) &#8211; Bruno Jacomy (4\u00b0)<\/p>\n<\/div>\n<div class=\"sc-a7166897-0 exHLBh\" readability=\"6\">\n<section readability=\"2\"><picture><img alt=\"Carlos Sainz fue el capo del desierto en el inicio de la etapa marat\u00f3n\" src=\"http:\/\/nuevacordoba.net\/wp-content\/uploads\/2024\/01\/argentinos-del-dakar-2024-el-1x1-de-los-que-siguen-con-posiciones-y-abandonos-5.jpg\" width=\"290\" height=\"290\" decoding=\"async\" data-nimg=\"future\" loading=\"lazy\"><\/picture>\n<p><span>Mir\u00e1 tambi\u00e9n<\/span><\/p>\n<hr>\n<h3>Carlos Sainz fue el capo del desierto en el inicio de la etapa marat\u00f3n<\/h3>\n<\/p>\n<\/section>\n<\/div>\n<div class=\"sc-a7166897-0 exHLBh\" readability=\"6\">\n<section readability=\"2\"><picture><img alt=\"Dakar: And\u00fajar sigue l\u00edder tras las 48 horas en el desierto\" src=\"http:\/\/nuevacordoba.net\/wp-content\/uploads\/2024\/01\/argentinos-del-dakar-2024-el-1x1-de-los-que-siguen-con-posiciones-y-abandonos-6.jpg\" width=\"290\" height=\"290\" decoding=\"async\" data-nimg=\"future\" loading=\"lazy\"><\/picture>\n<p><span>Mir\u00e1 tambi\u00e9n<\/span><\/p>\n<hr>\n<h3>Dakar: And\u00fajar sigue l\u00edder tras las 48 horas en el desierto<\/h3>\n<\/p>\n<\/section>\n<\/div>\n<div class=\"sc-a7166897-0 exHLBh\" readability=\"6.5\">\n<section readability=\"3\"><picture><img alt=\"Toni Vingut, otro piloto que abandona el Dakar con m\u00faltiples fracturas\" src=\"http:\/\/nuevacordoba.net\/wp-content\/uploads\/2024\/01\/argentinos-del-dakar-2024-el-1x1-de-los-que-siguen-con-posiciones-y-abandonos-7.jpg\" width=\"290\" height=\"290\" decoding=\"async\" data-nimg=\"future\" loading=\"lazy\"><\/picture>\n<p><span>Mir\u00e1 tambi\u00e9n<\/span><\/p>\n<hr>\n<h3>Toni Vingut, otro piloto que abandona el Dakar con m\u00faltiples fracturas<\/h3>\n<\/p>\n<\/section>\n<\/div>\n<\/div>\n","protected":false},"excerpt":{"rendered":"<p>13\/01\/2024 18:15hs. Actualizado al 13\/01\/2024 18:59hs. La imagen de los pilotos y navegantes, felices en un \u00e1mbito que es m\u00e1s habitual a la normalidad, aunque no sea la de ellos, era n\u00edtida. Todos dentro de los aviones que los trasladaban al campamento en Riad, la capital de Arabia Saudita, para disfrutar de este s\u00e1bado con [&hellip;]<\/p>\n","protected":false},"author":1,"featured_media":40958,"comment_status":"closed","ping_status":"closed","sticky":false,"template":"","format":"standard","meta":[],"categories":[10],"tags":[],"_links":{"self":[{"href":"http:\/\/nuevacordoba.net\/index.php\/wp-json\/wp\/v2\/posts\/40957"}],"collection":[{"href":"http:\/\/nuevacordoba.net\/index.php\/wp-json\/wp\/v2\/posts"}],"about":[{"href":"http:\/\/nuevacordoba.net\/index.php\/wp-json\/wp\/v2\/types\/post"}],"author":[{"embeddable":true,"href":"http:\/\/nuevacordoba.net\/index.php\/wp-json\/wp\/v2\/users\/1"}],"replies":[{"embeddable":true,"href":"http:\/\/nuevacordoba.net\/index.php\/wp-json\/wp\/v2\/comments?post=40957"}],"version-history":[{"count":0,"href":"http:\/\/nuevacordoba.net\/index.php\/wp-json\/wp\/v2\/posts\/40957\/revisions"}],"wp:featuredmedia":[{"embeddable":true,"href":"http:\/\/nuevacordoba.net\/index.php\/wp-json\/wp\/v2\/media\/40958"}],"wp:attachment":[{"href":"http:\/\/nuevacordoba.net\/index.php\/wp-json\/wp\/v2\/media?parent=40957"}],"wp:term":[{"taxonomy":"category","embeddable":true,"href":"http:\/\/nuevacordoba.net\/index.php\/wp-json\/wp\/v2\/categories?post=40957"},{"taxonomy":"post_tag","embeddable":true,"href":"http:\/\/nuevacordoba.net\/index.php\/wp-json\/wp\/v2\/tags?post=40957"}],"curies":[{"name":"wp","href":"https:\/\/api.w.org\/{rel}","templated":true}]}}