{"id":40981,"date":"2024-01-15T03:04:54","date_gmt":"2024-01-15T03:04:54","guid":{"rendered":"https:\/\/puntoapunto.com.ar\/?p=355873"},"modified":"2024-01-15T03:04:54","modified_gmt":"2024-01-15T03:04:54","slug":"maria-rosa-miguel-esperamos-tener-politicas-de-estado-no-politicas-de-gobierno","status":"publish","type":"post","link":"http:\/\/nuevacordoba.net\/index.php\/2024\/01\/15\/maria-rosa-miguel-esperamos-tener-politicas-de-estado-no-politicas-de-gobierno\/","title":{"rendered":"Mar\u00eda Rosa Miguel: \u00abesperamos tener pol\u00edticas de Estado, no pol\u00edticas de gobierno\u00bb"},"content":{"rendered":"<p>&nbsp;\n<\/p>\n<p>&nbsp;\n<\/p>\n<p><strong>Bertotto y Boglione<\/strong>, dedicada a la fabricaci\u00f3n de tanques y de equipos para almacenamiento de l\u00edquidos y de s\u00f3lidos a granel y <a href=\"https:\/\/puntoapunto.com.ar\/metalfor-logro-financiamiento-por-us-65-millones-en-el-mercado-de-capitales\/\" target=\"_blank\" rel=\"noopener\"><strong>Metalfor<\/strong><\/a>, enfocada en la <strong>producci\u00f3n de pulverizadoras, fertilizadoras y cosechadoras son dos empresas insignias en Marcos Ju\u00e1rez<\/strong>, una de las ciudades clave de la industria y el agro del pa\u00eds. Y <strong>Mar\u00eda Rosa Miguel<\/strong> comanda, junto a<a href=\"https:\/\/puntoapunto.com.ar\/la-maquinaria-agricola-insistente-por-su-ley-y-proyecta-un-2024-con-produccion-al-100\/\" target=\"_blank\" rel=\"noopener\"> <strong>Eduardo Borri,<\/strong><\/a> los destinos de ambas compa\u00f1\u00edas.\n<\/p>\n<p>\u201c<a href=\"https:\/\/bertotto-boglione.com\/\" target=\"_blank\" rel=\"noopener\">Bertotto<\/a> y Metalfor al tener mercados diferentes han tenido diferentes situaciones este a\u00f1o. Bertotto provee equipamiento para muchas de las empresas que est\u00e1n trabajando en miner\u00eda o en el yacimiento de Vaca Muerta. <strong>Cuando se mueven esas inversiones se mueve todo.<\/strong> Por el lado de Metalfor no fue tan bueno porque <strong>la sequ\u00eda afect\u00f3 mucho la demanda de maquinaria agr\u00edcola.<\/strong> A la sequ\u00eda, que se prolong\u00f3 m\u00e1s de la cuenta, se sum\u00f3 una inestabilidad en las tasas de inter\u00e9s que tuvieron un encarecimiento.<strong> Eso retrasa la demanda porque lo que es maquinaria agr\u00edcola se mueve principalmente por los cr\u00e9ditos<\/strong>\u201d, explica la empresaria que forma parte de espacios como la <strong>C\u00e1mara de Comercio Exterior de C\u00f3rdoba y la Asociaci\u00f3n de Fabricantes de Maquinaria Agr\u00edcola.<\/strong>\n<\/p>\n<p><img loading=\"lazy\" decoding=\"async\" alt width=\"834\" height=\"556\" data-sizes=\"(max-width: 834px) 100vw, 834px\" class=\"aligncenter wp-image-355875 lazyload\" src=\"http:\/\/nuevacordoba.net\/wp-content\/uploads\/2024\/01\/maria-rosa-miguel-esperamos-tener-politicas-de-estado-no-politicas-de-gobierno.jpg\" srcset=\"http:\/\/nuevacordoba.net\/wp-content\/uploads\/2024\/01\/maria-rosa-miguel-esperamos-tener-politicas-de-estado-no-politicas-de-gobierno.jpg 675w, http:\/\/nuevacordoba.net\/wp-content\/uploads\/2024\/01\/maria-rosa-miguel-esperamos-tener-politicas-de-estado-no-politicas-de-gobierno-3.jpg 300w\">\n<\/p>\n<p><strong>-Sin cr\u00e9dito no podes vender.<br \/><\/strong>-Sin cr\u00e9dito es muy complicado<strong>. Nosotros aumentamos 10 veces el financiamiento propio al cliente<\/strong> y esto lo pudimos hacer gracias a que ya hace unos cuantos a\u00f1os hemos iniciado el ejercicio del mercado de valores, hemos ido emitiendo ONs, fideicomisos y eso nos abri\u00f3 la posibilidad de poder financiar a los clientes y sostener las ventas en niveles aceptables.&nbsp;Lo que fundamentalmente nos permiti\u00f3 financiar a los clientes fueron los fideicomisos financieros, gracias a eso pudimos sostener las ventas a niveles aceptables.\n<\/p>\n<p><strong>-\u00bfLas crisis te van empujando a soluciones alternativas que no ten\u00edan?<br \/><\/strong>-Lo importante es ser creativos en todo esto y no bajar los brazos. Los empresarios por ah\u00ed seguimos haci\u00e9ndole frente a las crisis con creatividad, con optimismo, sabemos que siempre algo va a mejorar. Siempre estamos tratando de encontrarle el lado positivo a la situaci\u00f3n y por lo menos en nuestro caso, seguimos para adelante buscando la forma de hacerle frente y entendiendo que es pasajero.\n<\/p>\n<p><strong>-\u00bfRealmente es pasajero?, porque el pa\u00eds no crece desde el 2013.<br \/><\/strong>-Si uno no pensara eso estar\u00edamos viendo c\u00f3mo reducir personal, reducir producci\u00f3n y no es lo que estamos haciendo. Uno siempre es optimista, y cuando decimos esto no esperamos grandes cambios pero s\u00ed esperamos una previsibilidad econ\u00f3mica, un tipo de cambio previsible y en la posibilidad de generar divisas cuando tenemos que importar o las empresas multinacionales puedan fijar el retorno de sus inversiones al exterior, previsibilidad jur\u00eddica, etc. Son cuestiones de cualquier pa\u00eds normal, por eso decimos que somos optimistas, no esperamos grandes cambios, esperamos que de una vez por todas tengamos pol\u00edticas de Estado y no pol\u00edticas de gobierno. <strong>Las pol\u00edticas de Estado son las que nos van a dar previsibilidad a los empresarios, en cambio las pol\u00edticas de gobierno son cuatro a\u00f1os<\/strong>, y cuando pens\u00e1s en una inversi\u00f3n cuatro a\u00f1os es muy corto plazo. El crecimiento del pa\u00eds se va a dar cuando entendamos esto.\n<\/p>\n<p><img loading=\"lazy\" decoding=\"async\" alt width=\"880\" height=\"586\" data-sizes=\"(max-width: 880px) 100vw, 880px\" class=\"aligncenter wp-image-355876 size-full lazyload\" src=\"http:\/\/nuevacordoba.net\/wp-content\/uploads\/2024\/01\/maria-rosa-miguel-esperamos-tener-politicas-de-estado-no-politicas-de-gobierno-1.jpg\" srcset=\"http:\/\/nuevacordoba.net\/wp-content\/uploads\/2024\/01\/maria-rosa-miguel-esperamos-tener-politicas-de-estado-no-politicas-de-gobierno-1.jpg 880w, http:\/\/nuevacordoba.net\/wp-content\/uploads\/2024\/01\/maria-rosa-miguel-esperamos-tener-politicas-de-estado-no-politicas-de-gobierno-4.jpg 300w, http:\/\/nuevacordoba.net\/wp-content\/uploads\/2024\/01\/maria-rosa-miguel-esperamos-tener-politicas-de-estado-no-politicas-de-gobierno-5.jpg 768w, http:\/\/nuevacordoba.net\/wp-content\/uploads\/2024\/01\/maria-rosa-miguel-esperamos-tener-politicas-de-estado-no-politicas-de-gobierno-6.jpg 750w\">\n<\/p>\n<p><strong>-Bertotto Boglione es proveedor de equipos para la miner\u00eda, trabajan para petroleras, ah\u00ed es clave la inversi\u00f3n extranjera directa. \u00bfQu\u00e9 ven?<br \/><\/strong>-Esas inversiones van a venir o van a crecer en la medida en que seamos previsibles, en la medida en que la empresa que viene a invertir a veinte a\u00f1os sepa c\u00f3mo estar\u00e1. En la industria petrolera hablamos much\u00edsimo de Vaca Muerta, pero su desarrollo<strong> no llega al 10%<\/strong> y si haces un an\u00e1lisis de qui\u00e9nes son las empresas que hoy est\u00e1n invirtiendo, la mayor\u00eda son empresas de capitales nacionales. Volviendo un poco a tu pregunta, si creemos que la situaci\u00f3n va a cambiar, tenemos que creer, elegimos creer, eso nos hace seguir para adelante y seguir insistiendo, seguir desarrollando nuevos productos y nuevos procesos. <strong>No nos queda otra a los empresarios porque si no tenemos que cerrar el port\u00f3n, poner la cadena y candado y dedicarnos a otra cosa.&nbsp;<\/strong>\n<\/p>\n<p><strong>-\u00bfC\u00f3mo ven a la dirigencia pol\u00edtica, sus discursos y prioridades?<br \/><\/strong>-A nosotros como industriales nos parece que est\u00e1n en otra sinton\u00eda, que est\u00e1n tan alejados de lo que son las necesidades de la gente o de los industriales. Lo social tambi\u00e9n termina afect\u00e1ndonos a las empresas porque nuestra gente, nuestros colaboradores est\u00e1n en esta sociedad y la incertidumbre termina repercutiendo en su trabajo diario. Aun con trabajo tambi\u00e9n, cuando cobran su sueldo y no saben cu\u00e1nto valor va a tener ese sueldo a fin de mes, genera mucha incertidumbre eso en la sociedad. Y todos m\u00e1s all\u00e1 de su clase social, han tenido que restringir gastos y el que no, tuvo que resignar ahorros seguramente.\n<\/p>\n<p><strong>-\u00bfQu\u00e9 le dir\u00edas a la generaci\u00f3n que viene, que aun con posibilidades de trabajo ac\u00e1 est\u00e1 mirando otros horizontes?<br \/><\/strong>-Creo que ellos tienen que ser los que en cierta medida nos ayuden a crecer como naci\u00f3n, a dejar de lado las ideolog\u00edas para pensar en que queremos ser como pa\u00eds, creo que Argentina es un buen pa\u00eds para vivir en el que tenemos la bendici\u00f3n de los recursos naturales para lo que hoy el mundo necesita, alimentos, energ\u00eda, petr\u00f3leo, tenemos talentos, capacidad productiva y no tenemos conflictos raciales ni religiosos. Depende de nosotros y de que maduremos como pa\u00eds para salir adelante. Hay que pensar entre todos el pa\u00eds que queremos.\n<\/p>\n<footer class=\"author-bio-section\" readability=\"2.5909090909091\">\n<p class=\"author-name\">Jos\u00e9 Busaniche<\/p>\n<p class=\"author-image\"><img loading=\"lazy\" alt height=\"90\" width=\"90\" class=\"avatar avatar-90 photo lazyload\" src=\"http:\/\/nuevacordoba.net\/wp-content\/uploads\/2024\/01\/maria-rosa-miguel-esperamos-tener-politicas-de-estado-no-politicas-de-gobierno-2.jpg\" srcset=\"http:\/\/nuevacordoba.net\/wp-content\/uploads\/2024\/01\/maria-rosa-miguel-esperamos-tener-politicas-de-estado-no-politicas-de-gobierno-2.jpg 2x\"><\/p>\n<p class=\"author-bio\">Jefe de Redacci\u00f3n en Grupo Punto a Punto<br \/>\nContacto: <a href=\"https:\/\/puntoapunto.com.ar\/cdn-cgi\/l\/email-protection\" class=\"__cf_email__\" data-cfemail=\"42282d3127203731232c2b212a2702252f232b2e6c212d2f\">[email&nbsp;protected]<\/a><br \/>\nEn Twitter: @josebusaniche<br \/>\nPhone: 351 6 064291 <a href=\"https:\/\/puntoapunto.com.ar\/cdn-cgi\/l\/email-protection#1d77726e785d6d7c6d337e7270337c6f\" target=\"_blank\" rel=\"nofollow noopener\" title=\"E-mail\" class=\"tooltip\"><i class=\"fa fa-envelope-square fa-2x\"><\/i> <\/a> <a href=\"http:\/\/josebusaniche\" target=\"_blank\" rel=\"nofollow noopener\" title=\"Twitter\" class=\"tooltip\"><i class=\"fa fa-twitter-square fa-2x\"><\/i> <\/a> <a href=\"https:\/\/www.linkedin.com\/in\/jos-mara-busaniche-8670896\/\" target=\"_blank\" rel=\"nofollow noopener\" title=\"LinkedIn\" class=\"tooltip\"><i class=\"fa fa-linkedin-square fa-2x\"><\/i> <\/a><\/p>\n<\/footer>\n<div class=\"g g-38\">\n<div class=\"g-dyn a-12 c-1\"><a class=\"gofollow\" data-track=\"MTIsMzgsMSw2MA==\" href=\"https:\/\/hospitalprivado.com.ar\/landing-trasplante.html\" target=\"_blank\" rel=\"noopener\"><img class=\"lazyload\" src=\"http:\/\/nuevacordoba.net\/wp-content\/uploads\/2024\/01\/maria-rosa-miguel-esperamos-tener-politicas-de-estado-no-politicas-de-gobierno.gif\"><\/a><\/div>\n<\/div>\n","protected":false},"excerpt":{"rendered":"<p>&nbsp; &nbsp; Bertotto y Boglione, dedicada a la fabricaci\u00f3n de tanques y de equipos para almacenamiento de l\u00edquidos y de s\u00f3lidos a granel y Metalfor, enfocada en la producci\u00f3n de pulverizadoras, fertilizadoras y cosechadoras son dos empresas insignias en Marcos Ju\u00e1rez, una de las ciudades clave de la industria y el agro del pa\u00eds. Y [&hellip;]<\/p>\n","protected":false},"author":1,"featured_media":40982,"comment_status":"open","ping_status":"closed","sticky":false,"template":"","format":"standard","meta":[],"categories":[14],"tags":[],"_links":{"self":[{"href":"http:\/\/nuevacordoba.net\/index.php\/wp-json\/wp\/v2\/posts\/40981"}],"collection":[{"href":"http:\/\/nuevacordoba.net\/index.php\/wp-json\/wp\/v2\/posts"}],"about":[{"href":"http:\/\/nuevacordoba.net\/index.php\/wp-json\/wp\/v2\/types\/post"}],"author":[{"embeddable":true,"href":"http:\/\/nuevacordoba.net\/index.php\/wp-json\/wp\/v2\/users\/1"}],"replies":[{"embeddable":true,"href":"http:\/\/nuevacordoba.net\/index.php\/wp-json\/wp\/v2\/comments?post=40981"}],"version-history":[{"count":0,"href":"http:\/\/nuevacordoba.net\/index.php\/wp-json\/wp\/v2\/posts\/40981\/revisions"}],"wp:featuredmedia":[{"embeddable":true,"href":"http:\/\/nuevacordoba.net\/index.php\/wp-json\/wp\/v2\/media\/40982"}],"wp:attachment":[{"href":"http:\/\/nuevacordoba.net\/index.php\/wp-json\/wp\/v2\/media?parent=40981"}],"wp:term":[{"taxonomy":"category","embeddable":true,"href":"http:\/\/nuevacordoba.net\/index.php\/wp-json\/wp\/v2\/categories?post=40981"},{"taxonomy":"post_tag","embeddable":true,"href":"http:\/\/nuevacordoba.net\/index.php\/wp-json\/wp\/v2\/tags?post=40981"}],"curies":[{"name":"wp","href":"https:\/\/api.w.org\/{rel}","templated":true}]}}