{"id":40983,"date":"2024-01-15T18:44:21","date_gmt":"2024-01-15T18:44:21","guid":{"rendered":"http:\/\/nuevacordoba.net\/index.php\/2024\/01\/15\/marcos-rojo-sufrio-un-desgarro-y-sera-baja-en-el-inicio-de-la-copa-de-la-liga\/"},"modified":"2024-01-15T18:44:21","modified_gmt":"2024-01-15T18:44:21","slug":"marcos-rojo-sufrio-un-desgarro-y-sera-baja-en-el-inicio-de-la-copa-de-la-liga","status":"publish","type":"post","link":"http:\/\/nuevacordoba.net\/index.php\/2024\/01\/15\/marcos-rojo-sufrio-un-desgarro-y-sera-baja-en-el-inicio-de-la-copa-de-la-liga\/","title":{"rendered":"Marcos Rojo sufri\u00f3 un desgarro y ser\u00e1 baja en el inicio de la Copa de la Liga"},"content":{"rendered":"<figure class=\"mb-3\"><img loading=\"lazy\" data-src=\"http:\/\/nuevacordoba.net\/wp-content\/uploads\/2024\/01\/marcos-rojo-sufrio-un-desgarro-y-sera-baja-en-el-inicio-de-la-copa-de-la-liga.jpg\" src=\"https:\/\/www.telam.com.ar\/assets\/img\/not_image.png\" class=\" lazy \" width=\"100%\" height=\"100%\" alt=\"Foto Cris Sille \"><figcaption> Foto Cris Sille. <\/figcaption><\/figure>\n<p>El defensor de Boca Juniors Marcos Rojo sufri\u00f3 un desgarro en el gemelo de la pierna izquierda y se perder\u00e1 el inicio de la Copa de la Liga, confirm\u00f3 este lunes el club de La Ribera.<\/p>\n<p><strong>El futbolista<\/strong> del seleccionado argentino, uno de los referentes del plantel dirigido por Diego Mart\u00ednez, <strong>se lastim\u00f3 el s\u00e1bado durante los ejercicios precompetitivos del amistoso contra Gimnasia y Tiro en Salta<\/strong>, que signific\u00f3 el inicio de la era del nuevo entrenador.<\/p>\n<p>El parte m\u00e9dico oficial de Boca indic\u00f3 que \u00abRojo sufri\u00f3 un desgarro en el gemelo interno de la pierna izquierda\u00bb.<\/p>\n<blockquote class=\"twitter-tweet\" readability=\"4.9947916666667\">\n<p lang=\"es\" dir=\"ltr\"><a href=\"https:\/\/twitter.com\/hashtag\/ParteM%C3%A9dico?src=hash&amp;ref_src=twsrc%5Etfw\">#ParteM\u00e9dico<\/a> <\/p>\n<p>Marcos Rojo: desgarro del gemelo interno en la pierna izquierda. <\/p>\n<p>Depto. M\u00e9dico F\u00fatbol Profesional. <a href=\"https:\/\/t.co\/F4GHRQP1q2\">pic.twitter.com\/F4GHRQP1q2<\/a><\/p>\n<p>\u2014 Boca Juniors (@BocaJrsOficial) <a href=\"https:\/\/twitter.com\/BocaJrsOficial\/status\/1746918772584100089?ref_src=twsrc%5Etfw\">January 15, 2024<\/a><\/p><\/blockquote>\n<p>En principio, el defensor, de 33 a\u00f1os, tendr\u00e1 tres semanas de recuperaci\u00f3n y se perder\u00e1 el inicio de la Copa de la Liga, programado para el \u00faltimo fin de semana de enero. Seguramente ser\u00e1 baja en el debut ante Platense, en Vicente L\u00f3pez, y tambi\u00e9n frente a Sarmiento de Jun\u00edn en La Bombonera.<\/p>\n<p><strong>El plazo de recuperaci\u00f3n se cumplir\u00eda en la previa del compromiso ante Tigre en Victoria por la tercera fecha<\/strong>. Esta es la segunda lesi\u00f3n que sufre Rojo en la zona como jugador de Boca.<\/p>\n<p>En junio del a\u00f1o pasado, el subcampe\u00f3n del mundo en Brasil 2014 tuvo una lesi\u00f3n de grado 1 en el gemelo izquierdo, lo que retras\u00f3 su regreso a las canchas despu\u00e9s de recuperarse de una rotura de ligamentos cruzados de la rodilla derecha en octubre de 2022.<\/p>\n<h2 class>\u00abNosotros no ponemos trabas por Zen\u00f3n, defendemos lo que es nuestro\u00bb, dijo el presidente de Uni\u00f3n<\/h2>\n<p>El presidente de Uni\u00f3n de Santa Fe, Luis Spahn, le respondi\u00f3 este lunes al mediocampista Kevin Zen\u00f3n, quien lo hab\u00eda acusado de trabar su pase a Boca Juniors, al afirmar que su funci\u00f3n es defender el patrimonio del club.<\/p>\n<p>\u00ab<strong>Hay que entender la ansiedad de Zen\u00f3n pero la decisi\u00f3n es de Boca. Nosotros no ponemos trabas,<\/strong> solo defendemos lo que es nuestro\u00bb, asegur\u00f3 Spahn en declaraciones a Radio La Red.<\/p>\n<p>El mandatario \u00abtatengue\u00bb respondi\u00f3 as\u00ed al fastidio de Zen\u00f3n, quien el s\u00e1bado por la noche lo hab\u00eda acusado de poner \u00abtrabas\u00bb en su transferencia.<\/p>\n<p>Spahn explic\u00f3 que Uni\u00f3n ya cedi\u00f3 en el monto del pase y tambi\u00e9n en la manera de pago. <strong>\u00abSi Boca se decide, se soluciona en dos minutos\u00bb, se\u00f1al\u00f3 el dirigente.<\/strong><\/p>\n<p>En este sentido, Spahn confirm\u00f3 que en la negociaci\u00f3n pretenden incluir a un jugador de Boca a pr\u00e9stamo. \u00abEstamos pidiendo un extremo con muy poco juego que ac\u00e1 va a lograr el rodaje que en Boca no tiene\u00bb, dijo Spahn sin mencionar al apuntado.<\/p>\n<p><strong>El presidente de Uni\u00f3n tambi\u00e9n revel\u00f3 que recibieron \u00abdos ofertas de Brasil\u00bb superiores a la de Boca<\/strong> pero no conf\u00eda en la voluntad de pago de los clubes interesados.<\/p>\n<p><strong>Mientras tanto, Zen\u00f3n sigue bajo las \u00f3rdenes de Cristian \u00abKily\u00bb Gonz\u00e1lez en Uruguay<\/strong> y se prepara para el segundo amistoso de la Serie R\u00edo de la Plata de ma\u00f1ana ante Defensor Sporting.<\/p>\n<p>En cuanto a refuerzos, Spahn confirm\u00f3 la llegada de Miguel Torr\u00e9n, quien ya se sum\u00f3 al plantel en Montevideo y firmar\u00e1 contrato cuando se desvincule oficialmente de Argentinos Juniors. <\/p>\n","protected":false},"excerpt":{"rendered":"<p>Foto Cris Sille. El defensor de Boca Juniors Marcos Rojo sufri\u00f3 un desgarro en el gemelo de la pierna izquierda y se perder\u00e1 el inicio de la Copa de la Liga, confirm\u00f3 este lunes el club de La Ribera. El futbolista del seleccionado argentino, uno de los referentes del plantel dirigido por Diego Mart\u00ednez, se [&hellip;]<\/p>\n","protected":false},"author":1,"featured_media":40984,"comment_status":"closed","ping_status":"closed","sticky":false,"template":"","format":"standard","meta":[],"categories":[10],"tags":[],"_links":{"self":[{"href":"http:\/\/nuevacordoba.net\/index.php\/wp-json\/wp\/v2\/posts\/40983"}],"collection":[{"href":"http:\/\/nuevacordoba.net\/index.php\/wp-json\/wp\/v2\/posts"}],"about":[{"href":"http:\/\/nuevacordoba.net\/index.php\/wp-json\/wp\/v2\/types\/post"}],"author":[{"embeddable":true,"href":"http:\/\/nuevacordoba.net\/index.php\/wp-json\/wp\/v2\/users\/1"}],"replies":[{"embeddable":true,"href":"http:\/\/nuevacordoba.net\/index.php\/wp-json\/wp\/v2\/comments?post=40983"}],"version-history":[{"count":0,"href":"http:\/\/nuevacordoba.net\/index.php\/wp-json\/wp\/v2\/posts\/40983\/revisions"}],"wp:featuredmedia":[{"embeddable":true,"href":"http:\/\/nuevacordoba.net\/index.php\/wp-json\/wp\/v2\/media\/40984"}],"wp:attachment":[{"href":"http:\/\/nuevacordoba.net\/index.php\/wp-json\/wp\/v2\/media?parent=40983"}],"wp:term":[{"taxonomy":"category","embeddable":true,"href":"http:\/\/nuevacordoba.net\/index.php\/wp-json\/wp\/v2\/categories?post=40983"},{"taxonomy":"post_tag","embeddable":true,"href":"http:\/\/nuevacordoba.net\/index.php\/wp-json\/wp\/v2\/tags?post=40983"}],"curies":[{"name":"wp","href":"https:\/\/api.w.org\/{rel}","templated":true}]}}