{"id":40991,"date":"2024-01-15T16:32:47","date_gmt":"2024-01-15T16:32:47","guid":{"rendered":"https:\/\/www.ole.com.ar\/autos\/dakar-carles-falcon-muerte-motocislista_0_XNummGcGPq.html"},"modified":"2024-01-15T16:32:47","modified_gmt":"2024-01-15T16:32:47","slug":"tragedia-en-el-dakar-murio-el-piloto-carles-falcon","status":"publish","type":"post","link":"http:\/\/nuevacordoba.net\/index.php\/2024\/01\/15\/tragedia-en-el-dakar-murio-el-piloto-carles-falcon\/","title":{"rendered":"Tragedia en el Dakar: muri\u00f3 el piloto Carles Falc\u00f3n"},"content":{"rendered":"<p><time class=\"createDate\" datetime=\"2024-01-15T13:32:47-03:00\">15\/01\/2024 13:32hs.<\/time><time class=\"modificatedDate\" datetime=\"2024-01-15T14:46:59-03:00\"> Actualizado al 15\/01\/2024 14:46hs.<\/time><\/p>\n<div id=\"storyBody\">\n<div class=\"custom-text \" readability=\"35\">\n<p><strong>Carles Falc\u00f3n<\/strong> sufri\u00f3 un edema cerebral y una fractura en la v\u00e9rtebra C2 durante el tercer d\u00eda del <strong>Dakar<\/strong>. Aunque fue asistido de urgencia, <strong>falleci\u00f3 este lunes<\/strong> <strong>tras permanecer ocho d\u00edas internado en coma inducido<\/strong>.<\/p>\n<\/div>\n<div class=\"custom-text \" readability=\"35\">\n<p>\u00ab<strong>Carles nos ha dejado<\/strong>. El equipo m\u00e9dico ha confirmado que <strong>los da\u00f1os neurol\u00f3gicos causados por el paro cardiorrespiratorio en el momento del accidente son irreversibles<\/strong>\u00ab, asegur\u00f3 su equipo de competici\u00f3n en un duro comunicado.<\/p>\n<\/div>\n<div class=\"custom-text \" readability=\"47\">\n<p>Siguiendo la misma l\u00ednea, sus compa\u00f1eros destacaron: \u00abEra una persona sonriente, siempre activa, que disfrutaba con pasi\u00f3n de todo lo que hac\u00eda, en especial las motos. <strong>Nos ha dejado haciendo algo que era su sue\u00f1o, correr el Dakar<\/strong>. Estaba disfrutando, era feliz encima de la moto. <strong>Debemos recordarlo por su sonrisa y por la felicidad que generaba en todos<\/strong>. Ingeniero inform\u00e1tico de formaci\u00f3n. Instructor de motos y gu\u00eda de viajes en moto por pasi\u00f3n. Son muchos los que han aprendido a su lado. <strong>Ense\u00f1aba con paciencia, energ\u00eda y felicidad, hac\u00eda que todos disfrutaran de la moto<\/strong>. Esto es lo que nos ha dejado y vamos a mantener siempre con nosotros, todos los que hemos estado cerca de \u00e9l, familia, amigos, compa\u00f1eros y supporters\u00bb. <\/p>\n<\/div>\n<div class=\"sc-e7b891c4-0 jPbnQF\"><img alt=\"Carles Falc\u00f3n, con la KTM de este Dakar.\" src=\"http:\/\/nuevacordoba.net\/wp-content\/uploads\/2024\/01\/tragedia-en-el-dakar-murio-el-piloto-carles-falcon.jpg\" width=\"720\" height=\"100\" decoding=\"async\" data-nimg=\"future\" loading=\"lazy\"><span class=\"epigraphe\">Carles Falc\u00f3n, con la KTM de este Dakar.<\/span><\/div>\n<div class=\"custom-text \" readability=\"36\">\n<p>Para cerrar, aclararon que el \u00faltimo adi\u00f3s al piloto ser\u00e1 para sus allegados \u00edntimos. \u00abDesde la familia y el equipo <strong>pedimos por favor que se mantenga la privacidad de los actos de despedida<\/strong> que se realicen los pr\u00f3ximos d\u00edas\u00bb, expresaron.<\/p>\n<\/div>\n<p><h2>C\u00f3mo fue el accidente de Carles Falc\u00f3n en el Dakar<\/h2>\n<\/p>\n<div class=\"custom-text \" readability=\"39\">\n<p>El espa\u00f1ol de 46 a\u00f1os, que marchaba 76\u00b0 en la general a poco m\u00e1s de dos horas de la punta, se accident\u00f3 en el kil\u00f3metro 448 de la especial -la secci\u00f3n cronometrada-. Seg\u00fan inform\u00f3 la organizaci\u00f3n, \u00abel helic\u00f3ptero m\u00e9dico procedi\u00f3 a extraer al piloto herido, que se encontraba en estado grave y fue trasladado por v\u00eda a\u00e9rea al hospital Al-Duwadimi\u00bb.<\/p>\n<\/div>\n<div class=\"sc-e7b891c4-0 jPbnQF\"><img alt=\"Carles Falcon en el Dakar. (REUTER)\" src=\"http:\/\/nuevacordoba.net\/wp-content\/uploads\/2024\/01\/tragedia-en-el-dakar-murio-el-piloto-carles-falcon-1.jpg\" width=\"720\" height=\"100\" decoding=\"async\" data-nimg=\"future\" loading=\"lazy\"><span class=\"epigraphe\">Carles Falcon en el Dakar. (REUTER)<\/span><\/div>\n<div class=\"sc-e7b891c4-0 jPbnQF\"><img alt=\"Carles Falc\u00f3n en el Dakar. (EFE)\" src=\"http:\/\/nuevacordoba.net\/wp-content\/uploads\/2024\/01\/tragedia-en-el-dakar-murio-el-piloto-carles-falcon-2.jpg\" width=\"720\" height=\"100\" decoding=\"async\" data-nimg=\"future\" loading=\"lazy\"><span class=\"epigraphe\">Carles Falc\u00f3n en el Dakar. (EFE)<\/span><\/div>\n<p><h2>La trayectoria de Falc\u00f3n<\/h2>\n<\/p>\n<div class=\"custom-text \" readability=\"40\">\n<p>El espa\u00f1ol <strong>hab\u00eda practicado enduro a nivel amateur,<\/strong> y tras mucho tiempo de inactividad, se aficion\u00f3 a las motos de trail (de monta\u00f1a o para el uso en terrenos dif\u00edciles y accidentados). En el grupo de amigos con el que hac\u00eda sus rutas off road conoci\u00f3 a Isaac Feliu, que en 2015 fund\u00f3 la empresa TwinTrail, dedicada a las motos de trail. Su amistad con Isaac lo llev\u00f3 de ser ingeniero inform\u00e1tico a dejar su trabajo para incorporarse a dicha empresa, en la que segu\u00eda siendo gu\u00eda de rutas en moto de trail e instructor de off road. <\/p>\n<\/div>\n<div class=\"custom-text \" readability=\"40.811320754717\">\n<p>En pleno confinamiento por la pandemia, TwinTrail empez\u00f3 a hacer directos de Youtube cada jueves, una iniciativa que capt\u00f3 a muchos seguidores. Y en enero de 2021, Isaac y Carles realizaron un programa diario para analizar el Dakar de ese a\u00f1o, con<a href=\"https:\/\/www.ole.com.ar\/tema\/kevin-benavides.html\" title=\"Kevin Benavides\" alt=\"Kevin Benavides\" class=\"slug\"> Kevin Benavides<\/a> campe\u00f3n en motos. <strong>En aquellos directos se fue forjando la idea de debutar con un equipo propio en el Dakar<\/strong> en la categor\u00eda Original by Motul, sin asistencia. Y un a\u00f1o despu\u00e9s, Carles, Isaac y Albert Mart\u00edn debutaron en el raid con el equipo TwinTrail Racing. <\/p>\n<\/div>\n<div class=\"sc-e7b891c4-0 jPbnQF\"><img alt=\"Carles Falc\u00f3n, motociclista amateur del equipo Twin Trail.\" src=\"http:\/\/nuevacordoba.net\/wp-content\/uploads\/2024\/01\/tragedia-en-el-dakar-murio-el-piloto-carles-falcon-3.jpg\" width=\"720\" height=\"100\" decoding=\"async\" data-nimg=\"future\" loading=\"lazy\"><span class=\"epigraphe\">Carles Falc\u00f3n, motociclista amateur del equipo Twin Trail.<\/span><\/div>\n<div class=\"custom-text \" readability=\"40\">\n<p>Dentrp del Dakar 2022, el equipo estaba yendo bien, hasta que en la etapa 9,<strong> Feliu sufri\u00f3 un fuerte accidente. Carles tuvo que continuar aquel d\u00eda con los nervios e incertidumbre de no saber c\u00f3mo estaba su gran amigo<\/strong>; los d\u00edas posteriores fueron muy dif\u00edciles, pero logr\u00f3 llegar a la meta. Dos a\u00f1os despu\u00e9s, Falc\u00f3n regres\u00f3 al Dakar con el objetivo de ver la bandera de cuadros junto a su amigo&#8230; El destino se lo neg\u00f3.<\/p>\n<\/div>\n<div class=\"custom-text \" readability=\"37\">\n<p>Hab\u00eda dicho Falc\u00f3n: \u00abEste a\u00f1o el objetivo es que acabemos los dos, Isaac y yo. Me da igual acabar dos posiciones arriba o abajo. H<strong>ay que priorizar el hecho de que los dos terminemos<\/strong>, y sobre todo, volver a disfrutar de la experiencia\u201d.<\/p>\n<\/div>\n<div class=\"sc-a7166897-0 exHLBh\" readability=\"6\">\n<section readability=\"2\"><picture><img alt=\"Canapino: &quot;Conf\u00edo en que tendremos IndyCar en la Argentina&quot;\" src=\"http:\/\/nuevacordoba.net\/wp-content\/uploads\/2024\/01\/tragedia-en-el-dakar-murio-el-piloto-carles-falcon-4.jpg\" width=\"290\" height=\"290\" decoding=\"async\" data-nimg=\"future\" loading=\"lazy\"><\/picture>\n<p><span>Mir\u00e1 tambi\u00e9n<\/span><\/p>\n<hr>\n<h3>Canapino: \u00abConf\u00edo en que tendremos IndyCar en la Argentina\u00bb<\/h3>\n<\/p>\n<\/section>\n<\/div>\n<div class=\"sc-a7166897-0 exHLBh\" readability=\"6\">\n<section readability=\"2\"><picture><img alt=\"Dakar: And\u00fajar sigue l\u00edder tras las 48 horas en el desierto\" src=\"http:\/\/nuevacordoba.net\/wp-content\/uploads\/2024\/01\/tragedia-en-el-dakar-murio-el-piloto-carles-falcon-5.jpg\" width=\"290\" height=\"290\" decoding=\"async\" data-nimg=\"future\" loading=\"lazy\"><\/picture>\n<p><span>Mir\u00e1 tambi\u00e9n<\/span><\/p>\n<hr>\n<h3>Dakar: And\u00fajar sigue l\u00edder tras las 48 horas en el desierto<\/h3>\n<\/p>\n<\/section>\n<\/div>\n<div class=\"sc-a7166897-0 exHLBh\" readability=\"6.5\">\n<section readability=\"3\"><picture><img alt=\"Argentinos del Dakar 2024: el 1x1 de los que siguen, con posiciones y abandonos\" src=\"http:\/\/nuevacordoba.net\/wp-content\/uploads\/2024\/01\/tragedia-en-el-dakar-murio-el-piloto-carles-falcon-6.jpg\" width=\"290\" height=\"290\" decoding=\"async\" data-nimg=\"future\" loading=\"lazy\"><\/picture>\n<p><span>Mir\u00e1 tambi\u00e9n<\/span><\/p>\n<hr>\n<h3>Argentinos del Dakar 2024: el 1&#215;1 de los que siguen, con posiciones y abandonos<\/h3>\n<\/p>\n<\/section>\n<\/div>\n<\/div>\n","protected":false},"excerpt":{"rendered":"<p>15\/01\/2024 13:32hs. Actualizado al 15\/01\/2024 14:46hs. Carles Falc\u00f3n sufri\u00f3 un edema cerebral y una fractura en la v\u00e9rtebra C2 durante el tercer d\u00eda del Dakar. Aunque fue asistido de urgencia, falleci\u00f3 este lunes tras permanecer ocho d\u00edas internado en coma inducido. \u00abCarles nos ha dejado. El equipo m\u00e9dico ha confirmado que los da\u00f1os neurol\u00f3gicos causados [&hellip;]<\/p>\n","protected":false},"author":1,"featured_media":40992,"comment_status":"closed","ping_status":"closed","sticky":false,"template":"","format":"standard","meta":[],"categories":[10],"tags":[],"_links":{"self":[{"href":"http:\/\/nuevacordoba.net\/index.php\/wp-json\/wp\/v2\/posts\/40991"}],"collection":[{"href":"http:\/\/nuevacordoba.net\/index.php\/wp-json\/wp\/v2\/posts"}],"about":[{"href":"http:\/\/nuevacordoba.net\/index.php\/wp-json\/wp\/v2\/types\/post"}],"author":[{"embeddable":true,"href":"http:\/\/nuevacordoba.net\/index.php\/wp-json\/wp\/v2\/users\/1"}],"replies":[{"embeddable":true,"href":"http:\/\/nuevacordoba.net\/index.php\/wp-json\/wp\/v2\/comments?post=40991"}],"version-history":[{"count":0,"href":"http:\/\/nuevacordoba.net\/index.php\/wp-json\/wp\/v2\/posts\/40991\/revisions"}],"wp:featuredmedia":[{"embeddable":true,"href":"http:\/\/nuevacordoba.net\/index.php\/wp-json\/wp\/v2\/media\/40992"}],"wp:attachment":[{"href":"http:\/\/nuevacordoba.net\/index.php\/wp-json\/wp\/v2\/media?parent=40991"}],"wp:term":[{"taxonomy":"category","embeddable":true,"href":"http:\/\/nuevacordoba.net\/index.php\/wp-json\/wp\/v2\/categories?post=40991"},{"taxonomy":"post_tag","embeddable":true,"href":"http:\/\/nuevacordoba.net\/index.php\/wp-json\/wp\/v2\/tags?post=40991"}],"curies":[{"name":"wp","href":"https:\/\/api.w.org\/{rel}","templated":true}]}}