{"id":41112,"date":"2024-01-19T13:25:02","date_gmt":"2024-01-19T13:25:02","guid":{"rendered":"https:\/\/puntoapunto.com.ar\/?p=356176"},"modified":"2024-01-19T13:25:02","modified_gmt":"2024-01-19T13:25:02","slug":"milei-se-entusiasma-con-la-ley-omnibus-con-modificaciones-claves-el-gobierno-destraba-el-apoyo-opositor","status":"publish","type":"post","link":"http:\/\/nuevacordoba.net\/index.php\/2024\/01\/19\/milei-se-entusiasma-con-la-ley-omnibus-con-modificaciones-claves-el-gobierno-destraba-el-apoyo-opositor\/","title":{"rendered":"Milei se entusiasma con la Ley \u00d3mnibus: con modificaciones claves, el Gobierno destraba el apoyo opositor"},"content":{"rendered":"<p>&nbsp;\n<\/p>\n<p>El presidente <strong>Javier Milei regres\u00f3 al pa\u00eds<\/strong> luego de su viaje a la ciudad suiza de Davos para exponer en el Foro Econ\u00f3mico Mundial y <strong>se esperanza con la posibilidad de que el Congreso apruebe la <a href=\"https:\/\/puntoapunto.com.ar\/milei-envio-al-congreso-su-ley-omnibus-para-reformar-el-estado\/\" target=\"_blank\" rel=\"noopener\">Ley \u00d3mnibus<\/a>.<\/strong>\n<\/p>\n<p>La llegada del l\u00edder libertario se dio en un marco de optimismo para La Libertad Avanza, ya que en la noche del jueves el oficialismo lleg\u00f3 a un <strong>principio de acuerdo con la oposici\u00f3n<\/strong>&nbsp;luego de incorporar una serie de<strong> correcciones en los puntos m\u00e1s \u00e1lgidos del proyecto de Ley \u00d3mnibus que se debate en la C\u00e1mara de Diputados.<\/strong>\n<\/p>\n<p>Entre los cambios que plante\u00f3 la UCR para acompa\u00f1ar el dictamen del oficialismo, se encuentra la<strong> reducci\u00f3n de dos a un a\u00f1o de las facultades delegadas al Poder Ejecutivo<\/strong> con una mayor restricci\u00f3n de las emergencias declaradas y la<strong> implementaci\u00f3n de una nueva f\u00f3rmula de movilidad jubilatoria<\/strong> atada al \u00edndice de inflaci\u00f3n (o directamente el retiro de ese art\u00edculo para discutirlo despu\u00e9s en una norma aparte).\n<\/p>\n<p>Tambi\u00e9n se acord\u00f3 la <strong>quita de YPF del listado de<a href=\"https:\/\/puntoapunto.com.ar\/una-por-una-las-empresas-cordobesas-que-quiere-privatizar-milei\/\" target=\"_blank\" rel=\"noopener\"> empresas p\u00fablicas declaradas sujetas a privatizaci\u00f3n<\/a><\/strong>&nbsp;y la <strong>reducci\u00f3n a cero de los<a href=\"https:\/\/puntoapunto.com.ar\/llaryora-salio-a-bancar-al-agro-y-la-industria-le-pidio-a-diputados-no-votar-suba-de-retenciones\/\" target=\"_blank\" rel=\"noopener\"> derechos de exportaci\u00f3n<\/a> aplicados a las econom\u00edas regionales.<\/strong>\n<\/p>\n<p>La oposici\u00f3n le hab\u00eda pedido al Gobierno que tambi\u00e9n acepte<strong> acotar el abordaje de la iniciativa a los cap\u00edtulos vinculados a la emergencia econ\u00f3mica,<\/strong> pero en ese aspecto se mantuvo firme y dej\u00f3 en pie los cambios en Justicia, Educaci\u00f3n, Cultura, Ciencia, Salud e incluso la eliminaci\u00f3n de las PASO.\n<\/p>\n<p><img loading=\"lazy\" decoding=\"async\" alt width=\"655\" height=\"368\" data-sizes=\"(max-width: 655px) 100vw, 655px\" class=\"aligncenter wp-image-356179 size-full lazyload\" src=\"http:\/\/nuevacordoba.net\/wp-content\/uploads\/2024\/01\/milei-se-entusiasma-con-la-ley-omnibus-con-modificaciones-claves-el-gobierno-destraba-el-apoyo-opositor.jpg\" srcset=\"http:\/\/nuevacordoba.net\/wp-content\/uploads\/2024\/01\/milei-se-entusiasma-con-la-ley-omnibus-con-modificaciones-claves-el-gobierno-destraba-el-apoyo-opositor.jpg 655w, http:\/\/nuevacordoba.net\/wp-content\/uploads\/2024\/01\/milei-se-entusiasma-con-la-ley-omnibus-con-modificaciones-claves-el-gobierno-destraba-el-apoyo-opositor-2.jpg 300w\">\n<\/p>\n<p>El debate en el plenario de las comisiones de Legislaci\u00f3n General, Presupuesto y Asuntos Constitucionales continuar\u00e1 la semana que viene y tras la firma del dictamen <strong>se convocar\u00e1 al recinto para sesionar el jueves 25,<\/strong>&nbsp;un d\u00eda despu\u00e9s del paro y movilizaci\u00f3n del movimiento obrero y los movimientos sociales.\n<\/p>\n<p><strong>Los principales cambios en el proyecto<\/strong>\n<\/p>\n<p><strong>Delegaciones facultades<\/strong>: el Gobierno acept\u00f3 reducir de dos a\u00f1os (con posibilidad de otros dos a\u00f1os de pr\u00f3rroga) a un a\u00f1o. Se reducen las emergencias.\n<\/p>\n<p><strong>F\u00f3rmula de movilidad jubilatoria:&nbsp;<\/strong>la suspensi\u00f3n de la ley vigente sin un reemplazo como pretend\u00eda el men\u00fa qued\u00f3 fuera del men\u00fa. Quedaron en pie dos opciones. La primera es introducir una nueva f\u00f3rmula de movilidad indexada por el \u00cdndice de Precios al Consumidor (IPC), y que los haberes se actualicen seg\u00fan la inflaci\u00f3n del mes anterior. La otra opci\u00f3n es directamente retirar el art\u00edculo sobre la suspensi\u00f3n de la f\u00f3rmula de movilidad jubilatoria y postergar la discusi\u00f3n para m\u00e1s adelante, en una ley separada.\n<\/p>\n<p><strong>Retenciones:<\/strong>&nbsp;se mantiene el 33% de las retenciones a la soja, pero se reduce a cero los derechos de exportaci\u00f3n a las econom\u00edas regionales, que en el proyecto original se elevaban al 15%.\n<\/p>\n<p><strong>Privatizaciones:<\/strong>&nbsp;se mantiene el paquete de empresas p\u00fablicas sujetas a privatizaci\u00f3n pero se quita de la n\u00f3mina a YPF, que de esta forma continuar\u00e1 siendo una sociedad an\u00f3nima de propiedad mixta con participaci\u00f3n mayoritaria estatal. Se acord\u00f3 que ante cualquier privatizaci\u00f3n, el Gobierno debe enviar el pliego con los t\u00e9rminos y condiciones a una comisi\u00f3n bicameral del Congreso. Adem\u00e1s de YPF, la UCR, Hacemos Coalici\u00f3n Federal e Innovaci\u00f3n Federal quieren impedir que se privaticen el Banco Naci\u00f3n, ARSAT, YMAD y Nucleoel\u00e9ctrica.\n<\/p>\n<footer class=\"author-bio-section\">\n<p class=\"author-name\">Punto a Punto<\/p>\n<p class=\"author-image\"><img loading=\"lazy\" alt height=\"90\" width=\"90\" class=\"avatar avatar-90 photo lazyload\" src=\"http:\/\/nuevacordoba.net\/wp-content\/uploads\/2024\/01\/milei-se-entusiasma-con-la-ley-omnibus-con-modificaciones-claves-el-gobierno-destraba-el-apoyo-opositor-1.jpg\" srcset=\"http:\/\/nuevacordoba.net\/wp-content\/uploads\/2024\/01\/milei-se-entusiasma-con-la-ley-omnibus-con-modificaciones-claves-el-gobierno-destraba-el-apoyo-opositor-1.jpg 2x\"><\/p>\n<\/footer>\n<div class=\"g g-38\">\n<div class=\"g-dyn a-12 c-1\"><a class=\"gofollow\" data-track=\"MTIsMzgsMSw2MA==\" href=\"https:\/\/hospitalprivado.com.ar\/landing-trasplante.html\" target=\"_blank\" rel=\"noopener\"><img class=\"lazyload\" src=\"http:\/\/nuevacordoba.net\/wp-content\/uploads\/2024\/01\/milei-se-entusiasma-con-la-ley-omnibus-con-modificaciones-claves-el-gobierno-destraba-el-apoyo-opositor.gif\"><\/a><\/div>\n<\/div>\n","protected":false},"excerpt":{"rendered":"<p>&nbsp; El presidente Javier Milei regres\u00f3 al pa\u00eds luego de su viaje a la ciudad suiza de Davos para exponer en el Foro Econ\u00f3mico Mundial y se esperanza con la posibilidad de que el Congreso apruebe la Ley \u00d3mnibus. La llegada del l\u00edder libertario se dio en un marco de optimismo para La Libertad Avanza, [&hellip;]<\/p>\n","protected":false},"author":1,"featured_media":41113,"comment_status":"open","ping_status":"closed","sticky":false,"template":"","format":"standard","meta":[],"categories":[12,14],"tags":[],"_links":{"self":[{"href":"http:\/\/nuevacordoba.net\/index.php\/wp-json\/wp\/v2\/posts\/41112"}],"collection":[{"href":"http:\/\/nuevacordoba.net\/index.php\/wp-json\/wp\/v2\/posts"}],"about":[{"href":"http:\/\/nuevacordoba.net\/index.php\/wp-json\/wp\/v2\/types\/post"}],"author":[{"embeddable":true,"href":"http:\/\/nuevacordoba.net\/index.php\/wp-json\/wp\/v2\/users\/1"}],"replies":[{"embeddable":true,"href":"http:\/\/nuevacordoba.net\/index.php\/wp-json\/wp\/v2\/comments?post=41112"}],"version-history":[{"count":0,"href":"http:\/\/nuevacordoba.net\/index.php\/wp-json\/wp\/v2\/posts\/41112\/revisions"}],"wp:featuredmedia":[{"embeddable":true,"href":"http:\/\/nuevacordoba.net\/index.php\/wp-json\/wp\/v2\/media\/41113"}],"wp:attachment":[{"href":"http:\/\/nuevacordoba.net\/index.php\/wp-json\/wp\/v2\/media?parent=41112"}],"wp:term":[{"taxonomy":"category","embeddable":true,"href":"http:\/\/nuevacordoba.net\/index.php\/wp-json\/wp\/v2\/categories?post=41112"},{"taxonomy":"post_tag","embeddable":true,"href":"http:\/\/nuevacordoba.net\/index.php\/wp-json\/wp\/v2\/tags?post=41112"}],"curies":[{"name":"wp","href":"https:\/\/api.w.org\/{rel}","templated":true}]}}