{"id":4138,"date":"2021-05-06T11:40:40","date_gmt":"2021-05-06T11:40:40","guid":{"rendered":"http:\/\/nuevacordoba.net\/index.php\/2021\/05\/06\/charly-garcia-recibio-la-primera-dosis-de-la-vacuna-sputnik-v\/"},"modified":"2021-05-06T11:40:40","modified_gmt":"2021-05-06T11:40:40","slug":"charly-garcia-recibio-la-primera-dosis-de-la-vacuna-sputnik-v","status":"publish","type":"post","link":"http:\/\/nuevacordoba.net\/index.php\/2021\/05\/06\/charly-garcia-recibio-la-primera-dosis-de-la-vacuna-sputnik-v\/","title":{"rendered":"Charly Garc\u00eda recibi\u00f3 la primera dosis de la vacuna Sputnik V"},"content":{"rendered":"<div class=\"image\" id=\"image\" readability=\"7\"> <img src=\"http:\/\/nuevacordoba.net\/wp-content\/uploads\/2021\/05\/charly-garcia-recibio-la-primera-dosis-de-la-vacuna-sputnik-v.jpg\" alt=\"Charly recibi\u00f3 la primera dosis de la Sputnik V.\" title=\"Charly recibi\u00f3 la primera dosis de la Sputnik V.\"><\/p>\n<p>Charly recibi\u00f3 la primera dosis de la Sputnik V.<\/p>\n<\/div>\n<p>El m\u00fasico Charly Garc\u00eda recibi\u00f3 d\u00edas atr\u00e1s y a sus 69 a\u00f1os la primera dosis de la vacuna Sputnik V contra el coronavirus, seg\u00fan confirm\u00f3 su entorno a T\u00e9lam.<\/p>\n<p>La noticia tom\u00f3 trascendencia a ra\u00edz de un mensaje publicado en la cuenta oficial de Twitter de la vacuna producida por el instituto ruso Gamaleya, en la que celebraron que el \u00edcono del rock nacional se haya inoculado.<\/p>\n<p><strong>El tuit de la Sputnik V comparti\u00f3 \u00absu magia\u00bb con un video de la canci\u00f3n \u00abHablando a tu coraz\u00f3n\u00bb<\/strong>, perteneciente al \u00e1lbum de 1986 \u00abTango\u00bb, el primero que Garc\u00eda grab\u00f3 en conjunto con el cantante y multiinstrumentista Pedro Aznar, con quien comparti\u00f3 formaci\u00f3n en Ser\u00fa Gir\u00e1n.<\/p>\n<p>El 30 de mayo del a\u00f1o pasado, el m\u00fasico hab\u00eda sido internado en el Instituto Argentino del Diagn\u00f3stico de la Ciudad por un cuadro febril alto y s\u00edntomas respiratorios, pero a trav\u00e9s del correspondiente hisopado y los dem\u00e1s ex\u00e1menes que le realizaron los m\u00e9dicos se estableci\u00f3 r\u00e1pidamente que no se trataba de Covid-19.<\/p>\n<p>Uno m\u00e1s en la lista de m\u00fasicos vacunados<\/p>\n<p>Ahora, <strong>el nombre de Charly se suma a la lista que confecciona el periodista Maxi Martina en su \u00abRegistro No Oficial de Rockerxs Vacunadxs\u00bb<\/strong>, en el que ya se encuentran figuras del \u00e1mbito nacional como el Indio Solari, el bajista Vitico; Willy Quiroga, miembro fundador de Vox Dei; y el bajista Alejandro Medina, integrante de Manal.<\/p>\n<p>Tambi\u00e9n aparecen en el registro las cantautoras Marilina Ross y Teresa Parodi, el guitarrista Ciro Fogliatta; el \u00abZurdo\u00bb Roizner, actual baterista de Kevin Johansen; y Juan Carlos \u00abBlack\u00bb Amaya y Carlos \u00abMachi\u00bb Rufino, compa\u00f1eros de Luis Alberto Spinetta en Pescado Rabioso e Invisible, respectivamente.<\/p>\n<p>Otros argentinos ligados al mundo musical que ya recibieron la vacuna contra la Covid-19 son el letrista Pipo Lernoud, el tecladista Leo Sujatovich; \u00abLa Mona\u00bb Jim\u00e9ne, Billy Bond (quien lo hizo en Brasil) y el m\u00fasico y compositor Lito Nebbia.<\/p>\n<p>En el plano internacional, quienes confeccionan el registro confirmaron que los m\u00fasicos Paul McCartney, Neil Young, Brian Wilson, Patti Smith y el baterista brasile\u00f1o Rolando Castello Junior ya fueron inoculados. <\/p>\n","protected":false},"excerpt":{"rendered":"<p>Charly recibi\u00f3 la primera dosis de la Sputnik V. El m\u00fasico Charly Garc\u00eda recibi\u00f3 d\u00edas atr\u00e1s y a sus 69 a\u00f1os la primera dosis de la vacuna Sputnik V contra el coronavirus, seg\u00fan confirm\u00f3 su entorno a T\u00e9lam. La noticia tom\u00f3 trascendencia a ra\u00edz de un mensaje publicado en la cuenta oficial de Twitter de [&hellip;]<\/p>\n","protected":false},"author":1,"featured_media":4139,"comment_status":"closed","ping_status":"closed","sticky":false,"template":"","format":"standard","meta":[],"categories":[9],"tags":[],"_links":{"self":[{"href":"http:\/\/nuevacordoba.net\/index.php\/wp-json\/wp\/v2\/posts\/4138"}],"collection":[{"href":"http:\/\/nuevacordoba.net\/index.php\/wp-json\/wp\/v2\/posts"}],"about":[{"href":"http:\/\/nuevacordoba.net\/index.php\/wp-json\/wp\/v2\/types\/post"}],"author":[{"embeddable":true,"href":"http:\/\/nuevacordoba.net\/index.php\/wp-json\/wp\/v2\/users\/1"}],"replies":[{"embeddable":true,"href":"http:\/\/nuevacordoba.net\/index.php\/wp-json\/wp\/v2\/comments?post=4138"}],"version-history":[{"count":0,"href":"http:\/\/nuevacordoba.net\/index.php\/wp-json\/wp\/v2\/posts\/4138\/revisions"}],"wp:featuredmedia":[{"embeddable":true,"href":"http:\/\/nuevacordoba.net\/index.php\/wp-json\/wp\/v2\/media\/4139"}],"wp:attachment":[{"href":"http:\/\/nuevacordoba.net\/index.php\/wp-json\/wp\/v2\/media?parent=4138"}],"wp:term":[{"taxonomy":"category","embeddable":true,"href":"http:\/\/nuevacordoba.net\/index.php\/wp-json\/wp\/v2\/categories?post=4138"},{"taxonomy":"post_tag","embeddable":true,"href":"http:\/\/nuevacordoba.net\/index.php\/wp-json\/wp\/v2\/tags?post=4138"}],"curies":[{"name":"wp","href":"https:\/\/api.w.org\/{rel}","templated":true}]}}